{"id":832,"date":"2023-10-10T09:07:19","date_gmt":"2023-10-10T13:07:19","guid":{"rendered":"https:\/\/sef-cpan.ufms.br\/viii\/?p=832"},"modified":"2023-10-16T15:57:44","modified_gmt":"2023-10-16T19:57:44","slug":"divulgacao-de-fotos-viii-seminario-internacional-de-estudos-fronteiricos-%f0%9f%8c%8f","status":"publish","type":"post","link":"https:\/\/sef-cpan.ufms.br\/viii\/divulgacao-de-fotos-viii-seminario-internacional-de-estudos-fronteiricos-%f0%9f%8c%8f\/","title":{"rendered":"Divulga\u00e7\u00e3o de Fotos: VIII Semin\u00e1rio Internacional de Estudos Fronteiri\u00e7os \ud83c\udf0f"},"content":{"rendered":"<p style=\"text-align: justify;\">Nos dias 25, 26, 27 e 28 de setembro de 2023 foi realizado no C\u00e2mpus do Pantanal, da Universidade Federal do Mato Grosso do Sul, a oitava edi\u00e7\u00e3o do Semin\u00e1rio Internacional de Estudos Fronteiri\u00e7os (VIII SEF), evento bianual realizado pelo Mestrado em Estudos Fronteiri\u00e7os em parceria com diversas institui\u00e7\u00f5es, entre elas a Asociaci\u00f3n Latinoamericana y Caribe\u00f1a de Estudios Fronterizos (ALEF), o Grupo Retis, a Unbral Fronteiras, a Universidade Federal da Grande Dourados, o Instituto de Estudios Internacionales, da Universidade Arturo Prat &#8211; Chile, e da Association for Borderlands Studies (ABS). O VIII SEF tamb\u00e9m contou com o apoio da Capes e da Fundect para a sua exitosa realiza\u00e7\u00e3o.<\/p>\n<p style=\"text-align: justify;\">O evento enriquecedor reuniu pesquisadores renomados do mundo todo para discutir quest\u00f5es cruciais relacionadas \u00e0s fronteiras. As mesas tem\u00e1ticas exploraram \u00e1reas como turismo, migra\u00e7\u00e3o, banco de dados, pol\u00edticas p\u00fablicas e desenvolvimento da faixa de fronteira.<\/p>\n<p style=\"text-align: justify;\">Apesar do imprevisto ataque hacker e a derrubada dos sistemas da UFMS, a programa\u00e7\u00e3o e todo o planejamento em volta do semin\u00e1rio seguiram normalmente, e contaram com um p\u00fablico diverso de estudantes da gradua\u00e7\u00e3o e da p\u00f3s-gradua\u00e7\u00e3o, bem como pesquisadores e profissionais das mais diversas \u00e1reas. Pode-se dizer que o objetivo do evento foi alcan\u00e7ado: ao longo dos dias a troca de di\u00e1logo e as intera\u00e7\u00f5es entre os participantes possibilitaram a discuss\u00e3o e o levantamento de in\u00fameros temas contempor\u00e2neos relacionados \u00e0 fronteira, e que precisam ter cada vez mais destaque.\u00a0<\/p>\n<p style=\"text-align: justify;\">Sobre o primeiro dia do evento (25\/09), logo na parte da manh\u00e3, a equipe de apoio realizou o credenciamento dos participantes inscritos e dos n\u00e3o inscritos, estes que realizaram a inscri\u00e7\u00e3o e o pagamento da taxa no local. Todos receberam uma Ecobag personalizada do evento, bem como um caderno da UFMS e uma caneta, para que pudessem fazer apontamentos de informa\u00e7\u00f5es que considerassem pertinentes.\u00a0<\/p>\n<p><img loading=\"lazy\" decoding=\"async\" class=\"size-medium wp-image-836 aligncenter\" src=\"https:\/\/sef-cpan.ufms.br\/viii\/wp-content\/uploads\/sites\/5\/2023\/10\/WhatsApp-Image-2023-10-09-at-09.05.03-300x225.jpeg\" alt=\"\" width=\"300\" height=\"225\" srcset=\"https:\/\/sef-cpan.ufms.br\/viii\/wp-content\/uploads\/sites\/5\/2023\/10\/WhatsApp-Image-2023-10-09-at-09.05.03-300x225.jpeg 300w, https:\/\/sef-cpan.ufms.br\/viii\/wp-content\/uploads\/sites\/5\/2023\/10\/WhatsApp-Image-2023-10-09-at-09.05.03-1024x768.jpeg 1024w, https:\/\/sef-cpan.ufms.br\/viii\/wp-content\/uploads\/sites\/5\/2023\/10\/WhatsApp-Image-2023-10-09-at-09.05.03-768x576.jpeg 768w, https:\/\/sef-cpan.ufms.br\/viii\/wp-content\/uploads\/sites\/5\/2023\/10\/WhatsApp-Image-2023-10-09-at-09.05.03-1536x1152.jpeg 1536w, https:\/\/sef-cpan.ufms.br\/viii\/wp-content\/uploads\/sites\/5\/2023\/10\/WhatsApp-Image-2023-10-09-at-09.05.03.jpeg 1600w\" sizes=\"(max-width: 300px) 100vw, 300px\" \/><\/p>\n<p style=\"text-align: justify;\">A palestra de abertura se deu por conta da mesa &#8220;Turismo e interc\u00e2mbio cultural nas fronteiras&#8221;, \u00e0s 15h, sendo composta pelos pesquisadores: Milton Mariani (UFMS), Lucilene Machado (UFMS), Arturo Lomel\u00ed Gonz\u00e1lez (Universidad Aut\u00f3noma de Chiapas, M\u00e9xico) e Ant\u00f4nio Carlos Castrogiovanni, (UFRGS). Ap\u00f3s a exposi\u00e7\u00e3o do tema, ocorreu um r\u00e1pido intervalo, para em seguida o espet\u00e1culo do Pai Hamilton encantar os participantes presentes na solenidade de abertura, ao som dos atabaques e dos c\u00e2nticos.\u00a0<\/p>\n<p><img loading=\"lazy\" decoding=\"async\" class=\"alignnone size-medium wp-image-837\" src=\"https:\/\/sef-cpan.ufms.br\/viii\/wp-content\/uploads\/sites\/5\/2023\/10\/DSCN7565-300x225.jpg\" alt=\"\" width=\"300\" height=\"225\" srcset=\"https:\/\/sef-cpan.ufms.br\/viii\/wp-content\/uploads\/sites\/5\/2023\/10\/DSCN7565-300x225.jpg 300w, https:\/\/sef-cpan.ufms.br\/viii\/wp-content\/uploads\/sites\/5\/2023\/10\/DSCN7565-1024x768.jpg 1024w, https:\/\/sef-cpan.ufms.br\/viii\/wp-content\/uploads\/sites\/5\/2023\/10\/DSCN7565-768x576.jpg 768w, https:\/\/sef-cpan.ufms.br\/viii\/wp-content\/uploads\/sites\/5\/2023\/10\/DSCN7565-1536x1152.jpg 1536w, https:\/\/sef-cpan.ufms.br\/viii\/wp-content\/uploads\/sites\/5\/2023\/10\/DSCN7565-2048x1536.jpg 2048w\" sizes=\"(max-width: 300px) 100vw, 300px\" \/> <img loading=\"lazy\" decoding=\"async\" class=\"alignnone size-medium wp-image-838\" src=\"https:\/\/sef-cpan.ufms.br\/viii\/wp-content\/uploads\/sites\/5\/2023\/10\/DSCN7588-300x225.jpg\" alt=\"\" width=\"300\" height=\"225\" srcset=\"https:\/\/sef-cpan.ufms.br\/viii\/wp-content\/uploads\/sites\/5\/2023\/10\/DSCN7588-300x225.jpg 300w, https:\/\/sef-cpan.ufms.br\/viii\/wp-content\/uploads\/sites\/5\/2023\/10\/DSCN7588-1024x768.jpg 1024w, https:\/\/sef-cpan.ufms.br\/viii\/wp-content\/uploads\/sites\/5\/2023\/10\/DSCN7588-768x576.jpg 768w, https:\/\/sef-cpan.ufms.br\/viii\/wp-content\/uploads\/sites\/5\/2023\/10\/DSCN7588-1536x1152.jpg 1536w, https:\/\/sef-cpan.ufms.br\/viii\/wp-content\/uploads\/sites\/5\/2023\/10\/DSCN7588-2048x1536.jpg 2048w\" sizes=\"(max-width: 300px) 100vw, 300px\" \/><\/p>\n<p style=\"text-align: justify;\">Por fim, o primeiro dia do semin\u00e1rio foi encerrado com chave de ouro pela mesa &#8220;Migra\u00e7\u00f5es nas fronteiras&#8221;, tendo como componentes os pesquisadores Marco Aur\u00e9lio Machado de Oliveira(UFMS) &#8211; debatedor,\u00a0Eric Cardin (UNIOESTE),\u00a0Zuila Guimar\u00e3es Cova dos Santos (UNIR) e\u00a0Patr\u00edcia Teixeira Tavano (UFMS). Ap\u00f3s o t\u00e9rmino das apresenta\u00e7\u00f5es, os participantes puderam disfrutar de um delicioso coffee break organizado pela equipe de apoio.\u00a0<\/p>\n<p><img loading=\"lazy\" decoding=\"async\" class=\"alignnone size-medium wp-image-840\" src=\"https:\/\/sef-cpan.ufms.br\/viii\/wp-content\/uploads\/sites\/5\/2023\/10\/DSCN7745-300x225.jpg\" alt=\"\" width=\"300\" height=\"225\" srcset=\"https:\/\/sef-cpan.ufms.br\/viii\/wp-content\/uploads\/sites\/5\/2023\/10\/DSCN7745-300x225.jpg 300w, https:\/\/sef-cpan.ufms.br\/viii\/wp-content\/uploads\/sites\/5\/2023\/10\/DSCN7745-1024x768.jpg 1024w, https:\/\/sef-cpan.ufms.br\/viii\/wp-content\/uploads\/sites\/5\/2023\/10\/DSCN7745-768x576.jpg 768w, https:\/\/sef-cpan.ufms.br\/viii\/wp-content\/uploads\/sites\/5\/2023\/10\/DSCN7745-1536x1152.jpg 1536w, https:\/\/sef-cpan.ufms.br\/viii\/wp-content\/uploads\/sites\/5\/2023\/10\/DSCN7745-2048x1536.jpg 2048w\" sizes=\"(max-width: 300px) 100vw, 300px\" \/> <img loading=\"lazy\" decoding=\"async\" class=\"alignnone size-medium wp-image-841\" src=\"https:\/\/sef-cpan.ufms.br\/viii\/wp-content\/uploads\/sites\/5\/2023\/10\/DSCN7755-300x225.jpg\" alt=\"\" width=\"300\" height=\"225\" srcset=\"https:\/\/sef-cpan.ufms.br\/viii\/wp-content\/uploads\/sites\/5\/2023\/10\/DSCN7755-300x225.jpg 300w, https:\/\/sef-cpan.ufms.br\/viii\/wp-content\/uploads\/sites\/5\/2023\/10\/DSCN7755-1024x768.jpg 1024w, https:\/\/sef-cpan.ufms.br\/viii\/wp-content\/uploads\/sites\/5\/2023\/10\/DSCN7755-768x576.jpg 768w, https:\/\/sef-cpan.ufms.br\/viii\/wp-content\/uploads\/sites\/5\/2023\/10\/DSCN7755-1536x1152.jpg 1536w, https:\/\/sef-cpan.ufms.br\/viii\/wp-content\/uploads\/sites\/5\/2023\/10\/DSCN7755-2048x1536.jpg 2048w\" sizes=\"(max-width: 300px) 100vw, 300px\" \/><\/p>\n<p>O jornalista Ahmad Schabib Hany esteve presente para prestigiar o VIII Semin\u00e1rio Internacional de Estudos Fronteiri\u00e7os, e escreveu suas considera\u00e7\u00f5es ao participar do evento em uma cr\u00f4nica muito interessante. Para conferir, acesse: <a href=\"https:\/\/www.correiodecorumbapantanal.com.br\/colunistas\/ahmad-schabib-hany\/evento-alvissareiro\">https:\/\/www.correiodecorumbapantanal.com.br\/colunistas\/ahmad-schabib-hany\/evento-alvissareiro<\/a><\/p>\n<p style=\"text-align: justify;\">Cada momento do VIII SEF foi cuidadosamente registrado, e agora \u00e9 o momento de compartilhar essa experi\u00eancia visual com todos. As fotos capturam a ess\u00eancia e o esp\u00edrito colaborativo desse encontro.<\/p>\n<p style=\"text-align: justify;\">Confira as imagens do VIII Semin\u00e1rio Internacional de Estudos Fronteiri\u00e7os acessando a pasta no Google Drive atrav\u00e9s do link abaixo: \ud83d\udd17 <a href=\"https:\/\/drive.google.com\/drive\/folders\/13xE1Yc5Y0_fJhJkXbmnoDTEk6I2uYmCp?usp=drive_link\" target=\"_new\" rel=\"noopener\">Visualize as Fotos Aqui<\/a><\/p>\n<p style=\"text-align: justify;\">N\u00e3o perca a oportunidade de reviver os momentos inspiradores e significativos deste evento \u00fanico. Acesse as fotos e compartilhe essa experi\u00eancia valiosa com sua rede!<\/p>\n<p>#Fronteiras #Semin\u00e1rioInternacional #EstudosFronteiri\u00e7os #Pesquisa #Desenvolvimento #Compartilhe<\/p>\n\n\n<p><\/p>\n\n\n\n<p><\/p>\n","protected":false},"excerpt":{"rendered":"<p>Nos dias 25, 26, 27 e 28 de setembro de 2023 foi realizado no C\u00e2mpus do Pantanal, da Universidade Federal do Mato Grosso do Sul, a oitava edi\u00e7\u00e3o do Semin\u00e1rio Internacional de Estudos Fronteiri\u00e7os (VIII SEF),<a class=\"moretag\" href=\"https:\/\/sef-cpan.ufms.br\/viii\/divulgacao-de-fotos-viii-seminario-internacional-de-estudos-fronteiricos-%f0%9f%8c%8f\/\">Read More&#8230;<\/a><\/p>\n","protected":false},"author":2,"featured_media":0,"comment_status":"open","ping_status":"open","sticky":false,"template":"","format":"standard","meta":{"footnotes":""},"categories":[9],"tags":[],"yoast_head":"<!-- This site is optimized with the Yoast SEO plugin v23.1 - https:\/\/yoast.com\/wordpress\/plugins\/seo\/ -->\n<title>Divulga\u00e7\u00e3o de Fotos: VIII Semin\u00e1rio Internacional de Estudos Fronteiri\u00e7os \ud83c\udf0f - VIII Semin\u00e1rio Internacional de Estudos Fronteiri\u00e7os - 2023<\/title>\n<meta name=\"robots\" content=\"index, follow, max-snippet:-1, max-image-preview:large, max-video-preview:-1\" \/>\n<link rel=\"canonical\" href=\"https:\/\/sef-cpan.ufms.br\/viii\/divulgacao-de-fotos-viii-seminario-internacional-de-estudos-fronteiricos-\ud83c\udf0f\/\" \/>\n<meta property=\"og:locale\" content=\"pt_BR\" \/>\n<meta property=\"og:type\" content=\"article\" \/>\n<meta property=\"og:title\" content=\"Divulga\u00e7\u00e3o de Fotos: VIII Semin\u00e1rio Internacional de Estudos Fronteiri\u00e7os \ud83c\udf0f - VIII Semin\u00e1rio Internacional de Estudos Fronteiri\u00e7os - 2023\" \/>\n<meta property=\"og:description\" content=\"Nos dias 25, 26, 27 e 28 de setembro de 2023 foi realizado no C\u00e2mpus do Pantanal, da Universidade Federal do Mato Grosso do Sul, a oitava edi\u00e7\u00e3o do Semin\u00e1rio Internacional de Estudos Fronteiri\u00e7os (VIII SEF),Read More...\" \/>\n<meta property=\"og:url\" content=\"https:\/\/sef-cpan.ufms.br\/viii\/divulgacao-de-fotos-viii-seminario-internacional-de-estudos-fronteiricos-\ud83c\udf0f\/\" \/>\n<meta property=\"og:site_name\" content=\"VIII Semin\u00e1rio Internacional de Estudos Fronteiri\u00e7os - 2023\" \/>\n<meta property=\"article:published_time\" content=\"2023-10-10T13:07:19+00:00\" \/>\n<meta property=\"article:modified_time\" content=\"2023-10-16T19:57:44+00:00\" \/>\n<meta property=\"og:image\" content=\"https:\/\/sef-cpan.ufms.br\/viii\/wp-content\/uploads\/sites\/5\/2023\/10\/WhatsApp-Image-2023-10-09-at-09.05.03-300x225.jpeg\" \/>\n<meta name=\"author\" content=\"edgar\" \/>\n<meta name=\"twitter:card\" content=\"summary_large_image\" \/>\n<meta name=\"twitter:label1\" content=\"Escrito por\" \/>\n\t<meta name=\"twitter:data1\" content=\"edgar\" \/>\n\t<meta name=\"twitter:label2\" content=\"Est. tempo de leitura\" \/>\n\t<meta name=\"twitter:data2\" content=\"3 minutos\" \/>\n<script type=\"application\/ld+json\" class=\"yoast-schema-graph\">{\"@context\":\"https:\/\/schema.org\",\"@graph\":[{\"@type\":\"WebPage\",\"@id\":\"https:\/\/sef-cpan.ufms.br\/viii\/divulgacao-de-fotos-viii-seminario-internacional-de-estudos-fronteiricos-%f0%9f%8c%8f\/\",\"url\":\"https:\/\/sef-cpan.ufms.br\/viii\/divulgacao-de-fotos-viii-seminario-internacional-de-estudos-fronteiricos-%f0%9f%8c%8f\/\",\"name\":\"Divulga\u00e7\u00e3o de Fotos: VIII Semin\u00e1rio Internacional de Estudos Fronteiri\u00e7os \ud83c\udf0f - VIII Semin\u00e1rio Internacional de Estudos Fronteiri\u00e7os - 2023\",\"isPartOf\":{\"@id\":\"https:\/\/sef-cpan.ufms.br\/viii\/#website\"},\"primaryImageOfPage\":{\"@id\":\"https:\/\/sef-cpan.ufms.br\/viii\/divulgacao-de-fotos-viii-seminario-internacional-de-estudos-fronteiricos-%f0%9f%8c%8f\/#primaryimage\"},\"image\":{\"@id\":\"https:\/\/sef-cpan.ufms.br\/viii\/divulgacao-de-fotos-viii-seminario-internacional-de-estudos-fronteiricos-%f0%9f%8c%8f\/#primaryimage\"},\"thumbnailUrl\":\"https:\/\/sef-cpan.ufms.br\/viii\/wp-content\/uploads\/sites\/5\/2023\/10\/WhatsApp-Image-2023-10-09-at-09.05.03-300x225.jpeg\",\"datePublished\":\"2023-10-10T13:07:19+00:00\",\"dateModified\":\"2023-10-16T19:57:44+00:00\",\"author\":{\"@id\":\"https:\/\/sef-cpan.ufms.br\/viii\/#\/schema\/person\/7db94e0ce7a5573e04d47c6e5dad2ce0\"},\"breadcrumb\":{\"@id\":\"https:\/\/sef-cpan.ufms.br\/viii\/divulgacao-de-fotos-viii-seminario-internacional-de-estudos-fronteiricos-%f0%9f%8c%8f\/#breadcrumb\"},\"inLanguage\":\"pt-BR\",\"potentialAction\":[{\"@type\":\"ReadAction\",\"target\":[\"https:\/\/sef-cpan.ufms.br\/viii\/divulgacao-de-fotos-viii-seminario-internacional-de-estudos-fronteiricos-%f0%9f%8c%8f\/\"]}]},{\"@type\":\"ImageObject\",\"inLanguage\":\"pt-BR\",\"@id\":\"https:\/\/sef-cpan.ufms.br\/viii\/divulgacao-de-fotos-viii-seminario-internacional-de-estudos-fronteiricos-%f0%9f%8c%8f\/#primaryimage\",\"url\":\"https:\/\/sef-cpan.ufms.br\/viii\/wp-content\/uploads\/sites\/5\/2023\/10\/WhatsApp-Image-2023-10-09-at-09.05.03-300x225.jpeg\",\"contentUrl\":\"https:\/\/sef-cpan.ufms.br\/viii\/wp-content\/uploads\/sites\/5\/2023\/10\/WhatsApp-Image-2023-10-09-at-09.05.03-300x225.jpeg\"},{\"@type\":\"BreadcrumbList\",\"@id\":\"https:\/\/sef-cpan.ufms.br\/viii\/divulgacao-de-fotos-viii-seminario-internacional-de-estudos-fronteiricos-%f0%9f%8c%8f\/#breadcrumb\",\"itemListElement\":[{\"@type\":\"ListItem\",\"position\":1,\"name\":\"In\u00edcio\",\"item\":\"https:\/\/sef-cpan.ufms.br\/viii\/\"},{\"@type\":\"ListItem\",\"position\":2,\"name\":\"Divulga\u00e7\u00e3o de Fotos: VIII Semin\u00e1rio Internacional de Estudos Fronteiri\u00e7os \ud83c\udf0f\"}]},{\"@type\":\"WebSite\",\"@id\":\"https:\/\/sef-cpan.ufms.br\/viii\/#website\",\"url\":\"https:\/\/sef-cpan.ufms.br\/viii\/\",\"name\":\"VIII Semin\u00e1rio Internacional de Estudos Fronteiri\u00e7os - 2023\",\"description\":\"Funda\u00e7\u00e3o Universidade Federal de Mato Grosso do Sul - C\u00e2mpus do Pantanal\",\"potentialAction\":[{\"@type\":\"SearchAction\",\"target\":{\"@type\":\"EntryPoint\",\"urlTemplate\":\"https:\/\/sef-cpan.ufms.br\/viii\/?s={search_term_string}\"},\"query-input\":\"required name=search_term_string\"}],\"inLanguage\":\"pt-BR\"},{\"@type\":\"Person\",\"@id\":\"https:\/\/sef-cpan.ufms.br\/viii\/#\/schema\/person\/7db94e0ce7a5573e04d47c6e5dad2ce0\",\"name\":\"edgar\",\"image\":{\"@type\":\"ImageObject\",\"inLanguage\":\"pt-BR\",\"@id\":\"https:\/\/sef-cpan.ufms.br\/viii\/#\/schema\/person\/image\/\",\"url\":\"https:\/\/secure.gravatar.com\/avatar\/a80fa43b2cc43d0b3e64153798c20848?s=96&d=mm&r=g\",\"contentUrl\":\"https:\/\/secure.gravatar.com\/avatar\/a80fa43b2cc43d0b3e64153798c20848?s=96&d=mm&r=g\",\"caption\":\"edgar\"},\"url\":\"https:\/\/sef-cpan.ufms.br\/viii\/author\/edgar\/\"}]}<\/script>\n<!-- \/ Yoast SEO plugin. -->","yoast_head_json":{"title":"Divulga\u00e7\u00e3o de Fotos: VIII Semin\u00e1rio Internacional de Estudos Fronteiri\u00e7os \ud83c\udf0f - VIII Semin\u00e1rio Internacional de Estudos Fronteiri\u00e7os - 2023","robots":{"index":"index","follow":"follow","max-snippet":"max-snippet:-1","max-image-preview":"max-image-preview:large","max-video-preview":"max-video-preview:-1"},"canonical":"https:\/\/sef-cpan.ufms.br\/viii\/divulgacao-de-fotos-viii-seminario-internacional-de-estudos-fronteiricos-\ud83c\udf0f\/","og_locale":"pt_BR","og_type":"article","og_title":"Divulga\u00e7\u00e3o de Fotos: VIII Semin\u00e1rio Internacional de Estudos Fronteiri\u00e7os \ud83c\udf0f - VIII Semin\u00e1rio Internacional de Estudos Fronteiri\u00e7os - 2023","og_description":"Nos dias 25, 26, 27 e 28 de setembro de 2023 foi realizado no C\u00e2mpus do Pantanal, da Universidade Federal do Mato Grosso do Sul, a oitava edi\u00e7\u00e3o do Semin\u00e1rio Internacional de Estudos Fronteiri\u00e7os (VIII SEF),Read More...","og_url":"https:\/\/sef-cpan.ufms.br\/viii\/divulgacao-de-fotos-viii-seminario-internacional-de-estudos-fronteiricos-\ud83c\udf0f\/","og_site_name":"VIII Semin\u00e1rio Internacional de Estudos Fronteiri\u00e7os - 2023","article_published_time":"2023-10-10T13:07:19+00:00","article_modified_time":"2023-10-16T19:57:44+00:00","og_image":[{"url":"https:\/\/sef-cpan.ufms.br\/viii\/wp-content\/uploads\/sites\/5\/2023\/10\/WhatsApp-Image-2023-10-09-at-09.05.03-300x225.jpeg"}],"author":"edgar","twitter_card":"summary_large_image","twitter_misc":{"Escrito por":"edgar","Est. tempo de leitura":"3 minutos"},"schema":{"@context":"https:\/\/schema.org","@graph":[{"@type":"WebPage","@id":"https:\/\/sef-cpan.ufms.br\/viii\/divulgacao-de-fotos-viii-seminario-internacional-de-estudos-fronteiricos-%f0%9f%8c%8f\/","url":"https:\/\/sef-cpan.ufms.br\/viii\/divulgacao-de-fotos-viii-seminario-internacional-de-estudos-fronteiricos-%f0%9f%8c%8f\/","name":"Divulga\u00e7\u00e3o de Fotos: VIII Semin\u00e1rio Internacional de Estudos Fronteiri\u00e7os \ud83c\udf0f - VIII Semin\u00e1rio Internacional de Estudos Fronteiri\u00e7os - 2023","isPartOf":{"@id":"https:\/\/sef-cpan.ufms.br\/viii\/#website"},"primaryImageOfPage":{"@id":"https:\/\/sef-cpan.ufms.br\/viii\/divulgacao-de-fotos-viii-seminario-internacional-de-estudos-fronteiricos-%f0%9f%8c%8f\/#primaryimage"},"image":{"@id":"https:\/\/sef-cpan.ufms.br\/viii\/divulgacao-de-fotos-viii-seminario-internacional-de-estudos-fronteiricos-%f0%9f%8c%8f\/#primaryimage"},"thumbnailUrl":"https:\/\/sef-cpan.ufms.br\/viii\/wp-content\/uploads\/sites\/5\/2023\/10\/WhatsApp-Image-2023-10-09-at-09.05.03-300x225.jpeg","datePublished":"2023-10-10T13:07:19+00:00","dateModified":"2023-10-16T19:57:44+00:00","author":{"@id":"https:\/\/sef-cpan.ufms.br\/viii\/#\/schema\/person\/7db94e0ce7a5573e04d47c6e5dad2ce0"},"breadcrumb":{"@id":"https:\/\/sef-cpan.ufms.br\/viii\/divulgacao-de-fotos-viii-seminario-internacional-de-estudos-fronteiricos-%f0%9f%8c%8f\/#breadcrumb"},"inLanguage":"pt-BR","potentialAction":[{"@type":"ReadAction","target":["https:\/\/sef-cpan.ufms.br\/viii\/divulgacao-de-fotos-viii-seminario-internacional-de-estudos-fronteiricos-%f0%9f%8c%8f\/"]}]},{"@type":"ImageObject","inLanguage":"pt-BR","@id":"https:\/\/sef-cpan.ufms.br\/viii\/divulgacao-de-fotos-viii-seminario-internacional-de-estudos-fronteiricos-%f0%9f%8c%8f\/#primaryimage","url":"https:\/\/sef-cpan.ufms.br\/viii\/wp-content\/uploads\/sites\/5\/2023\/10\/WhatsApp-Image-2023-10-09-at-09.05.03-300x225.jpeg","contentUrl":"https:\/\/sef-cpan.ufms.br\/viii\/wp-content\/uploads\/sites\/5\/2023\/10\/WhatsApp-Image-2023-10-09-at-09.05.03-300x225.jpeg"},{"@type":"BreadcrumbList","@id":"https:\/\/sef-cpan.ufms.br\/viii\/divulgacao-de-fotos-viii-seminario-internacional-de-estudos-fronteiricos-%f0%9f%8c%8f\/#breadcrumb","itemListElement":[{"@type":"ListItem","position":1,"name":"In\u00edcio","item":"https:\/\/sef-cpan.ufms.br\/viii\/"},{"@type":"ListItem","position":2,"name":"Divulga\u00e7\u00e3o de Fotos: VIII Semin\u00e1rio Internacional de Estudos Fronteiri\u00e7os \ud83c\udf0f"}]},{"@type":"WebSite","@id":"https:\/\/sef-cpan.ufms.br\/viii\/#website","url":"https:\/\/sef-cpan.ufms.br\/viii\/","name":"VIII Semin\u00e1rio Internacional de Estudos Fronteiri\u00e7os - 2023","description":"Funda\u00e7\u00e3o Universidade Federal de Mato Grosso do Sul - C\u00e2mpus do Pantanal","potentialAction":[{"@type":"SearchAction","target":{"@type":"EntryPoint","urlTemplate":"https:\/\/sef-cpan.ufms.br\/viii\/?s={search_term_string}"},"query-input":"required name=search_term_string"}],"inLanguage":"pt-BR"},{"@type":"Person","@id":"https:\/\/sef-cpan.ufms.br\/viii\/#\/schema\/person\/7db94e0ce7a5573e04d47c6e5dad2ce0","name":"edgar","image":{"@type":"ImageObject","inLanguage":"pt-BR","@id":"https:\/\/sef-cpan.ufms.br\/viii\/#\/schema\/person\/image\/","url":"https:\/\/secure.gravatar.com\/avatar\/a80fa43b2cc43d0b3e64153798c20848?s=96&d=mm&r=g","contentUrl":"https:\/\/secure.gravatar.com\/avatar\/a80fa43b2cc43d0b3e64153798c20848?s=96&d=mm&r=g","caption":"edgar"},"url":"https:\/\/sef-cpan.ufms.br\/viii\/author\/edgar\/"}]}},"_links":{"self":[{"href":"https:\/\/sef-cpan.ufms.br\/viii\/wp-json\/wp\/v2\/posts\/832"}],"collection":[{"href":"https:\/\/sef-cpan.ufms.br\/viii\/wp-json\/wp\/v2\/posts"}],"about":[{"href":"https:\/\/sef-cpan.ufms.br\/viii\/wp-json\/wp\/v2\/types\/post"}],"author":[{"embeddable":true,"href":"https:\/\/sef-cpan.ufms.br\/viii\/wp-json\/wp\/v2\/users\/2"}],"replies":[{"embeddable":true,"href":"https:\/\/sef-cpan.ufms.br\/viii\/wp-json\/wp\/v2\/comments?post=832"}],"version-history":[{"count":7,"href":"https:\/\/sef-cpan.ufms.br\/viii\/wp-json\/wp\/v2\/posts\/832\/revisions"}],"predecessor-version":[{"id":849,"href":"https:\/\/sef-cpan.ufms.br\/viii\/wp-json\/wp\/v2\/posts\/832\/revisions\/849"}],"wp:attachment":[{"href":"https:\/\/sef-cpan.ufms.br\/viii\/wp-json\/wp\/v2\/media?parent=832"}],"wp:term":[{"taxonomy":"category","embeddable":true,"href":"https:\/\/sef-cpan.ufms.br\/viii\/wp-json\/wp\/v2\/categories?post=832"},{"taxonomy":"post_tag","embeddable":true,"href":"https:\/\/sef-cpan.ufms.br\/viii\/wp-json\/wp\/v2\/tags?post=832"}],"curies":[{"name":"wp","href":"https:\/\/api.w.org\/{rel}","templated":true}]}}