{"id":805,"date":"2023-09-22T08:56:26","date_gmt":"2023-09-22T12:56:26","guid":{"rendered":"https:\/\/sef-cpan.ufms.br\/viii\/?p=805"},"modified":"2023-09-22T16:22:21","modified_gmt":"2023-09-22T20:22:21","slug":"grupos-de-trabalho-viii-sef","status":"publish","type":"post","link":"https:\/\/sef-cpan.ufms.br\/viii\/grupos-de-trabalho-viii-sef\/","title":{"rendered":"Grupos Tem\u00e1ticos &#8211; VIII SEF"},"content":{"rendered":"<p style=\"text-align: justify;\"><img loading=\"lazy\" decoding=\"async\" class=\"size-medium wp-image-817 alignleft\" src=\"https:\/\/sef-cpan.ufms.br\/viii\/wp-content\/uploads\/sites\/5\/2023\/09\/VIII-SEF-1-300x300.jpg\" alt=\"\" width=\"300\" height=\"300\" srcset=\"https:\/\/sef-cpan.ufms.br\/viii\/wp-content\/uploads\/sites\/5\/2023\/09\/VIII-SEF-1-300x300.jpg 300w, https:\/\/sef-cpan.ufms.br\/viii\/wp-content\/uploads\/sites\/5\/2023\/09\/VIII-SEF-1-1024x1024.jpg 1024w, https:\/\/sef-cpan.ufms.br\/viii\/wp-content\/uploads\/sites\/5\/2023\/09\/VIII-SEF-1-150x150.jpg 150w, https:\/\/sef-cpan.ufms.br\/viii\/wp-content\/uploads\/sites\/5\/2023\/09\/VIII-SEF-1-768x768.jpg 768w, https:\/\/sef-cpan.ufms.br\/viii\/wp-content\/uploads\/sites\/5\/2023\/09\/VIII-SEF-1-220x220.jpg 220w, https:\/\/sef-cpan.ufms.br\/viii\/wp-content\/uploads\/sites\/5\/2023\/09\/VIII-SEF-1.jpg 1080w\" sizes=\"(max-width: 300px) 100vw, 300px\" \/><\/p>\n<p style=\"text-align: justify;\">Os trabalhos completos foram agrupados em grupos de trabalhos de acordo com os eixos tem\u00e1ticos propostos pela comiss\u00e3o organizadora. Os eixos tem\u00e1ticos 1, 3 e 4 se realizar\u00e3o em mais de uma sala em fun\u00e7\u00e3o da quantidade de trabalhos submetidos. Todos os GTs ser\u00e3o realizados no dia 27\/09, com a presen\u00e7a de 2 docentes que ir\u00e3o coordenar e mediar o processo.<\/p>\n<p>Prop\u00f5e-se que as\/os\/es autores estejam presentes durante toda a sess\u00e3o de seu grupo de trabalho para que possam contribuir com o debate.<\/p>\n<p>Sugere-se que cada sess\u00e3o seja dividida em blocos de tr\u00eas autores com temas afins, cada qual ter\u00e1 10 minutos para realizar sua apresenta\u00e7\u00e3o. Ap\u00f3s a apresenta\u00e7\u00e3o dos tr\u00eas autores, segue-se o debate (20 a 25 minutos).<\/p>\n<p>Haver\u00e1 equipamento de proje\u00e7\u00e3o caso os autores desejem projetar slides. J\u00e1 recomendamos aos autores que cheguem ao local da sess\u00e3o com 15 minutos de anteced\u00eancia para que os arquivos sejam salvos e os blocos, organizados. A ordem de apresenta\u00e7\u00e3o fica a crit\u00e9rio das\/os\/es coordenadores.<\/p>\n<p>Todas as sess\u00f5es ocorrer\u00e3o <strong>entre 9h e 12h<\/strong> na <strong>Unidade II da UFMS<\/strong>, situada \u00e0 Rua Pocon\u00e9, S\/N \u2013 Bairro Universit\u00e1rio.<\/p>\n<p>Segue a lista de trabalhos por GT.<\/p>\n<p>Muito obrigado pela sua colabora\u00e7\u00e3o!<\/p>\n<p style=\"text-align: justify;\">Coordena\u00e7\u00e3o geral<\/p>\n\n\n<p><\/p>\n\n\n\n<p><\/p>\n\n\n\n<p><\/p>\n\n\n\n<p><\/p>\n\n\n\n<p><\/p>\n\n\n\n<p><\/p>\n\n\n\n<p><\/p>\n\n\n\n<p class=\"has-text-color\" style=\"color:#052eaa\"><strong>GT 1 &#8211; EIXO TEM\u00c1TICO 1 \u2013 ASPECTOS IDENTIT\u00c1RIOS E DISCURSIVOS NAS FRONTEIRAS. SALA: 09; DIA: 27\/09\/2023<\/strong><\/p>\n\n\n\n<figure class=\"wp-block-table\"><table><tbody><tr><td>COORDENADORES: &nbsp;<\/td><td>Carlo Henrique Golin; Mara Aline Ribeiro<\/td><\/tr><tr><td>A COMUNIDADE NIKKEI NA FRONTEIRA DA BOL\u00cdVIA COM O BRASIL<\/td><td>Ana Ester de Souza, Geovanna Ribeiro e Wanilza Pereira<\/td><\/tr><tr><td>A DIN\u00c2MICA DA ALTERIDADE NO CONTEXTO DE EXCLUS\u00c3O SOCIAL NA FRONTEIRA<\/td><td>Valdelice Pereira da Silva e Leonardo Martins Maior<\/td><\/tr><tr><td>A EDUCA\u00c7\u00c3O F\u00cdSICA NA ETAPA CRECHE EM CORUMB\u00c1-MS E O CONTEXTO FRONTEIRI\u00c7O BRASIL-BOL\u00cdVIA<\/td><td>Marta Maria Caldeira Padilha e Carlo Henrique Golin<\/td><\/tr><tr><td>A LUDICIDADE REPRESENTADA PELOS MAPAS MENTAIS DE ALUNOS RIBEIRINHOS NO VALE DO GUAPOR\u00c9-MAMOR\u00c9 NA FRONTEIRA BRASIL-BOL\u00cdVIA<\/td><td>Gislaina Santos<\/td><\/tr><tr><td>A RELA\u00c7\u00c3O ENTRE A SA\u00daDE BUCAL E \u00c0 GLOBALIZA\u00c7\u00c3O NA REGI\u00c3O DE FRONTEIRA BRASILEIRA<\/td><td>Marcelle Cristine de Paula Barbosa Moraes<\/td><\/tr><tr><td>ACOLHIMENTO DE ALUNOS PENDULARES EM PROJETOS ESPORTIVOS NA FRONTEIRA BRASIL-BOL\u00cdVIA: BARREIRAS (IN)VIS\u00cdVEIS NOS DISCURSOS DOCENTES<\/td><td>Carlo Henrique Golin e Gilson Pacola<\/td><\/tr><tr><td>AS DIFICULDADES QUE ENVOLVEM OS ALUNOS IMIGRANTES NAS SALAS MULTISSERIADAS: VIV\u00caNCIAS EM ROND\u00d4NIA<\/td><td>Marivalda Vitorino Cunha e Rosely Furtado Roca<\/td><\/tr><tr><td>VIOL\u00caNCIA DOM\u00c9STICA NA REGI\u00c3O DE FRONTEIRA BRASIL \u2013 PARAGUAI<\/td><td>\u00c9rika Rejane Rodrigues de Souza Fideles<\/td><\/tr><tr><td>CORUMBAENSE FUTEBOL CLUBE E A SUA REPRESENTA\u00c7\u00c3O NA REGI\u00c3O FRONTEIRI\u00c7A BRASIL-BOL\u00cdVIA<\/td><td>Roberto C\u00e9sar de Souza, Osvaldo Gon\u00e7alves Junior e Carlo Henrique Golin<\/td><\/tr><tr><td>CURR\u00cdCULO ESCOLAR: OS DESAFIOS DO ENSINO REGULAR E A PRESERVA\u00c7\u00c3O CULTURAL DE POVOS TRADICIONAIS<\/td><td>Cleidiane Laborda, Joana de Souza e Joana do Nascimento<\/td><\/tr><tr><td>DENTRE FRONTEIRAS, MOBILIDADE E ESTADO: ONDE EST\u00c3O OS POVOS IND\u00cdGENAS?<\/td><td>Marco Antonio Rodrigues<\/td><\/tr><tr><td>PERFIL DOS PARTICIPANTES DO CIRCUITO DE CORRIDA DE RUA EM CORUMB\u00c1-MS, REGI\u00c3O FRONTEIRI\u00c7A BRASIL-BOL\u00cdVIA<\/td><td>Gustavo Oliveira de Souza, Carlo Henrique Golin e Silvia Beatriz Serra Baruki<\/td><\/tr><\/tbody><\/table><\/figure>\n\n\n\n<p class=\"has-text-color\" style=\"color:#052eaa\"><strong>GT 2 &#8211; EIXO TEM\u00c1TICO 1 \u2013 ASPECTOS IDENTIT\u00c1RIOS E DISCURSIVOS NAS FRONTEIRAS. SALA: 10; DIA: 27\/09\/2023<\/strong><\/p>\n\n\n\n<figure class=\"wp-block-table\"><table><tbody><tr><td>COORDENADORES: &nbsp;<\/td><td>Zu\u00edla Guimar\u00e3es Cova dos Santos Maria Cristina Lanza de Barros<\/td><\/tr><tr><td>FRONTEIRA BRASIL-PARAGUAY: TERRIT\u00d3RIO DO CRIME E DA VIOL\u00caNCIA?<\/td><td>Tiago Madureira Ara\u00fajo, Kamila Madureira da Silva e Alexandre Bergamin Vieira<\/td><\/tr><tr><td>FRONTEIRA E EDUCA\u00c7\u00c3O: DESAFIOS E POSSIBILIDADES NAS CIDADES G\u00caMEAS DE PONTA POR\u00c3-MS\/BRASIL E PEDRO JUAN CABALLERO-AMAMBAY\/PARAGUAI<\/td><td>Luci Meire Corr\u00eaa Anast\u00e1cio<\/td><\/tr><tr><td>FRONTEIRA(S), TERRIT\u00d3RIO, TERRITORIALIDADES E HIBRIDISMO: UMA AN\u00c1LISE DO ACESSO AOS SERVI\u00c7OS DE SA\u00daDE EM PONTA POR\u00c3-BR E PEDRO JUAN CABALLERO-PY<\/td><td>Claudia Marques Roma e Mateus Janu de Lima<\/td><\/tr><tr><td>FRONTEIRA: ENTRE A NEGA\u00c7\u00c3O E A ALTERIDADE<\/td><td>Leonardo Martins Maior, Kamila Madureira da Silva e Valdelice Pereira da Silva<\/td><\/tr><tr><td>VIOL\u00caNCIA DOM\u00c9STICA NA REGI\u00c3O DE FRONTEIRA BRASIL \u2013 PARAGUAI<\/td><td>\u00c9rika Rejane Rodrigues de Souza Fideles<\/td><\/tr><tr><td>RELIGIOSIDADE EM TERRIT\u00d3RIO FRONTEIRI\u00c7O: NOSSA SENHORA DO PANTANAL E SUAS SIMBOLOGIAS<\/td><td>\u00c9rica dos Santos Oliveira, Dalila Tavares Garcia e \u00c9der Dami\u00e3o Goes Kukiel<\/td><\/tr><tr><td>O ALUNO MIGRANTE INTERNACIONAL E O DIREITO DE APRENDER EM CORUMB\u00c1-MS, FRONTEIRA BRASIL-BOL\u00cdVIA<\/td><td>Marco Aur\u00e9lio Machado de Oliveira e Daniella Ibarreche de Menezes<\/td><\/tr><tr><td>O DIREITO \u00c0 EDUCA\u00c7\u00c3O NA REGI\u00c3O DE FRONTEIRA<\/td><td>Aurilucia Ara\u00fajo Galeno, Larissa Taynara dos Santos Brand\u00e3o e Andressa Santos Rebelo<\/td><\/tr><tr><td>PELAS \u00c1GUAS DO PANTANAL: OS GUAT\u00d3S NA FRONTEIRA DE CORUMB\u00c1-MS<\/td><td>Danielle Urt Mansur Bumlai e Mariana Vaca Conde<\/td><\/tr><tr><td>PERSPECTIVAS DO DIREITO \u00c0 EDUCA\u00c7\u00c3O PARA O ALUNO RESIDENTE FRONTEIRI\u00c7O NO CONTEXTO DAS ESCOLAS DE CORUMB\u00c1-MS<\/td><td>Renata de Oliveira Esquer e M\u00e1rcia Regina do Nascimento Sambugari<\/td><\/tr><tr><td>FORMA\u00c7\u00c3O DE PROFESSORES NA FRONTEIRA: AS NOVAS PR\u00c1TICAS CONSTRU\u00cdDAS POR PARTICIPANTES DO PROJETO RUEDAS DE CONVERSACIONES<\/td><td>Maricarla Brito Moreno e Zu\u00edla Guimar\u00e3es Cova dos Santos<\/td><\/tr><\/tbody><\/table><\/figure>\n\n\n\n<p class=\"has-text-color\" style=\"color:#052eaa\"><strong>GT 3 &#8211; EIXO TEM\u00c1TICO 1 \u2013 ASPECTOS IDENTIT\u00c1RIOS E DISCURSIVOS NAS FRONTEIRAS. SALA: 11; DIA: 27\/09\/2023<\/strong><\/p>\n\n\n\n<figure class=\"wp-block-table\"><table><tbody><tr><td>COORDENADORES: &nbsp; &nbsp;<\/td><td>Lucilene Machado Garcia Arf Karla Muller<\/td><\/tr><tr><td>PR\u00c1TICAS INTERCULTURAIS EM UMA ESCOLA DE FRONTEIRA: UM ESTUDO DE CASO<\/td><td>Mariana Vaca Conde e Tarissa Marques Rodrigues dos Santos<\/td><\/tr><tr><td>PR\u00c1TICAS TRANSL\u00cdNGUES NO INSTITUTO MOINHO CULTURAL SUL-AMERICANO NA FRONTEIRA BOL\u00cdVIA-BRASIL: L\u00cdNGUAS, CULTURAS E IDENTIDADES<\/td><td>Suzana Vinicia Mancilla Barreda<\/td><\/tr><tr><td>PRESSUPOSTOS MARXISTAS PARA UM OLHAR NA FRONTEIRA BRASIL- BOL\u00cdVIA: AS RELA\u00c7\u00d5ES DE TRABALHO DA MULHER BOLIVIANA<\/td><td>Tarissa Marques Rodrigues dos Santos e Josiane Peres Gon\u00e7alves<\/td><\/tr><tr><td>PROFESSORES NA FRONTEIRA BRASIL-BOL\u00cdVIA: O OLHAR SOBRE IDENTIDADE, APROXIMA\u00c7\u00c3O E AFASTAMENTO ENTRE DISCURSOS E PRECONCEITO LINGU\u00cdSTICO<\/td><td>Lucilene Machado Garcia Arf e Tarissa Marques Rodrigues dos Santos<\/td><\/tr><tr><td>CHOLAS, UMA IDENTIDADE FRONTEIRI\u00c7A PARA AL\u00c9M DA CATEGORIZA\u00c7\u00c3O<\/td><td>Andrea Paola Yanguas Xavier e Lucilene Machado Garcia Arf<\/td><\/tr><tr><td>MULHERES NA FRONTEIRA: A LITERATURA DE TESTEMUNHO A PARTIR DA OBRA \u201cSI ME PERMITEN HABLAR\u201d DE DOMITILA BARRIOS DE CHUNGARA<\/td><td>J\u00e9ssica Campos de Freitas e Lucilene Machado Garcia Arf<\/td><\/tr><tr><td>L\u00cdNGUAS EM TR\u00c2NSITO: O CASTELHANO BOLIVIANO NA FRONTEIRA BOL\u00cdVIA-BRASIL<\/td><td>Katiuscia Eliana Garc\u00eda M\u00e1rquez e Suzana Vinicia Mancilla Barreda<\/td><\/tr><tr><td>REPRESENTA\u00c7\u00d5ES LINGU\u00cdSTICAS E CULTURAIS NOS AN\u00daNCIOS PUBLICIT\u00c1RIOS NA \u00c1REA URBANA EM ARROYO CONCEPCI\u00d3N \u2013 FRONTEIRA BOL\u00cdVIA BRASIL<\/td><td>Sander Kaio Brand\u00e3o de Souza e Suzana Vinicia Mancilla Barreda<\/td><\/tr><tr><td>SOFRIMENTO INVIS\u00cdVEL: ANSIEDADE E ESTRESSE P\u00d3S-TRAUM\u00c1TICO EM MIGRANTES INTERNACIONAIS NA FRONTEIRA BRASIL-BOL\u00cdVIA<\/td><td>Kamilla Sthefanie da Silva Araujo Echeverria e Vanessa Catherina Neumann Figueiredo<\/td><\/tr><tr><td>VEST\u00cdGIOS DE TRANSLINGUAGEM NA FRONTEIRA BRASIL-BOL\u00cdVIA: UM ESTUDO NOS MUNIC\u00cdPIOS DE CORUMB\u00c1 E PUERTO QUIJARRO<\/td><td>Mariana Vaca Conde e Suzana Vinicia Mancilla Barreda<\/td><\/tr><tr><td>LITERATURA DE TESTEMUNHO COMO FERRAMENTA DE DEN\u00daNCIA NA INFRA\u00c7\u00c3O DE DIREITOS HUMANOS EM \u00c1REA DE FRONTEIRA<\/td><td>Rodolfo C\u00e9sar Sousa<\/td><\/tr><\/tbody><\/table><\/figure>\n\n\n\n<p class=\"has-text-color\" style=\"color:#052eaa\"><strong>GT 4 &#8211; EIXO TEM\u00c1TICO 2 \u2013 MOVIMENTOS DE POPULA\u00c7\u00c3O HOJE E NO PASSADO. SALA: 19; DIA: 27\/09\/2023<\/strong><\/p>\n\n\n\n<figure class=\"wp-block-table\"><table><tbody><tr><td>COORDENADORES: &nbsp;<\/td><td>Camilo Pereira Carneiro Ana Paula Correa Araujo<\/td><\/tr><tr><td>\u00bfA QU\u00c9 SABEN LOS SABERES? MEM\u00d3RIAS E MEDIA\u00c7\u00d5ES CULTURAIS NA MESA DO MIGRANTE<\/td><td>Mariana Oliveira<\/td><\/tr><tr><td>A ESCOLA P\u00daBLICA NA FRONTEIRA BRASIL-PARAGUAI: DESIGUALDADE SOCIAL E POSSIBILIDADES DE DI\u00c1LOGOS INTERCULTURAIS<\/td><td>Ana Maria de Vasconcelos Silva, Sandra Maria Rebello de Lima Francellino e Luciane Pinho de Almeida<\/td><\/tr><tr><td>A GEO-HIST\u00d3RIA DA AMAZ\u00d4NIA BRASILEIRA NO S\u00c9CULO XVI<\/td><td>Guilherme Oliveira Freitas de Assis Vieira Faial e Marilia Steinberger<\/td><\/tr><tr><td>A GUERRA DO PARAGUAI NAS VIS\u00d5ES LITER\u00c1RIAS DE PEDRO DE MEDEIROS E H\u00c9LIO SEREJO<\/td><td>Wandir Mello<\/td><\/tr><tr><td>CONEX\u00d5ES AM\u00c9RICA DO SUL-ORIENTE M\u00c9DIO: A COMUNIDADE \u00c1RABE E SUA INFLU\u00caNCIA NA TR\u00cdPLICE FRONTEIRA<\/td><td>Guilherme Ribeiro Guerra e Camilo Pereira Carneiro<\/td><\/tr><tr><td>CRISE E NORMALIDADE NOS FLUXOS MIGRAT\u00d3RIOS EM CORUMB\u00c1, MS (2018-2022)<\/td><td>Jackeline Cristina Nogueira Guerrero<\/td><\/tr><tr><td>ESCREVIV\u00caNCIAS DISCENTES: HIST\u00d3RIAS E MEM\u00d3RIAS DE ALUNOS BOLIVIANOS RESIDENTES NA FRONTEIRA DE GUAJAR\u00c1-MIRIM BR<\/td><td>Adaildo Tapeoc\u00ed de Barros e Helen Cristina Dorado<\/td><\/tr><tr><td>IDENTIDADE, TERRITORIALIDADES E CULTURA NO QUILOMBO MATA CAVALO (MT)<\/td><td>Eliete Freitas&nbsp; e Guilherme Oliveira Freitas de Assis Vieira Faial<\/td><\/tr><tr><td>INTEGRA\u00c7\u00c3O SUL-AMERICANA SOB A PERSPECTIVA DA CONVERG\u00caNCIA E HARMONIZA\u00c7\u00c3O DAS NORMAS DA CONTABILIDADE INTERNACIONAL: \u00caNFASE \u00c0 IMPORT\u00c2NCIA DA EDUCA\u00c7\u00c3O E FORMA\u00c7\u00c3O PROFISSIONAL NOS PA\u00cdSES DO MERCOSUL<\/td><td>F\u00e1bio Ara\u00fajo Delgado<\/td><\/tr><tr><td>INTERLOCU\u00c7\u00d5ES SOBRE FEMINIZA\u00c7\u00c3O DOS FLUXOS MIGRAT\u00d3RIOS E AS FRONTEIRAS<\/td><td>Luara Ferreira de Souza Quadros, Fabr\u00edcia Santina de Oliveira Carissimi e Luciane Pinho de Almeida<\/td><\/tr><tr><td>O REF\u00daGIO DE CRIAN\u00c7AS SEPARADAS E DESACOMPANHADAS PARA O BRASIL E OS INSTRUMENTOS DE PROTE\u00c7\u00c3O AOS DIREITOS HUMANOS<\/td><td>Theodora Ca\u00e7\u00e3o Zanchett, Josuel Belo dos Santos e C\u00e9sar Augusto Silva da Silva<\/td><\/tr><tr><td>O RETORNO DE BRASILEIROS DO PARAGUAI: REDES NA DIN\u00c2MICA DA FRONTEIRA<\/td><td>Vanucia Gnoatto<\/td><\/tr><\/tbody><\/table><\/figure>\n\n\n\n<p class=\"has-text-color\" style=\"color:#052eaa\"><strong>GT 5 &#8211; EIXO TEM\u00c1TICO 3 \u2013 TERRIT\u00d3RIOS E TERRITORIALIDADES NAS FRONTEIRAS. SALA: 20; DIA: 27\/09\/2023<\/strong><\/p>\n\n\n\n<figure class=\"wp-block-table\"><table><tbody><tr><td>COORDENADORES: &nbsp;<\/td><td>Adriana Dorfman Alejandro Benedetti<\/td><\/tr><tr><td>A EFETIVIDADE DOS DIREITOS FUNDAMENTAIS ATRAV\u00c9S DO ACORDO BILATERAL ENTRE BRASIL E BOL\u00cdVIA NA CONCESS\u00c3O AO ESTUDO, TRABALHO E RESID\u00caNCIA: O CASO DA FRONTEIRA DE CORUMB\u00c1\/MS<\/td><td>Vanessa Valad\u00e3o Gouv\u00eaa Gomes da Silva, e Lucilene Machado Garcia Arf<\/td><\/tr><tr><td>A FRONTEIRA E A REALIDADE S\u00d3CIO-ESPACIAL: UM BREVE ESTUDO SOBRE CARMELO PERALTA, PUERTO GUARANI E FUERTE OLIMPO<\/td><td>Suzanny Cunha da Mota e Lucas Echer<\/td><\/tr><tr><td>MILTON SANTOS EM CONDI\u00c7\u00c3O FRONTEIRI\u00c7A: OS DOIS CIRCUITOS DA ECONOMIA URBANA E AS CATEGORIAS DA AN\u00c1LISE ESPACIAL<\/td><td>Adriana Dorfman, Marcelo Bergamin Duarte e Luana Casagranda<\/td><\/tr><tr><td>ACOLHIMENTO INSTITUCIONAL DE CRIAN\u00c7AS E ADOLESCENTES NA REGI\u00c3O DE FRONTEIRA COM A BOL\u00cdVIA: COMO EFETIVAR O DIREITO A CONVIV\u00caNCIA FAMILIAR NO CONTEXTO DE VULNERABILIDADE E POBREZA?<\/td><td>Genise Moraes Castello<\/td><\/tr><tr><td>AN\u00c1LISE DAS COMPRAS DA AGRICULTURA FAMILIAR NA FAIXA DE FRONTEIRA NO ESTADO DE MATO GROSSO DO SUL<\/td><td>Poliana Fernandes dos Santos e Edgar Aparecido da Costa<\/td><\/tr><tr><td>ASPECTOS RELEVANTES ACERCA DA TUTELA JUR\u00cdDICA E A PRESERVA\u00c7\u00c3O DO BIOMA PANTANAL<\/td><td>Alexandre Pinto Paiva Leite e Beatriz Lima de Paula Silva<\/td><\/tr><tr><td>CONTRIBUI\u00c7\u00d5ES GEOGR\u00c1FICAS PARA O APERFEI\u00c7OAMENTO DO PROGRAMA BOLSA FAM\u00cdLIA EM CIDADES G\u00caMEAS<\/td><td>Lisandra Pereira Lamoso, Giovane Silveira da Silveira e \u00c9der Dami\u00e3o Goes Kukiel<\/td><\/tr><tr><td>DIRETRIZES DO LICENCIAMENTO AMBIENTAL NO ARRANJO TRANSFRONTEIRI\u00c7O CORUMB\u00c1 E LAD\u00c1RIO (BRASIL); PUERTO QUIJARRO (BOL\u00cdVIA).<\/td><td>Cristina Fleming<\/td><\/tr><tr><td>A FORMA\u00c7\u00c3O DO PAR BOCAINA EM CORUMB\u00c1\/MS, NA FRONTEIRA BRASIL-BOL\u00cdVIA<\/td><td>Pedro Granzer Filho e Edgar Aparecido da Costa<\/td><\/tr><tr><td>SA\u00daDE NA FRONTEIRA DO MATO GROSSO DO SUL \/BRASIL \u2013 PARAGUAI<\/td><td>Luciane Pinho de Almeida e Fabr\u00edcia Santina de Oliveira Carissimi<\/td><\/tr><\/tbody><\/table><\/figure>\n\n\n\n<p class=\"has-text-color\" style=\"color:#052eaa\"><strong>GT 6 &#8211; EIXO TEM\u00c1TICO 3 \u2013 TERRIT\u00d3RIOS E TERRITORIALIDADES NAS FRONTEIRAS. SALA: 21; DIA: 27\/09\/2023<\/strong><\/p>\n\n\n\n<figure class=\"wp-block-table\"><table><tbody><tr><td>COORDENADORES: &nbsp;<\/td><td>Elisa Pinheiro de Freitas Marcos Mondardo<\/td><\/tr><tr><td>ESTRAT\u00c9GIAS DE SOBREVIV\u00caNCIA DE DONAS DE ALMACENES NA FRONTEIRA ENTRE FOZ DO IGUA\u00c7U \u2013 BR, CIUDAD DEL ESTE \u2013 PY E PUERTO IGUAZ\u00da \u2013 AR<\/td><td>Dalila Tavares Garcia, \u00c9rica dos Santos Oliveira e Luiz Felipe Rodrigues<\/td><\/tr><tr><td>FRONTEIRA BRASIL-BOL\u00cdVIA: TRATADOS, INTERA\u00c7\u00d5ES TRANSFRONTEIRI\u00c7AS E CIDADES G\u00caMEAS<\/td><td>L\u00f3ry Junia do Vale Ribeiro e Camilo Pereira Carneiro Filho<\/td><\/tr><tr><td>FRONTEIRA, GLOBALIZA\u00c7\u00c3O E AGROECOLOGIA NA FEIRA LIVRE DE LAD\u00c1RIO\/MS, BRASIL<\/td><td>Elvis Augusto Souza da Rocha e Edgar Aparecido da Costa<\/td><\/tr><tr><td>MIGRA\u00c7\u00d5ES INTERNACIONAIS E DESAFIOS DA BAIXA POL\u00cdTICA EM FRONTEIRA: COLETA E LEITURA DE DADOS NA ASSIST\u00caNCIA SOCIAL EM CORUMB\u00c1, MS, BRASIL<\/td><td>Marco Aur\u00e9lio Machado de Oliveira, J\u00fanior Rodrigues dos Santos Rosales e Gilberto Xavier Loio<\/td><\/tr><tr><td>POH\u00c3 \u00d1ANA E YUYOS: A FRONTEIRA PARA AL\u00c9M DOS ANTOLHOS DO CAPITAL<\/td><td>Kamila Madureira da Silva e Valdelice Pereira da Silva<\/td><\/tr><tr><td>POL\u00cdTICAS TERRITORIAIS PARA O SANEAMENTO B\u00c1SICO EM MATO GROSSO DO SUL: UM ESTUDO SOBRE O GRAU DE SATISFA\u00c7\u00c3O COM O SERVI\u00c7O DE ABASTECIMENTO DE \u00c1GUA EM CORUMB\u00c1-MS<\/td><td>Leandro dos Santos Pereira, Vit\u00f3ria dos Santos Pereira e Elisa Pinheiro<\/td><\/tr><tr><td>POVOS TRADICIONAIS IND\u00cdGENAS E QUILOMBOLAS E O MARCO TEMPORAL: AN\u00c1LISE COMPARATIVA ENTRE A A\u00c7\u00c3O DIRETA DE INCONSTITUCIONALIDADE N.\u00ba 3.239\/DF E O RECURSO EXTRAORDIN\u00c1RIO N.\u00ba1.017.365\/SC DO SUPREMO TRIBUNAL FEDERAL<\/td><td>Eduardo Gabriel Costa Oliveira e Adalberto Fernandes<\/td><\/tr><tr><td>A GEOPOL\u00cdTICA DE FRONTEIRAS NA AMAZ\u00d4NIA SETENTRIONAL<\/td><td>Guilherme Oliveira Freitas de Assis Vieira Faial<\/td><\/tr><tr><td>INOVA\u00c7\u00c3O SOCIAL COMO CAMINHO PARA A CONSTRU\u00c7\u00c3O DE POL\u00cdTICAS P\u00daBLICAS NA FRONTEIRA&nbsp;<\/td><td>Erika Luana Lopez Flores<\/td><\/tr><\/tbody><\/table><\/figure>\n\n\n\n<p class=\"has-text-color\" style=\"color:#052eaa\"><strong>GT 7 &#8211; EIXO TEM\u00c1TICO 4 \u2013 LIMITES ESTRAT\u00c9GICOS NAS FRONTEIRAS. SALA: 23; DIA: 27\/09\/2023<\/strong><\/p>\n\n\n\n<figure class=\"wp-block-table\"><table><tbody><tr><td>COORDENADORES: &nbsp;<\/td><td>Gleicy Denise Vasquez Moreira Elaine Dupas<\/td><\/tr><tr><td>(I) MOBILIDADES FEMININAS EM C\u00c1RCERES NAS REGI\u00d5ES FRONTEIRI\u00c7AS: A GEOPOL\u00cdTICA DO NARCOTR\u00c1FICO INTERNACIONAL DE DROGAS E SUAS CONFLU\u00caNCIAS COM O PERFIL DAS MULHERES IMIGRANTES EM PRIVA\u00c7\u00c3O DE LIBERDADE NO MUNIC\u00cdPIO DE CORUMB\u00c1 (MS)<\/td><td>Josuel Belo dos Santos e Gustavo de Souza Preussler<\/td><\/tr><tr><td>A \u201cESCREVIV\u00caNCIA\u201d NA LITERATURA NEGRA FRONTEIRI\u00c7A: UMA AN\u00c1LISE DOS POEMAS \u201cNEGRA\u201d, DE ALICE LIMA, E \u201cQUEM DISSE QUE SOU NEGRO?\u201d, DE BENEDITO C. G. LIMA<\/td><td>Caroline Brizon<\/td><\/tr><tr><td>A REALIDADE DE CRIAN\u00c7AS MIGRANTES REFUGIADAS: A\u00c7\u00d5ES PARA GARANTIAS DE DIREITOS HUMANOS EM REGI\u00d5ES DE FRONTEIRA<\/td><td>Evelyn Flayra Cavalcanti dos Santos, N\u00e1dia Cristina Bureman e Claudia Ara\u00fajo de Lima<\/td><\/tr><tr><td>BOL\u00cdVIA \u2013 ALGUNS ASPECTOS DE CONVERG\u00caNCIA AO PROCESSO DE HARMONIZA\u00c7\u00c3O \u00c0S NORMAS INTERNACIONAIS DE CONTABILIDADE<\/td><td>F\u00e1bio Ara\u00fajo Delgado<\/td><\/tr><tr><td>COOPERA\u00c7\u00c3O JUR\u00cdDICA C\u00cdVEL INTERNACIONAL VIA CONTATO DIRETO ENTRE AS AUTORIDADES JUDICI\u00c1RIAS ESTRANGEIRAS EM REGI\u00c3O DE FRONTEIRA<\/td><td>Jess\u00e9 Cruciol Junior<\/td><\/tr><tr><td>CULTURA SURDA NA FRONTEIRA: DI\u00c1LOGO COM A ONOM\u00c1STICA: REGISTRO EM LIBRAS E AN\u00c1LISE DE SINAIS-NOME DE FUNCION\u00c1RIOS DA UNIR\/CGM<\/td><td>Edn\u00e9ia Bento de Souza Fernandes, Caroline Reis dos Santos e Suziane Viriato de Ara\u00fajo<\/td><\/tr><tr><td>FRONTEIRA BRASIL-PARAGUAI: IMPACTOS DO NARCOTR\u00c1FICO NAS CIDADES G\u00caMEAS<\/td><td>St\u00e9fanny Ferreira Dias<\/td><\/tr><tr><td>FRONTERAS DE CARNE Y HUESO: BUSCANDO EL LUGAR DONDE CRECER<\/td><td>H\u00e9ctor Acebo Bello e Jorge Carlos Ruiz De la Quintana<\/td><\/tr><tr><td>POL\u00cdTICAS ESTRAT\u00c9GICAS DE DEFESA NACIONAL E O DESENVOLVIMENTO ECON\u00d4MICO EM \u00c1REA FRONTEIRI\u00c7A: UM ESTUDO SOBRE AS FORMAS DE RECRUTAMENTO MILITAR NA CIDADE DE CORUMB\u00c1-MS<\/td><td>Edivaldo da Silva Pinho, Danilo Lopes da Silva e Elisa Pinheiro de Freitas<\/td><\/tr><tr><td>TEIA TECNOL\u00d3GICA AL\u00c9M DAS FRONTEIRAS: SISFRON IMPULSIONANDO A DEFESA E A SEGURAN\u00c7A NACIONAL<\/td><td>Silvana do Valle Leone e Helenita Gurgel do Amaral Valente<\/td><\/tr><\/tbody><\/table><\/figure>\n\n\n\n<p class=\"has-text-color\" style=\"color:#052eaa\"><strong>GT 8 &#8211; EIXO TEM\u00c1TICO 5 \u2013 A NATUREZA E SEUS USOS NAS FRONTEIRAS. SALA: 24; DIA: 27\/09\/2023<\/strong><\/p>\n\n\n\n<figure class=\"wp-block-table\"><table><tbody><tr><td>COORDENADORES: &nbsp;<\/td><td>Milton Augusto Mariani Luis Paulo Batista da Silva<\/td><\/tr><tr><td>A PRESS\u00c3O PELO AVAN\u00c7O DA MINERA\u00c7\u00c3O NA FAIXA DE FRONTEIRA DA AMAZ\u00d4NIA LEGAL (2003-2022)<\/td><td>Rhuan Muniz Sartore Fernandes<\/td><\/tr><tr><td>BARREIRAS TOPOGR\u00c1FICAS NO FILME JOURNEY TO HOPE: DRAMAS NA FRONTEIRA<\/td><td>Jean Fl\u00e1vio da Silva Santos<\/td><\/tr><tr><td>CONSERVA\u00c7\u00c3O DA BIODIVERSIDADE DO ESTADO DE MATO GROSSO DO SUL<\/td><td>Maria Helena Pereira Vieira, J\u00e9ssica Vieira e Suzete Rosana de Castro Wizick<\/td><\/tr><tr><td>CRISE H\u00cdDRICA E RESILI\u00caNCIA DOS AGRICULTORES FAMILIARES CAMPONESES ASSENTADOS NO PANTANAL DE C\u00c1CERES-MT\/ FRONTEIRA BRASIL-BOL\u00cdVIA<\/td><td>Onelia Carmem Rossetto, Solange Kimie Ikeda Castrillon e Cl\u00f3vis Vailant<\/td><\/tr><tr><td>EXECU\u00c7\u00c3O DO PROGRAMA DE AQUISI\u00c7\u00c3O DE ALIMENTOS EM UM MUNIC\u00cdPIO FRONTEIRI\u00c7O BRASILEIRO: 2014 A 2020<\/td><td>Gisele Oliveira<\/td><\/tr><tr><td>PANTANAL SUL: NOTAS SOBRE O TRABALHO NO TURISMO<\/td><td>Mara Aline Ribeiro<\/td><\/tr><tr><td>TERRAS IND\u00cdGENAS E UNIDADES DE CONSERVA\u00c7\u00c3O: INTERFACES E SINERGIAS NA FAIXA DE FRONTEIRA DE MATO GROSSO DO SUL\/ BRASIL E PARAGUAI<\/td><td>Patr\u00edcia Silva Ferreira e Charlei Aparecido da Silva<\/td><\/tr><tr><td>UMA REVIS\u00c3O DE LITERATURA SOBRE O DESENVOLVIMENTO SUSTENT\u00c1VEL, A SOCIEDADE DE RISCO E A ATIVIDADE AP\u00cdCOLA<\/td><td>Suzianny da Silva Mosciaro Ebeling e Gleicy Denise Vasques<\/td><\/tr><tr><td>TURISMO IND\u00cdGENA DE FRONTEIRA \u2013 UM OLHAR SOBRE O CHACO PARAGUAIO<\/td><td>Dionatan Miranda da Silva e Edvaldo Cesar Moretti<\/td><\/tr><\/tbody><\/table><\/figure>\n","protected":false},"excerpt":{"rendered":"<p>Os trabalhos completos foram agrupados em grupos de trabalhos de acordo com os eixos tem\u00e1ticos propostos pela comiss\u00e3o organizadora. Os eixos tem\u00e1ticos 1, 3 e 4 se realizar\u00e3o em mais de uma sala em fun\u00e7\u00e3o da<a class=\"moretag\" href=\"https:\/\/sef-cpan.ufms.br\/viii\/grupos-de-trabalho-viii-sef\/\">Read More&#8230;<\/a><\/p>\n","protected":false},"author":2,"featured_media":0,"comment_status":"open","ping_status":"open","sticky":false,"template":"","format":"standard","meta":{"footnotes":""},"categories":[9],"tags":[],"yoast_head":"<!-- This site is optimized with the Yoast SEO plugin v23.1 - https:\/\/yoast.com\/wordpress\/plugins\/seo\/ -->\n<title>Grupos Tem\u00e1ticos - VIII SEF - VIII Semin\u00e1rio Internacional de Estudos Fronteiri\u00e7os - 2023<\/title>\n<meta name=\"robots\" content=\"index, follow, max-snippet:-1, max-image-preview:large, max-video-preview:-1\" \/>\n<link rel=\"canonical\" href=\"https:\/\/sef-cpan.ufms.br\/viii\/grupos-de-trabalho-viii-sef\/\" \/>\n<meta property=\"og:locale\" content=\"pt_BR\" \/>\n<meta property=\"og:type\" content=\"article\" \/>\n<meta property=\"og:title\" content=\"Grupos Tem\u00e1ticos - VIII SEF - VIII Semin\u00e1rio Internacional de Estudos Fronteiri\u00e7os - 2023\" \/>\n<meta property=\"og:description\" content=\"Os trabalhos completos foram agrupados em grupos de trabalhos de acordo com os eixos tem\u00e1ticos propostos pela comiss\u00e3o organizadora. Os eixos tem\u00e1ticos 1, 3 e 4 se realizar\u00e3o em mais de uma sala em fun\u00e7\u00e3o daRead More...\" \/>\n<meta property=\"og:url\" content=\"https:\/\/sef-cpan.ufms.br\/viii\/grupos-de-trabalho-viii-sef\/\" \/>\n<meta property=\"og:site_name\" content=\"VIII Semin\u00e1rio Internacional de Estudos Fronteiri\u00e7os - 2023\" \/>\n<meta property=\"article:published_time\" content=\"2023-09-22T12:56:26+00:00\" \/>\n<meta property=\"article:modified_time\" content=\"2023-09-22T20:22:21+00:00\" \/>\n<meta property=\"og:image\" content=\"https:\/\/sef-cpan.ufms.br\/viii\/wp-content\/uploads\/sites\/5\/2023\/09\/VIII-SEF-1-300x300.jpg\" \/>\n<meta name=\"author\" content=\"edgar\" \/>\n<meta name=\"twitter:card\" content=\"summary_large_image\" \/>\n<meta name=\"twitter:label1\" content=\"Escrito por\" \/>\n\t<meta name=\"twitter:data1\" content=\"edgar\" \/>\n\t<meta name=\"twitter:label2\" content=\"Est. tempo de leitura\" \/>\n\t<meta name=\"twitter:data2\" content=\"12 minutos\" \/>\n<script type=\"application\/ld+json\" class=\"yoast-schema-graph\">{\"@context\":\"https:\/\/schema.org\",\"@graph\":[{\"@type\":\"WebPage\",\"@id\":\"https:\/\/sef-cpan.ufms.br\/viii\/grupos-de-trabalho-viii-sef\/\",\"url\":\"https:\/\/sef-cpan.ufms.br\/viii\/grupos-de-trabalho-viii-sef\/\",\"name\":\"Grupos Tem\u00e1ticos - VIII SEF - VIII Semin\u00e1rio Internacional de Estudos Fronteiri\u00e7os - 2023\",\"isPartOf\":{\"@id\":\"https:\/\/sef-cpan.ufms.br\/viii\/#website\"},\"primaryImageOfPage\":{\"@id\":\"https:\/\/sef-cpan.ufms.br\/viii\/grupos-de-trabalho-viii-sef\/#primaryimage\"},\"image\":{\"@id\":\"https:\/\/sef-cpan.ufms.br\/viii\/grupos-de-trabalho-viii-sef\/#primaryimage\"},\"thumbnailUrl\":\"https:\/\/sef-cpan.ufms.br\/viii\/wp-content\/uploads\/sites\/5\/2023\/09\/VIII-SEF-1-300x300.jpg\",\"datePublished\":\"2023-09-22T12:56:26+00:00\",\"dateModified\":\"2023-09-22T20:22:21+00:00\",\"author\":{\"@id\":\"https:\/\/sef-cpan.ufms.br\/viii\/#\/schema\/person\/7db94e0ce7a5573e04d47c6e5dad2ce0\"},\"breadcrumb\":{\"@id\":\"https:\/\/sef-cpan.ufms.br\/viii\/grupos-de-trabalho-viii-sef\/#breadcrumb\"},\"inLanguage\":\"pt-BR\",\"potentialAction\":[{\"@type\":\"ReadAction\",\"target\":[\"https:\/\/sef-cpan.ufms.br\/viii\/grupos-de-trabalho-viii-sef\/\"]}]},{\"@type\":\"ImageObject\",\"inLanguage\":\"pt-BR\",\"@id\":\"https:\/\/sef-cpan.ufms.br\/viii\/grupos-de-trabalho-viii-sef\/#primaryimage\",\"url\":\"https:\/\/sef-cpan.ufms.br\/viii\/wp-content\/uploads\/sites\/5\/2023\/09\/VIII-SEF-1.jpg\",\"contentUrl\":\"https:\/\/sef-cpan.ufms.br\/viii\/wp-content\/uploads\/sites\/5\/2023\/09\/VIII-SEF-1.jpg\",\"width\":1080,\"height\":1080},{\"@type\":\"BreadcrumbList\",\"@id\":\"https:\/\/sef-cpan.ufms.br\/viii\/grupos-de-trabalho-viii-sef\/#breadcrumb\",\"itemListElement\":[{\"@type\":\"ListItem\",\"position\":1,\"name\":\"In\u00edcio\",\"item\":\"https:\/\/sef-cpan.ufms.br\/viii\/\"},{\"@type\":\"ListItem\",\"position\":2,\"name\":\"Grupos Tem\u00e1ticos &#8211; VIII SEF\"}]},{\"@type\":\"WebSite\",\"@id\":\"https:\/\/sef-cpan.ufms.br\/viii\/#website\",\"url\":\"https:\/\/sef-cpan.ufms.br\/viii\/\",\"name\":\"VIII Semin\u00e1rio Internacional de Estudos Fronteiri\u00e7os - 2023\",\"description\":\"Funda\u00e7\u00e3o Universidade Federal de Mato Grosso do Sul - C\u00e2mpus do Pantanal\",\"potentialAction\":[{\"@type\":\"SearchAction\",\"target\":{\"@type\":\"EntryPoint\",\"urlTemplate\":\"https:\/\/sef-cpan.ufms.br\/viii\/?s={search_term_string}\"},\"query-input\":\"required name=search_term_string\"}],\"inLanguage\":\"pt-BR\"},{\"@type\":\"Person\",\"@id\":\"https:\/\/sef-cpan.ufms.br\/viii\/#\/schema\/person\/7db94e0ce7a5573e04d47c6e5dad2ce0\",\"name\":\"edgar\",\"image\":{\"@type\":\"ImageObject\",\"inLanguage\":\"pt-BR\",\"@id\":\"https:\/\/sef-cpan.ufms.br\/viii\/#\/schema\/person\/image\/\",\"url\":\"https:\/\/secure.gravatar.com\/avatar\/a80fa43b2cc43d0b3e64153798c20848?s=96&d=mm&r=g\",\"contentUrl\":\"https:\/\/secure.gravatar.com\/avatar\/a80fa43b2cc43d0b3e64153798c20848?s=96&d=mm&r=g\",\"caption\":\"edgar\"},\"url\":\"https:\/\/sef-cpan.ufms.br\/viii\/author\/edgar\/\"}]}<\/script>\n<!-- \/ Yoast SEO plugin. -->","yoast_head_json":{"title":"Grupos Tem\u00e1ticos - VIII SEF - VIII Semin\u00e1rio Internacional de Estudos Fronteiri\u00e7os - 2023","robots":{"index":"index","follow":"follow","max-snippet":"max-snippet:-1","max-image-preview":"max-image-preview:large","max-video-preview":"max-video-preview:-1"},"canonical":"https:\/\/sef-cpan.ufms.br\/viii\/grupos-de-trabalho-viii-sef\/","og_locale":"pt_BR","og_type":"article","og_title":"Grupos Tem\u00e1ticos - VIII SEF - VIII Semin\u00e1rio Internacional de Estudos Fronteiri\u00e7os - 2023","og_description":"Os trabalhos completos foram agrupados em grupos de trabalhos de acordo com os eixos tem\u00e1ticos propostos pela comiss\u00e3o organizadora. Os eixos tem\u00e1ticos 1, 3 e 4 se realizar\u00e3o em mais de uma sala em fun\u00e7\u00e3o daRead More...","og_url":"https:\/\/sef-cpan.ufms.br\/viii\/grupos-de-trabalho-viii-sef\/","og_site_name":"VIII Semin\u00e1rio Internacional de Estudos Fronteiri\u00e7os - 2023","article_published_time":"2023-09-22T12:56:26+00:00","article_modified_time":"2023-09-22T20:22:21+00:00","og_image":[{"url":"https:\/\/sef-cpan.ufms.br\/viii\/wp-content\/uploads\/sites\/5\/2023\/09\/VIII-SEF-1-300x300.jpg"}],"author":"edgar","twitter_card":"summary_large_image","twitter_misc":{"Escrito por":"edgar","Est. tempo de leitura":"12 minutos"},"schema":{"@context":"https:\/\/schema.org","@graph":[{"@type":"WebPage","@id":"https:\/\/sef-cpan.ufms.br\/viii\/grupos-de-trabalho-viii-sef\/","url":"https:\/\/sef-cpan.ufms.br\/viii\/grupos-de-trabalho-viii-sef\/","name":"Grupos Tem\u00e1ticos - VIII SEF - VIII Semin\u00e1rio Internacional de Estudos Fronteiri\u00e7os - 2023","isPartOf":{"@id":"https:\/\/sef-cpan.ufms.br\/viii\/#website"},"primaryImageOfPage":{"@id":"https:\/\/sef-cpan.ufms.br\/viii\/grupos-de-trabalho-viii-sef\/#primaryimage"},"image":{"@id":"https:\/\/sef-cpan.ufms.br\/viii\/grupos-de-trabalho-viii-sef\/#primaryimage"},"thumbnailUrl":"https:\/\/sef-cpan.ufms.br\/viii\/wp-content\/uploads\/sites\/5\/2023\/09\/VIII-SEF-1-300x300.jpg","datePublished":"2023-09-22T12:56:26+00:00","dateModified":"2023-09-22T20:22:21+00:00","author":{"@id":"https:\/\/sef-cpan.ufms.br\/viii\/#\/schema\/person\/7db94e0ce7a5573e04d47c6e5dad2ce0"},"breadcrumb":{"@id":"https:\/\/sef-cpan.ufms.br\/viii\/grupos-de-trabalho-viii-sef\/#breadcrumb"},"inLanguage":"pt-BR","potentialAction":[{"@type":"ReadAction","target":["https:\/\/sef-cpan.ufms.br\/viii\/grupos-de-trabalho-viii-sef\/"]}]},{"@type":"ImageObject","inLanguage":"pt-BR","@id":"https:\/\/sef-cpan.ufms.br\/viii\/grupos-de-trabalho-viii-sef\/#primaryimage","url":"https:\/\/sef-cpan.ufms.br\/viii\/wp-content\/uploads\/sites\/5\/2023\/09\/VIII-SEF-1.jpg","contentUrl":"https:\/\/sef-cpan.ufms.br\/viii\/wp-content\/uploads\/sites\/5\/2023\/09\/VIII-SEF-1.jpg","width":1080,"height":1080},{"@type":"BreadcrumbList","@id":"https:\/\/sef-cpan.ufms.br\/viii\/grupos-de-trabalho-viii-sef\/#breadcrumb","itemListElement":[{"@type":"ListItem","position":1,"name":"In\u00edcio","item":"https:\/\/sef-cpan.ufms.br\/viii\/"},{"@type":"ListItem","position":2,"name":"Grupos Tem\u00e1ticos &#8211; VIII SEF"}]},{"@type":"WebSite","@id":"https:\/\/sef-cpan.ufms.br\/viii\/#website","url":"https:\/\/sef-cpan.ufms.br\/viii\/","name":"VIII Semin\u00e1rio Internacional de Estudos Fronteiri\u00e7os - 2023","description":"Funda\u00e7\u00e3o Universidade Federal de Mato Grosso do Sul - C\u00e2mpus do Pantanal","potentialAction":[{"@type":"SearchAction","target":{"@type":"EntryPoint","urlTemplate":"https:\/\/sef-cpan.ufms.br\/viii\/?s={search_term_string}"},"query-input":"required name=search_term_string"}],"inLanguage":"pt-BR"},{"@type":"Person","@id":"https:\/\/sef-cpan.ufms.br\/viii\/#\/schema\/person\/7db94e0ce7a5573e04d47c6e5dad2ce0","name":"edgar","image":{"@type":"ImageObject","inLanguage":"pt-BR","@id":"https:\/\/sef-cpan.ufms.br\/viii\/#\/schema\/person\/image\/","url":"https:\/\/secure.gravatar.com\/avatar\/a80fa43b2cc43d0b3e64153798c20848?s=96&d=mm&r=g","contentUrl":"https:\/\/secure.gravatar.com\/avatar\/a80fa43b2cc43d0b3e64153798c20848?s=96&d=mm&r=g","caption":"edgar"},"url":"https:\/\/sef-cpan.ufms.br\/viii\/author\/edgar\/"}]}},"_links":{"self":[{"href":"https:\/\/sef-cpan.ufms.br\/viii\/wp-json\/wp\/v2\/posts\/805"}],"collection":[{"href":"https:\/\/sef-cpan.ufms.br\/viii\/wp-json\/wp\/v2\/posts"}],"about":[{"href":"https:\/\/sef-cpan.ufms.br\/viii\/wp-json\/wp\/v2\/types\/post"}],"author":[{"embeddable":true,"href":"https:\/\/sef-cpan.ufms.br\/viii\/wp-json\/wp\/v2\/users\/2"}],"replies":[{"embeddable":true,"href":"https:\/\/sef-cpan.ufms.br\/viii\/wp-json\/wp\/v2\/comments?post=805"}],"version-history":[{"count":11,"href":"https:\/\/sef-cpan.ufms.br\/viii\/wp-json\/wp\/v2\/posts\/805\/revisions"}],"predecessor-version":[{"id":830,"href":"https:\/\/sef-cpan.ufms.br\/viii\/wp-json\/wp\/v2\/posts\/805\/revisions\/830"}],"wp:attachment":[{"href":"https:\/\/sef-cpan.ufms.br\/viii\/wp-json\/wp\/v2\/media?parent=805"}],"wp:term":[{"taxonomy":"category","embeddable":true,"href":"https:\/\/sef-cpan.ufms.br\/viii\/wp-json\/wp\/v2\/categories?post=805"},{"taxonomy":"post_tag","embeddable":true,"href":"https:\/\/sef-cpan.ufms.br\/viii\/wp-json\/wp\/v2\/tags?post=805"}],"curies":[{"name":"wp","href":"https:\/\/api.w.org\/{rel}","templated":true}]}}