{"id":776,"date":"2023-09-01T08:42:45","date_gmt":"2023-09-01T12:42:45","guid":{"rendered":"https:\/\/sef-cpan.ufms.br\/viii\/?p=776"},"modified":"2023-09-01T08:42:46","modified_gmt":"2023-09-01T12:42:46","slug":"resultado-publicado-pedido-de-auxilio-abs-para-participacao-do-viii-sef","status":"publish","type":"post","link":"https:\/\/sef-cpan.ufms.br\/viii\/resultado-publicado-pedido-de-auxilio-abs-para-participacao-do-viii-sef\/","title":{"rendered":"Resultado publicado: pedido de aux\u00edlio ABS para participa\u00e7\u00e3o do VIII SEF"},"content":{"rendered":"\n<figure class=\"wp-block-image size-full\"><img loading=\"lazy\" decoding=\"async\" width=\"450\" height=\"96\" src=\"https:\/\/sef-cpan.ufms.br\/viii\/wp-content\/uploads\/sites\/5\/2023\/09\/image.png\" alt=\"\" class=\"wp-image-777\" srcset=\"https:\/\/sef-cpan.ufms.br\/viii\/wp-content\/uploads\/sites\/5\/2023\/09\/image.png 450w, https:\/\/sef-cpan.ufms.br\/viii\/wp-content\/uploads\/sites\/5\/2023\/09\/image-300x64.png 300w\" sizes=\"(max-width: 450px) 100vw, 450px\" \/><\/figure>\n\n\n<p>\u00a0<\/p>\n<p style=\"text-align: justify;\">A <strong>Association for Borderlands Studies (ABS) <\/strong>divulga o resultado dos pedidos contemplados para receber o aux\u00edlio de US$ 300 ofertado aos estudantes de p\u00f3s-gradua\u00e7\u00e3o e\/ou pesquisadores em in\u00edcio de carreira e\/ou colegas de pa\u00edses n\u00e3o-membros da OCDE para apresenta\u00e7\u00e3o de trabalhos no VIII Semin\u00e1rio Internacional de Estudos Fronteiri\u00e7os:<\/p>\n<p style=\"text-align: justify;\">1) Ana Ester de Souza Gomes e\u00a0Wanilza Pereira (dividir\u00e3o o valor de um aux\u00edlio, pois s\u00e3o autora e co-autora de um mesmo trabalho);<\/p>\n<p>2)\u00a0Cleidiane Laborda da Silva<\/p>\n<p>3)\u00a0Guilherme Oliveira Freitas de Assis Vieira Faial<\/p>\n<p>4)\u00a0Rhuan Muniz Sartore Fernandes<\/p>\n<p>5)\u00a0Theodora Ca\u00e7\u00e3o Zanchett<\/p>\n<p>Abaixo, duas supl\u00eancias caso algum dos contemplados acima n\u00e3o possa comparecer ao evento:<\/p>\n<p>6)\u00a0Dalila Tavares Garcia<\/p>\n<p>7)\u00a0\u00c9rica dos Santos Oliveira<\/p>\n<p style=\"text-align: justify;\">A equipe avaliadora buscou atender a diversidade de temas e foco dos estudos, vincula\u00e7\u00e3o dos autores \u00e0s institui\u00e7\u00f5es de ensino e retorno das avalia\u00e7\u00f5es.<\/p>","protected":false},"excerpt":{"rendered":"<p>\u00a0 A Association for Borderlands Studies (ABS) divulga o resultado dos pedidos contemplados para receber o aux\u00edlio de US$ 300 ofertado aos estudantes de p\u00f3s-gradua\u00e7\u00e3o e\/ou pesquisadores em in\u00edcio de carreira e\/ou colegas de pa\u00edses n\u00e3o-membros<a class=\"moretag\" href=\"https:\/\/sef-cpan.ufms.br\/viii\/resultado-publicado-pedido-de-auxilio-abs-para-participacao-do-viii-sef\/\">Read More&#8230;<\/a><\/p>\n","protected":false},"author":2,"featured_media":0,"comment_status":"open","ping_status":"open","sticky":false,"template":"","format":"standard","meta":{"footnotes":""},"categories":[3,9],"tags":[],"yoast_head":"<!-- This site is optimized with the Yoast SEO plugin v23.1 - https:\/\/yoast.com\/wordpress\/plugins\/seo\/ -->\n<title>Resultado publicado: pedido de aux\u00edlio ABS para participa\u00e7\u00e3o do VIII SEF - VIII Semin\u00e1rio Internacional de Estudos Fronteiri\u00e7os - 2023<\/title>\n<meta name=\"robots\" content=\"index, follow, max-snippet:-1, max-image-preview:large, max-video-preview:-1\" \/>\n<link rel=\"canonical\" href=\"https:\/\/sef-cpan.ufms.br\/viii\/resultado-publicado-pedido-de-auxilio-abs-para-participacao-do-viii-sef\/\" \/>\n<meta property=\"og:locale\" content=\"pt_BR\" \/>\n<meta property=\"og:type\" content=\"article\" \/>\n<meta property=\"og:title\" content=\"Resultado publicado: pedido de aux\u00edlio ABS para participa\u00e7\u00e3o do VIII SEF - VIII Semin\u00e1rio Internacional de Estudos Fronteiri\u00e7os - 2023\" \/>\n<meta property=\"og:description\" content=\"\u00a0 A Association for Borderlands Studies (ABS) divulga o resultado dos pedidos contemplados para receber o aux\u00edlio de US$ 300 ofertado aos estudantes de p\u00f3s-gradua\u00e7\u00e3o e\/ou pesquisadores em in\u00edcio de carreira e\/ou colegas de pa\u00edses n\u00e3o-membrosRead More...\" \/>\n<meta property=\"og:url\" content=\"https:\/\/sef-cpan.ufms.br\/viii\/resultado-publicado-pedido-de-auxilio-abs-para-participacao-do-viii-sef\/\" \/>\n<meta property=\"og:site_name\" content=\"VIII Semin\u00e1rio Internacional de Estudos Fronteiri\u00e7os - 2023\" \/>\n<meta property=\"article:published_time\" content=\"2023-09-01T12:42:45+00:00\" \/>\n<meta property=\"article:modified_time\" content=\"2023-09-01T12:42:46+00:00\" \/>\n<meta property=\"og:image\" content=\"https:\/\/sef-cpan.ufms.br\/viii\/wp-content\/uploads\/sites\/5\/2023\/09\/image.png\" \/>\n<meta name=\"author\" content=\"edgar\" \/>\n<meta name=\"twitter:card\" content=\"summary_large_image\" \/>\n<meta name=\"twitter:label1\" content=\"Escrito por\" \/>\n\t<meta name=\"twitter:data1\" content=\"edgar\" \/>\n\t<meta name=\"twitter:label2\" content=\"Est. tempo de leitura\" \/>\n\t<meta name=\"twitter:data2\" content=\"1 minuto\" \/>\n<script type=\"application\/ld+json\" class=\"yoast-schema-graph\">{\"@context\":\"https:\/\/schema.org\",\"@graph\":[{\"@type\":\"WebPage\",\"@id\":\"https:\/\/sef-cpan.ufms.br\/viii\/resultado-publicado-pedido-de-auxilio-abs-para-participacao-do-viii-sef\/\",\"url\":\"https:\/\/sef-cpan.ufms.br\/viii\/resultado-publicado-pedido-de-auxilio-abs-para-participacao-do-viii-sef\/\",\"name\":\"Resultado publicado: pedido de aux\u00edlio ABS para participa\u00e7\u00e3o do VIII SEF - VIII Semin\u00e1rio Internacional de Estudos Fronteiri\u00e7os - 2023\",\"isPartOf\":{\"@id\":\"https:\/\/sef-cpan.ufms.br\/viii\/#website\"},\"primaryImageOfPage\":{\"@id\":\"https:\/\/sef-cpan.ufms.br\/viii\/resultado-publicado-pedido-de-auxilio-abs-para-participacao-do-viii-sef\/#primaryimage\"},\"image\":{\"@id\":\"https:\/\/sef-cpan.ufms.br\/viii\/resultado-publicado-pedido-de-auxilio-abs-para-participacao-do-viii-sef\/#primaryimage\"},\"thumbnailUrl\":\"https:\/\/sef-cpan.ufms.br\/viii\/wp-content\/uploads\/sites\/5\/2023\/09\/image.png\",\"datePublished\":\"2023-09-01T12:42:45+00:00\",\"dateModified\":\"2023-09-01T12:42:46+00:00\",\"author\":{\"@id\":\"https:\/\/sef-cpan.ufms.br\/viii\/#\/schema\/person\/7db94e0ce7a5573e04d47c6e5dad2ce0\"},\"breadcrumb\":{\"@id\":\"https:\/\/sef-cpan.ufms.br\/viii\/resultado-publicado-pedido-de-auxilio-abs-para-participacao-do-viii-sef\/#breadcrumb\"},\"inLanguage\":\"pt-BR\",\"potentialAction\":[{\"@type\":\"ReadAction\",\"target\":[\"https:\/\/sef-cpan.ufms.br\/viii\/resultado-publicado-pedido-de-auxilio-abs-para-participacao-do-viii-sef\/\"]}]},{\"@type\":\"ImageObject\",\"inLanguage\":\"pt-BR\",\"@id\":\"https:\/\/sef-cpan.ufms.br\/viii\/resultado-publicado-pedido-de-auxilio-abs-para-participacao-do-viii-sef\/#primaryimage\",\"url\":\"https:\/\/sef-cpan.ufms.br\/viii\/wp-content\/uploads\/sites\/5\/2023\/09\/image.png\",\"contentUrl\":\"https:\/\/sef-cpan.ufms.br\/viii\/wp-content\/uploads\/sites\/5\/2023\/09\/image.png\",\"width\":450,\"height\":96},{\"@type\":\"BreadcrumbList\",\"@id\":\"https:\/\/sef-cpan.ufms.br\/viii\/resultado-publicado-pedido-de-auxilio-abs-para-participacao-do-viii-sef\/#breadcrumb\",\"itemListElement\":[{\"@type\":\"ListItem\",\"position\":1,\"name\":\"In\u00edcio\",\"item\":\"https:\/\/sef-cpan.ufms.br\/viii\/\"},{\"@type\":\"ListItem\",\"position\":2,\"name\":\"Resultado publicado: pedido de aux\u00edlio ABS para participa\u00e7\u00e3o do VIII SEF\"}]},{\"@type\":\"WebSite\",\"@id\":\"https:\/\/sef-cpan.ufms.br\/viii\/#website\",\"url\":\"https:\/\/sef-cpan.ufms.br\/viii\/\",\"name\":\"VIII Semin\u00e1rio Internacional de Estudos Fronteiri\u00e7os - 2023\",\"description\":\"Funda\u00e7\u00e3o Universidade Federal de Mato Grosso do Sul - C\u00e2mpus do Pantanal\",\"potentialAction\":[{\"@type\":\"SearchAction\",\"target\":{\"@type\":\"EntryPoint\",\"urlTemplate\":\"https:\/\/sef-cpan.ufms.br\/viii\/?s={search_term_string}\"},\"query-input\":\"required name=search_term_string\"}],\"inLanguage\":\"pt-BR\"},{\"@type\":\"Person\",\"@id\":\"https:\/\/sef-cpan.ufms.br\/viii\/#\/schema\/person\/7db94e0ce7a5573e04d47c6e5dad2ce0\",\"name\":\"edgar\",\"image\":{\"@type\":\"ImageObject\",\"inLanguage\":\"pt-BR\",\"@id\":\"https:\/\/sef-cpan.ufms.br\/viii\/#\/schema\/person\/image\/\",\"url\":\"https:\/\/secure.gravatar.com\/avatar\/a80fa43b2cc43d0b3e64153798c20848?s=96&d=mm&r=g\",\"contentUrl\":\"https:\/\/secure.gravatar.com\/avatar\/a80fa43b2cc43d0b3e64153798c20848?s=96&d=mm&r=g\",\"caption\":\"edgar\"},\"url\":\"https:\/\/sef-cpan.ufms.br\/viii\/author\/edgar\/\"}]}<\/script>\n<!-- \/ Yoast SEO plugin. -->","yoast_head_json":{"title":"Resultado publicado: pedido de aux\u00edlio ABS para participa\u00e7\u00e3o do VIII SEF - VIII Semin\u00e1rio Internacional de Estudos Fronteiri\u00e7os - 2023","robots":{"index":"index","follow":"follow","max-snippet":"max-snippet:-1","max-image-preview":"max-image-preview:large","max-video-preview":"max-video-preview:-1"},"canonical":"https:\/\/sef-cpan.ufms.br\/viii\/resultado-publicado-pedido-de-auxilio-abs-para-participacao-do-viii-sef\/","og_locale":"pt_BR","og_type":"article","og_title":"Resultado publicado: pedido de aux\u00edlio ABS para participa\u00e7\u00e3o do VIII SEF - VIII Semin\u00e1rio Internacional de Estudos Fronteiri\u00e7os - 2023","og_description":"\u00a0 A Association for Borderlands Studies (ABS) divulga o resultado dos pedidos contemplados para receber o aux\u00edlio de US$ 300 ofertado aos estudantes de p\u00f3s-gradua\u00e7\u00e3o e\/ou pesquisadores em in\u00edcio de carreira e\/ou colegas de pa\u00edses n\u00e3o-membrosRead More...","og_url":"https:\/\/sef-cpan.ufms.br\/viii\/resultado-publicado-pedido-de-auxilio-abs-para-participacao-do-viii-sef\/","og_site_name":"VIII Semin\u00e1rio Internacional de Estudos Fronteiri\u00e7os - 2023","article_published_time":"2023-09-01T12:42:45+00:00","article_modified_time":"2023-09-01T12:42:46+00:00","og_image":[{"url":"https:\/\/sef-cpan.ufms.br\/viii\/wp-content\/uploads\/sites\/5\/2023\/09\/image.png"}],"author":"edgar","twitter_card":"summary_large_image","twitter_misc":{"Escrito por":"edgar","Est. tempo de leitura":"1 minuto"},"schema":{"@context":"https:\/\/schema.org","@graph":[{"@type":"WebPage","@id":"https:\/\/sef-cpan.ufms.br\/viii\/resultado-publicado-pedido-de-auxilio-abs-para-participacao-do-viii-sef\/","url":"https:\/\/sef-cpan.ufms.br\/viii\/resultado-publicado-pedido-de-auxilio-abs-para-participacao-do-viii-sef\/","name":"Resultado publicado: pedido de aux\u00edlio ABS para participa\u00e7\u00e3o do VIII SEF - VIII Semin\u00e1rio Internacional de Estudos Fronteiri\u00e7os - 2023","isPartOf":{"@id":"https:\/\/sef-cpan.ufms.br\/viii\/#website"},"primaryImageOfPage":{"@id":"https:\/\/sef-cpan.ufms.br\/viii\/resultado-publicado-pedido-de-auxilio-abs-para-participacao-do-viii-sef\/#primaryimage"},"image":{"@id":"https:\/\/sef-cpan.ufms.br\/viii\/resultado-publicado-pedido-de-auxilio-abs-para-participacao-do-viii-sef\/#primaryimage"},"thumbnailUrl":"https:\/\/sef-cpan.ufms.br\/viii\/wp-content\/uploads\/sites\/5\/2023\/09\/image.png","datePublished":"2023-09-01T12:42:45+00:00","dateModified":"2023-09-01T12:42:46+00:00","author":{"@id":"https:\/\/sef-cpan.ufms.br\/viii\/#\/schema\/person\/7db94e0ce7a5573e04d47c6e5dad2ce0"},"breadcrumb":{"@id":"https:\/\/sef-cpan.ufms.br\/viii\/resultado-publicado-pedido-de-auxilio-abs-para-participacao-do-viii-sef\/#breadcrumb"},"inLanguage":"pt-BR","potentialAction":[{"@type":"ReadAction","target":["https:\/\/sef-cpan.ufms.br\/viii\/resultado-publicado-pedido-de-auxilio-abs-para-participacao-do-viii-sef\/"]}]},{"@type":"ImageObject","inLanguage":"pt-BR","@id":"https:\/\/sef-cpan.ufms.br\/viii\/resultado-publicado-pedido-de-auxilio-abs-para-participacao-do-viii-sef\/#primaryimage","url":"https:\/\/sef-cpan.ufms.br\/viii\/wp-content\/uploads\/sites\/5\/2023\/09\/image.png","contentUrl":"https:\/\/sef-cpan.ufms.br\/viii\/wp-content\/uploads\/sites\/5\/2023\/09\/image.png","width":450,"height":96},{"@type":"BreadcrumbList","@id":"https:\/\/sef-cpan.ufms.br\/viii\/resultado-publicado-pedido-de-auxilio-abs-para-participacao-do-viii-sef\/#breadcrumb","itemListElement":[{"@type":"ListItem","position":1,"name":"In\u00edcio","item":"https:\/\/sef-cpan.ufms.br\/viii\/"},{"@type":"ListItem","position":2,"name":"Resultado publicado: pedido de aux\u00edlio ABS para participa\u00e7\u00e3o do VIII SEF"}]},{"@type":"WebSite","@id":"https:\/\/sef-cpan.ufms.br\/viii\/#website","url":"https:\/\/sef-cpan.ufms.br\/viii\/","name":"VIII Semin\u00e1rio Internacional de Estudos Fronteiri\u00e7os - 2023","description":"Funda\u00e7\u00e3o Universidade Federal de Mato Grosso do Sul - C\u00e2mpus do Pantanal","potentialAction":[{"@type":"SearchAction","target":{"@type":"EntryPoint","urlTemplate":"https:\/\/sef-cpan.ufms.br\/viii\/?s={search_term_string}"},"query-input":"required name=search_term_string"}],"inLanguage":"pt-BR"},{"@type":"Person","@id":"https:\/\/sef-cpan.ufms.br\/viii\/#\/schema\/person\/7db94e0ce7a5573e04d47c6e5dad2ce0","name":"edgar","image":{"@type":"ImageObject","inLanguage":"pt-BR","@id":"https:\/\/sef-cpan.ufms.br\/viii\/#\/schema\/person\/image\/","url":"https:\/\/secure.gravatar.com\/avatar\/a80fa43b2cc43d0b3e64153798c20848?s=96&d=mm&r=g","contentUrl":"https:\/\/secure.gravatar.com\/avatar\/a80fa43b2cc43d0b3e64153798c20848?s=96&d=mm&r=g","caption":"edgar"},"url":"https:\/\/sef-cpan.ufms.br\/viii\/author\/edgar\/"}]}},"_links":{"self":[{"href":"https:\/\/sef-cpan.ufms.br\/viii\/wp-json\/wp\/v2\/posts\/776"}],"collection":[{"href":"https:\/\/sef-cpan.ufms.br\/viii\/wp-json\/wp\/v2\/posts"}],"about":[{"href":"https:\/\/sef-cpan.ufms.br\/viii\/wp-json\/wp\/v2\/types\/post"}],"author":[{"embeddable":true,"href":"https:\/\/sef-cpan.ufms.br\/viii\/wp-json\/wp\/v2\/users\/2"}],"replies":[{"embeddable":true,"href":"https:\/\/sef-cpan.ufms.br\/viii\/wp-json\/wp\/v2\/comments?post=776"}],"version-history":[{"count":2,"href":"https:\/\/sef-cpan.ufms.br\/viii\/wp-json\/wp\/v2\/posts\/776\/revisions"}],"predecessor-version":[{"id":780,"href":"https:\/\/sef-cpan.ufms.br\/viii\/wp-json\/wp\/v2\/posts\/776\/revisions\/780"}],"wp:attachment":[{"href":"https:\/\/sef-cpan.ufms.br\/viii\/wp-json\/wp\/v2\/media?parent=776"}],"wp:term":[{"taxonomy":"category","embeddable":true,"href":"https:\/\/sef-cpan.ufms.br\/viii\/wp-json\/wp\/v2\/categories?post=776"},{"taxonomy":"post_tag","embeddable":true,"href":"https:\/\/sef-cpan.ufms.br\/viii\/wp-json\/wp\/v2\/tags?post=776"}],"curies":[{"name":"wp","href":"https:\/\/api.w.org\/{rel}","templated":true}]}}