{"id":753,"date":"2023-08-23T08:47:09","date_gmt":"2023-08-23T12:47:09","guid":{"rendered":"https:\/\/sef-cpan.ufms.br\/viii\/?p=753"},"modified":"2023-08-23T10:37:38","modified_gmt":"2023-08-23T14:37:38","slug":"hoteis-e-pousadas-em-corumba-ms","status":"publish","type":"post","link":"https:\/\/sef-cpan.ufms.br\/viii\/hoteis-e-pousadas-em-corumba-ms\/","title":{"rendered":"Hot\u00e9is e Pousadas em Corumb\u00e1-MS"},"content":{"rendered":"\n<figure class=\"wp-block-gallery has-nested-images columns-default is-cropped wp-block-gallery-1 is-layout-flex wp-block-gallery-is-layout-flex\">\n<figure class=\"wp-block-image size-large\"><img loading=\"lazy\" decoding=\"async\" width=\"1024\" height=\"576\" data-id=\"756\" src=\"https:\/\/sef-cpan.ufms.br\/viii\/wp-content\/uploads\/sites\/5\/2023\/08\/HOTEIS-E-1-1024x576.jpg\" alt=\"\" class=\"wp-image-756\" srcset=\"https:\/\/sef-cpan.ufms.br\/viii\/wp-content\/uploads\/sites\/5\/2023\/08\/HOTEIS-E-1-1024x576.jpg 1024w, https:\/\/sef-cpan.ufms.br\/viii\/wp-content\/uploads\/sites\/5\/2023\/08\/HOTEIS-E-1-300x169.jpg 300w, https:\/\/sef-cpan.ufms.br\/viii\/wp-content\/uploads\/sites\/5\/2023\/08\/HOTEIS-E-1-768x432.jpg 768w, https:\/\/sef-cpan.ufms.br\/viii\/wp-content\/uploads\/sites\/5\/2023\/08\/HOTEIS-E-1-1536x864.jpg 1536w, https:\/\/sef-cpan.ufms.br\/viii\/wp-content\/uploads\/sites\/5\/2023\/08\/HOTEIS-E-1.jpg 1920w\" sizes=\"(max-width: 1024px) 100vw, 1024px\" \/><\/figure>\n<\/figure>\n\n\n\n<p><\/p>\n\n\n\n<p class=\"has-white-color has-cyan-bluish-gray-background-color has-text-color has-background has-medium-font-size\">Divulgada a cartilha de recomenda\u00e7\u00f5es de lugares para se hospedar durante o VIII SEF. Para visualizar, clique no link abaixo:<\/p>\n\n\n\n<div class=\"wp-block-buttons is-content-justification-center is-layout-flex wp-container-core-buttons-layout-1 wp-block-buttons-is-layout-flex\">\n<div class=\"wp-block-button has-custom-font-size is-style-fill has-medium-font-size\"><a class=\"wp-block-button__link has-white-color has-vivid-red-background-color has-text-color has-background wp-element-button\" href=\"https:\/\/drive.google.com\/file\/d\/1LVk5PDQxhG_K0hMz75rUThuxYcfPqbPG\/view?usp=sharing\"><strong>Clique aqui <\/strong><\/a><\/div>\n<\/div>\n","protected":false},"excerpt":{"rendered":"<p>Divulgada a cartilha de recomenda\u00e7\u00f5es de lugares para se hospedar durante o VIII SEF. Para visualizar, clique no link abaixo:<\/p>\n","protected":false},"author":2,"featured_media":0,"comment_status":"open","ping_status":"open","sticky":false,"template":"","format":"standard","meta":{"footnotes":""},"categories":[9],"tags":[],"yoast_head":"<!-- This site is optimized with the Yoast SEO plugin v23.1 - https:\/\/yoast.com\/wordpress\/plugins\/seo\/ -->\n<title>Hot\u00e9is e Pousadas em Corumb\u00e1-MS - VIII Semin\u00e1rio Internacional de Estudos Fronteiri\u00e7os - 2023<\/title>\n<meta name=\"robots\" content=\"index, follow, max-snippet:-1, max-image-preview:large, max-video-preview:-1\" \/>\n<link rel=\"canonical\" href=\"https:\/\/sef-cpan.ufms.br\/viii\/hoteis-e-pousadas-em-corumba-ms\/\" \/>\n<meta property=\"og:locale\" content=\"pt_BR\" \/>\n<meta property=\"og:type\" content=\"article\" \/>\n<meta property=\"og:title\" content=\"Hot\u00e9is e Pousadas em Corumb\u00e1-MS - VIII Semin\u00e1rio Internacional de Estudos Fronteiri\u00e7os - 2023\" \/>\n<meta property=\"og:description\" content=\"Divulgada a cartilha de recomenda\u00e7\u00f5es de lugares para se hospedar durante o VIII SEF. Para visualizar, clique no link abaixo:\" \/>\n<meta property=\"og:url\" content=\"https:\/\/sef-cpan.ufms.br\/viii\/hoteis-e-pousadas-em-corumba-ms\/\" \/>\n<meta property=\"og:site_name\" content=\"VIII Semin\u00e1rio Internacional de Estudos Fronteiri\u00e7os - 2023\" \/>\n<meta property=\"article:published_time\" content=\"2023-08-23T12:47:09+00:00\" \/>\n<meta property=\"article:modified_time\" content=\"2023-08-23T14:37:38+00:00\" \/>\n<meta property=\"og:image\" content=\"https:\/\/sef-cpan.ufms.br\/viii\/wp-content\/uploads\/sites\/5\/2023\/08\/HOTEIS-E-1-1024x576.jpg\" \/>\n<meta name=\"author\" content=\"edgar\" \/>\n<meta name=\"twitter:card\" content=\"summary_large_image\" \/>\n<meta name=\"twitter:label1\" content=\"Escrito por\" \/>\n\t<meta name=\"twitter:data1\" content=\"edgar\" \/>\n<script type=\"application\/ld+json\" class=\"yoast-schema-graph\">{\"@context\":\"https:\/\/schema.org\",\"@graph\":[{\"@type\":\"WebPage\",\"@id\":\"https:\/\/sef-cpan.ufms.br\/viii\/hoteis-e-pousadas-em-corumba-ms\/\",\"url\":\"https:\/\/sef-cpan.ufms.br\/viii\/hoteis-e-pousadas-em-corumba-ms\/\",\"name\":\"Hot\u00e9is e Pousadas em Corumb\u00e1-MS - VIII Semin\u00e1rio Internacional de Estudos Fronteiri\u00e7os - 2023\",\"isPartOf\":{\"@id\":\"https:\/\/sef-cpan.ufms.br\/viii\/#website\"},\"primaryImageOfPage\":{\"@id\":\"https:\/\/sef-cpan.ufms.br\/viii\/hoteis-e-pousadas-em-corumba-ms\/#primaryimage\"},\"image\":{\"@id\":\"https:\/\/sef-cpan.ufms.br\/viii\/hoteis-e-pousadas-em-corumba-ms\/#primaryimage\"},\"thumbnailUrl\":\"https:\/\/sef-cpan.ufms.br\/viii\/wp-content\/uploads\/sites\/5\/2023\/08\/HOTEIS-E-1-1024x576.jpg\",\"datePublished\":\"2023-08-23T12:47:09+00:00\",\"dateModified\":\"2023-08-23T14:37:38+00:00\",\"author\":{\"@id\":\"https:\/\/sef-cpan.ufms.br\/viii\/#\/schema\/person\/7db94e0ce7a5573e04d47c6e5dad2ce0\"},\"breadcrumb\":{\"@id\":\"https:\/\/sef-cpan.ufms.br\/viii\/hoteis-e-pousadas-em-corumba-ms\/#breadcrumb\"},\"inLanguage\":\"pt-BR\",\"potentialAction\":[{\"@type\":\"ReadAction\",\"target\":[\"https:\/\/sef-cpan.ufms.br\/viii\/hoteis-e-pousadas-em-corumba-ms\/\"]}]},{\"@type\":\"ImageObject\",\"inLanguage\":\"pt-BR\",\"@id\":\"https:\/\/sef-cpan.ufms.br\/viii\/hoteis-e-pousadas-em-corumba-ms\/#primaryimage\",\"url\":\"https:\/\/sef-cpan.ufms.br\/viii\/wp-content\/uploads\/sites\/5\/2023\/08\/HOTEIS-E-1.jpg\",\"contentUrl\":\"https:\/\/sef-cpan.ufms.br\/viii\/wp-content\/uploads\/sites\/5\/2023\/08\/HOTEIS-E-1.jpg\",\"width\":1920,\"height\":1080},{\"@type\":\"BreadcrumbList\",\"@id\":\"https:\/\/sef-cpan.ufms.br\/viii\/hoteis-e-pousadas-em-corumba-ms\/#breadcrumb\",\"itemListElement\":[{\"@type\":\"ListItem\",\"position\":1,\"name\":\"In\u00edcio\",\"item\":\"https:\/\/sef-cpan.ufms.br\/viii\/\"},{\"@type\":\"ListItem\",\"position\":2,\"name\":\"Hot\u00e9is e Pousadas em Corumb\u00e1-MS\"}]},{\"@type\":\"WebSite\",\"@id\":\"https:\/\/sef-cpan.ufms.br\/viii\/#website\",\"url\":\"https:\/\/sef-cpan.ufms.br\/viii\/\",\"name\":\"VIII Semin\u00e1rio Internacional de Estudos Fronteiri\u00e7os - 2023\",\"description\":\"Funda\u00e7\u00e3o Universidade Federal de Mato Grosso do Sul - C\u00e2mpus do Pantanal\",\"potentialAction\":[{\"@type\":\"SearchAction\",\"target\":{\"@type\":\"EntryPoint\",\"urlTemplate\":\"https:\/\/sef-cpan.ufms.br\/viii\/?s={search_term_string}\"},\"query-input\":\"required name=search_term_string\"}],\"inLanguage\":\"pt-BR\"},{\"@type\":\"Person\",\"@id\":\"https:\/\/sef-cpan.ufms.br\/viii\/#\/schema\/person\/7db94e0ce7a5573e04d47c6e5dad2ce0\",\"name\":\"edgar\",\"image\":{\"@type\":\"ImageObject\",\"inLanguage\":\"pt-BR\",\"@id\":\"https:\/\/sef-cpan.ufms.br\/viii\/#\/schema\/person\/image\/\",\"url\":\"https:\/\/secure.gravatar.com\/avatar\/a80fa43b2cc43d0b3e64153798c20848?s=96&d=mm&r=g\",\"contentUrl\":\"https:\/\/secure.gravatar.com\/avatar\/a80fa43b2cc43d0b3e64153798c20848?s=96&d=mm&r=g\",\"caption\":\"edgar\"},\"url\":\"https:\/\/sef-cpan.ufms.br\/viii\/author\/edgar\/\"}]}<\/script>\n<!-- \/ Yoast SEO plugin. -->","yoast_head_json":{"title":"Hot\u00e9is e Pousadas em Corumb\u00e1-MS - VIII Semin\u00e1rio Internacional de Estudos Fronteiri\u00e7os - 2023","robots":{"index":"index","follow":"follow","max-snippet":"max-snippet:-1","max-image-preview":"max-image-preview:large","max-video-preview":"max-video-preview:-1"},"canonical":"https:\/\/sef-cpan.ufms.br\/viii\/hoteis-e-pousadas-em-corumba-ms\/","og_locale":"pt_BR","og_type":"article","og_title":"Hot\u00e9is e Pousadas em Corumb\u00e1-MS - VIII Semin\u00e1rio Internacional de Estudos Fronteiri\u00e7os - 2023","og_description":"Divulgada a cartilha de recomenda\u00e7\u00f5es de lugares para se hospedar durante o VIII SEF. Para visualizar, clique no link abaixo:","og_url":"https:\/\/sef-cpan.ufms.br\/viii\/hoteis-e-pousadas-em-corumba-ms\/","og_site_name":"VIII Semin\u00e1rio Internacional de Estudos Fronteiri\u00e7os - 2023","article_published_time":"2023-08-23T12:47:09+00:00","article_modified_time":"2023-08-23T14:37:38+00:00","og_image":[{"url":"https:\/\/sef-cpan.ufms.br\/viii\/wp-content\/uploads\/sites\/5\/2023\/08\/HOTEIS-E-1-1024x576.jpg"}],"author":"edgar","twitter_card":"summary_large_image","twitter_misc":{"Escrito por":"edgar"},"schema":{"@context":"https:\/\/schema.org","@graph":[{"@type":"WebPage","@id":"https:\/\/sef-cpan.ufms.br\/viii\/hoteis-e-pousadas-em-corumba-ms\/","url":"https:\/\/sef-cpan.ufms.br\/viii\/hoteis-e-pousadas-em-corumba-ms\/","name":"Hot\u00e9is e Pousadas em Corumb\u00e1-MS - VIII Semin\u00e1rio Internacional de Estudos Fronteiri\u00e7os - 2023","isPartOf":{"@id":"https:\/\/sef-cpan.ufms.br\/viii\/#website"},"primaryImageOfPage":{"@id":"https:\/\/sef-cpan.ufms.br\/viii\/hoteis-e-pousadas-em-corumba-ms\/#primaryimage"},"image":{"@id":"https:\/\/sef-cpan.ufms.br\/viii\/hoteis-e-pousadas-em-corumba-ms\/#primaryimage"},"thumbnailUrl":"https:\/\/sef-cpan.ufms.br\/viii\/wp-content\/uploads\/sites\/5\/2023\/08\/HOTEIS-E-1-1024x576.jpg","datePublished":"2023-08-23T12:47:09+00:00","dateModified":"2023-08-23T14:37:38+00:00","author":{"@id":"https:\/\/sef-cpan.ufms.br\/viii\/#\/schema\/person\/7db94e0ce7a5573e04d47c6e5dad2ce0"},"breadcrumb":{"@id":"https:\/\/sef-cpan.ufms.br\/viii\/hoteis-e-pousadas-em-corumba-ms\/#breadcrumb"},"inLanguage":"pt-BR","potentialAction":[{"@type":"ReadAction","target":["https:\/\/sef-cpan.ufms.br\/viii\/hoteis-e-pousadas-em-corumba-ms\/"]}]},{"@type":"ImageObject","inLanguage":"pt-BR","@id":"https:\/\/sef-cpan.ufms.br\/viii\/hoteis-e-pousadas-em-corumba-ms\/#primaryimage","url":"https:\/\/sef-cpan.ufms.br\/viii\/wp-content\/uploads\/sites\/5\/2023\/08\/HOTEIS-E-1.jpg","contentUrl":"https:\/\/sef-cpan.ufms.br\/viii\/wp-content\/uploads\/sites\/5\/2023\/08\/HOTEIS-E-1.jpg","width":1920,"height":1080},{"@type":"BreadcrumbList","@id":"https:\/\/sef-cpan.ufms.br\/viii\/hoteis-e-pousadas-em-corumba-ms\/#breadcrumb","itemListElement":[{"@type":"ListItem","position":1,"name":"In\u00edcio","item":"https:\/\/sef-cpan.ufms.br\/viii\/"},{"@type":"ListItem","position":2,"name":"Hot\u00e9is e Pousadas em Corumb\u00e1-MS"}]},{"@type":"WebSite","@id":"https:\/\/sef-cpan.ufms.br\/viii\/#website","url":"https:\/\/sef-cpan.ufms.br\/viii\/","name":"VIII Semin\u00e1rio Internacional de Estudos Fronteiri\u00e7os - 2023","description":"Funda\u00e7\u00e3o Universidade Federal de Mato Grosso do Sul - C\u00e2mpus do Pantanal","potentialAction":[{"@type":"SearchAction","target":{"@type":"EntryPoint","urlTemplate":"https:\/\/sef-cpan.ufms.br\/viii\/?s={search_term_string}"},"query-input":"required name=search_term_string"}],"inLanguage":"pt-BR"},{"@type":"Person","@id":"https:\/\/sef-cpan.ufms.br\/viii\/#\/schema\/person\/7db94e0ce7a5573e04d47c6e5dad2ce0","name":"edgar","image":{"@type":"ImageObject","inLanguage":"pt-BR","@id":"https:\/\/sef-cpan.ufms.br\/viii\/#\/schema\/person\/image\/","url":"https:\/\/secure.gravatar.com\/avatar\/a80fa43b2cc43d0b3e64153798c20848?s=96&d=mm&r=g","contentUrl":"https:\/\/secure.gravatar.com\/avatar\/a80fa43b2cc43d0b3e64153798c20848?s=96&d=mm&r=g","caption":"edgar"},"url":"https:\/\/sef-cpan.ufms.br\/viii\/author\/edgar\/"}]}},"_links":{"self":[{"href":"https:\/\/sef-cpan.ufms.br\/viii\/wp-json\/wp\/v2\/posts\/753"}],"collection":[{"href":"https:\/\/sef-cpan.ufms.br\/viii\/wp-json\/wp\/v2\/posts"}],"about":[{"href":"https:\/\/sef-cpan.ufms.br\/viii\/wp-json\/wp\/v2\/types\/post"}],"author":[{"embeddable":true,"href":"https:\/\/sef-cpan.ufms.br\/viii\/wp-json\/wp\/v2\/users\/2"}],"replies":[{"embeddable":true,"href":"https:\/\/sef-cpan.ufms.br\/viii\/wp-json\/wp\/v2\/comments?post=753"}],"version-history":[{"count":7,"href":"https:\/\/sef-cpan.ufms.br\/viii\/wp-json\/wp\/v2\/posts\/753\/revisions"}],"predecessor-version":[{"id":763,"href":"https:\/\/sef-cpan.ufms.br\/viii\/wp-json\/wp\/v2\/posts\/753\/revisions\/763"}],"wp:attachment":[{"href":"https:\/\/sef-cpan.ufms.br\/viii\/wp-json\/wp\/v2\/media?parent=753"}],"wp:term":[{"taxonomy":"category","embeddable":true,"href":"https:\/\/sef-cpan.ufms.br\/viii\/wp-json\/wp\/v2\/categories?post=753"},{"taxonomy":"post_tag","embeddable":true,"href":"https:\/\/sef-cpan.ufms.br\/viii\/wp-json\/wp\/v2\/tags?post=753"}],"curies":[{"name":"wp","href":"https:\/\/api.w.org\/{rel}","templated":true}]}}