{"id":731,"date":"2023-08-14T14:19:10","date_gmt":"2023-08-14T18:19:10","guid":{"rendered":"https:\/\/sef-cpan.ufms.br\/viii\/?p=731"},"modified":"2023-08-14T15:11:16","modified_gmt":"2023-08-14T19:11:16","slug":"link-para-pagamento-disponivel","status":"publish","type":"post","link":"https:\/\/sef-cpan.ufms.br\/viii\/link-para-pagamento-disponivel\/","title":{"rendered":"Link para pagamento dispon\u00edvel!"},"content":{"rendered":"<p style=\"text-align: justify;\">A partir de hoje, todos que se inscreveram para participar do VIII Semin\u00e1rio Internacional de Estudos Fronteiri\u00e7os podem acessar o link de pagamento do evento na aba <a href=\"https:\/\/sef-cpan.ufms.br\/viii\/inscricoes\/\">Inscri\u00e7\u00f5es,<\/a> clicando em \u201cPAGAMENTO\u201d. O pagamento \u00e9 efetuado na p\u00e1gina da FAPEC, e os valores s\u00e3o de acordo com cada tipo de participante e com o calend\u00e1rio do evento, conforme tabela abaixo:<\/p>\n\n\n<figure class=\"wp-block-table\"><table><tbody><tr><td>Participantes<\/td><td>De 14\/08\/2023<br>a 11\/09\/2023<\/td><td>De 12\/09\/2023<br>a 28\/09\/2023<\/td><\/tr><tr><td>Estudante de gradua\u00e7\u00e3o<br>Docente da Educa\u00e7\u00e3o B\u00e1sica<\/td><td>R$ 60,00<\/td><td>R$ 100,00<\/td><\/tr><tr><td>Estudante de p\u00f3s-gradua\u00e7\u00e3o<br><\/td><td>R$ 120,00<\/td><td>R$ 160,00<\/td><\/tr><tr><td>Profissionais<br>Docentes do Ensino Superior<\/td><td>R$ 160,00<\/td><td>R$ 200,00<\/td><\/tr><tr><td>Convidados<\/td><td>Isento<\/td><td>Isento<\/td><\/tr><tr><td>Comiss\u00e3o Organizadora<\/td><td>Isenta<\/td><td>Isenta<\/td><\/tr><\/tbody><\/table><\/figure>\n","protected":false},"excerpt":{"rendered":"<p>A partir de hoje, todos que se inscreveram para participar do VIII Semin\u00e1rio Internacional de Estudos Fronteiri\u00e7os podem acessar o link de pagamento do evento na aba Inscri\u00e7\u00f5es, clicando em \u201cPAGAMENTO\u201d. O pagamento \u00e9 efetuado na<a class=\"moretag\" href=\"https:\/\/sef-cpan.ufms.br\/viii\/link-para-pagamento-disponivel\/\">Read More&#8230;<\/a><\/p>\n","protected":false},"author":2,"featured_media":734,"comment_status":"open","ping_status":"open","sticky":false,"template":"","format":"standard","meta":{"footnotes":""},"categories":[9],"tags":[],"yoast_head":"<!-- This site is optimized with the Yoast SEO plugin v23.1 - https:\/\/yoast.com\/wordpress\/plugins\/seo\/ -->\n<title>Link para pagamento dispon\u00edvel! - VIII Semin\u00e1rio Internacional de Estudos Fronteiri\u00e7os - 2023<\/title>\n<meta name=\"robots\" content=\"index, follow, max-snippet:-1, max-image-preview:large, max-video-preview:-1\" \/>\n<link rel=\"canonical\" href=\"https:\/\/sef-cpan.ufms.br\/viii\/link-para-pagamento-disponivel\/\" \/>\n<meta property=\"og:locale\" content=\"pt_BR\" \/>\n<meta property=\"og:type\" content=\"article\" \/>\n<meta property=\"og:title\" content=\"Link para pagamento dispon\u00edvel! - VIII Semin\u00e1rio Internacional de Estudos Fronteiri\u00e7os - 2023\" \/>\n<meta property=\"og:description\" content=\"A partir de hoje, todos que se inscreveram para participar do VIII Semin\u00e1rio Internacional de Estudos Fronteiri\u00e7os podem acessar o link de pagamento do evento na aba Inscri\u00e7\u00f5es, clicando em \u201cPAGAMENTO\u201d. O pagamento \u00e9 efetuado naRead More...\" \/>\n<meta property=\"og:url\" content=\"https:\/\/sef-cpan.ufms.br\/viii\/link-para-pagamento-disponivel\/\" \/>\n<meta property=\"og:site_name\" content=\"VIII Semin\u00e1rio Internacional de Estudos Fronteiri\u00e7os - 2023\" \/>\n<meta property=\"article:published_time\" content=\"2023-08-14T18:19:10+00:00\" \/>\n<meta property=\"article:modified_time\" content=\"2023-08-14T19:11:16+00:00\" \/>\n<meta property=\"og:image\" content=\"https:\/\/sef-cpan.ufms.br\/viii\/wp-content\/uploads\/sites\/5\/2023\/08\/Pagamento.png\" \/>\n\t<meta property=\"og:image:width\" content=\"1080\" \/>\n\t<meta property=\"og:image:height\" content=\"1080\" \/>\n\t<meta property=\"og:image:type\" content=\"image\/png\" \/>\n<meta name=\"author\" content=\"edgar\" \/>\n<meta name=\"twitter:card\" content=\"summary_large_image\" \/>\n<meta name=\"twitter:label1\" content=\"Escrito por\" \/>\n\t<meta name=\"twitter:data1\" content=\"edgar\" \/>\n<script type=\"application\/ld+json\" class=\"yoast-schema-graph\">{\"@context\":\"https:\/\/schema.org\",\"@graph\":[{\"@type\":\"WebPage\",\"@id\":\"https:\/\/sef-cpan.ufms.br\/viii\/link-para-pagamento-disponivel\/\",\"url\":\"https:\/\/sef-cpan.ufms.br\/viii\/link-para-pagamento-disponivel\/\",\"name\":\"Link para pagamento dispon\u00edvel! - VIII Semin\u00e1rio Internacional de Estudos Fronteiri\u00e7os - 2023\",\"isPartOf\":{\"@id\":\"https:\/\/sef-cpan.ufms.br\/viii\/#website\"},\"primaryImageOfPage\":{\"@id\":\"https:\/\/sef-cpan.ufms.br\/viii\/link-para-pagamento-disponivel\/#primaryimage\"},\"image\":{\"@id\":\"https:\/\/sef-cpan.ufms.br\/viii\/link-para-pagamento-disponivel\/#primaryimage\"},\"thumbnailUrl\":\"https:\/\/sef-cpan.ufms.br\/viii\/wp-content\/uploads\/sites\/5\/2023\/08\/Pagamento.png\",\"datePublished\":\"2023-08-14T18:19:10+00:00\",\"dateModified\":\"2023-08-14T19:11:16+00:00\",\"author\":{\"@id\":\"https:\/\/sef-cpan.ufms.br\/viii\/#\/schema\/person\/7db94e0ce7a5573e04d47c6e5dad2ce0\"},\"breadcrumb\":{\"@id\":\"https:\/\/sef-cpan.ufms.br\/viii\/link-para-pagamento-disponivel\/#breadcrumb\"},\"inLanguage\":\"pt-BR\",\"potentialAction\":[{\"@type\":\"ReadAction\",\"target\":[\"https:\/\/sef-cpan.ufms.br\/viii\/link-para-pagamento-disponivel\/\"]}]},{\"@type\":\"ImageObject\",\"inLanguage\":\"pt-BR\",\"@id\":\"https:\/\/sef-cpan.ufms.br\/viii\/link-para-pagamento-disponivel\/#primaryimage\",\"url\":\"https:\/\/sef-cpan.ufms.br\/viii\/wp-content\/uploads\/sites\/5\/2023\/08\/Pagamento.png\",\"contentUrl\":\"https:\/\/sef-cpan.ufms.br\/viii\/wp-content\/uploads\/sites\/5\/2023\/08\/Pagamento.png\",\"width\":1080,\"height\":1080},{\"@type\":\"BreadcrumbList\",\"@id\":\"https:\/\/sef-cpan.ufms.br\/viii\/link-para-pagamento-disponivel\/#breadcrumb\",\"itemListElement\":[{\"@type\":\"ListItem\",\"position\":1,\"name\":\"In\u00edcio\",\"item\":\"https:\/\/sef-cpan.ufms.br\/viii\/\"},{\"@type\":\"ListItem\",\"position\":2,\"name\":\"Link para pagamento dispon\u00edvel!\"}]},{\"@type\":\"WebSite\",\"@id\":\"https:\/\/sef-cpan.ufms.br\/viii\/#website\",\"url\":\"https:\/\/sef-cpan.ufms.br\/viii\/\",\"name\":\"VIII Semin\u00e1rio Internacional de Estudos Fronteiri\u00e7os - 2023\",\"description\":\"Funda\u00e7\u00e3o Universidade Federal de Mato Grosso do Sul - C\u00e2mpus do Pantanal\",\"potentialAction\":[{\"@type\":\"SearchAction\",\"target\":{\"@type\":\"EntryPoint\",\"urlTemplate\":\"https:\/\/sef-cpan.ufms.br\/viii\/?s={search_term_string}\"},\"query-input\":\"required name=search_term_string\"}],\"inLanguage\":\"pt-BR\"},{\"@type\":\"Person\",\"@id\":\"https:\/\/sef-cpan.ufms.br\/viii\/#\/schema\/person\/7db94e0ce7a5573e04d47c6e5dad2ce0\",\"name\":\"edgar\",\"image\":{\"@type\":\"ImageObject\",\"inLanguage\":\"pt-BR\",\"@id\":\"https:\/\/sef-cpan.ufms.br\/viii\/#\/schema\/person\/image\/\",\"url\":\"https:\/\/secure.gravatar.com\/avatar\/a80fa43b2cc43d0b3e64153798c20848?s=96&d=mm&r=g\",\"contentUrl\":\"https:\/\/secure.gravatar.com\/avatar\/a80fa43b2cc43d0b3e64153798c20848?s=96&d=mm&r=g\",\"caption\":\"edgar\"},\"url\":\"https:\/\/sef-cpan.ufms.br\/viii\/author\/edgar\/\"}]}<\/script>\n<!-- \/ Yoast SEO plugin. -->","yoast_head_json":{"title":"Link para pagamento dispon\u00edvel! - VIII Semin\u00e1rio Internacional de Estudos Fronteiri\u00e7os - 2023","robots":{"index":"index","follow":"follow","max-snippet":"max-snippet:-1","max-image-preview":"max-image-preview:large","max-video-preview":"max-video-preview:-1"},"canonical":"https:\/\/sef-cpan.ufms.br\/viii\/link-para-pagamento-disponivel\/","og_locale":"pt_BR","og_type":"article","og_title":"Link para pagamento dispon\u00edvel! - VIII Semin\u00e1rio Internacional de Estudos Fronteiri\u00e7os - 2023","og_description":"A partir de hoje, todos que se inscreveram para participar do VIII Semin\u00e1rio Internacional de Estudos Fronteiri\u00e7os podem acessar o link de pagamento do evento na aba Inscri\u00e7\u00f5es, clicando em \u201cPAGAMENTO\u201d. O pagamento \u00e9 efetuado naRead More...","og_url":"https:\/\/sef-cpan.ufms.br\/viii\/link-para-pagamento-disponivel\/","og_site_name":"VIII Semin\u00e1rio Internacional de Estudos Fronteiri\u00e7os - 2023","article_published_time":"2023-08-14T18:19:10+00:00","article_modified_time":"2023-08-14T19:11:16+00:00","og_image":[{"width":1080,"height":1080,"url":"https:\/\/sef-cpan.ufms.br\/viii\/wp-content\/uploads\/sites\/5\/2023\/08\/Pagamento.png","type":"image\/png"}],"author":"edgar","twitter_card":"summary_large_image","twitter_misc":{"Escrito por":"edgar"},"schema":{"@context":"https:\/\/schema.org","@graph":[{"@type":"WebPage","@id":"https:\/\/sef-cpan.ufms.br\/viii\/link-para-pagamento-disponivel\/","url":"https:\/\/sef-cpan.ufms.br\/viii\/link-para-pagamento-disponivel\/","name":"Link para pagamento dispon\u00edvel! - VIII Semin\u00e1rio Internacional de Estudos Fronteiri\u00e7os - 2023","isPartOf":{"@id":"https:\/\/sef-cpan.ufms.br\/viii\/#website"},"primaryImageOfPage":{"@id":"https:\/\/sef-cpan.ufms.br\/viii\/link-para-pagamento-disponivel\/#primaryimage"},"image":{"@id":"https:\/\/sef-cpan.ufms.br\/viii\/link-para-pagamento-disponivel\/#primaryimage"},"thumbnailUrl":"https:\/\/sef-cpan.ufms.br\/viii\/wp-content\/uploads\/sites\/5\/2023\/08\/Pagamento.png","datePublished":"2023-08-14T18:19:10+00:00","dateModified":"2023-08-14T19:11:16+00:00","author":{"@id":"https:\/\/sef-cpan.ufms.br\/viii\/#\/schema\/person\/7db94e0ce7a5573e04d47c6e5dad2ce0"},"breadcrumb":{"@id":"https:\/\/sef-cpan.ufms.br\/viii\/link-para-pagamento-disponivel\/#breadcrumb"},"inLanguage":"pt-BR","potentialAction":[{"@type":"ReadAction","target":["https:\/\/sef-cpan.ufms.br\/viii\/link-para-pagamento-disponivel\/"]}]},{"@type":"ImageObject","inLanguage":"pt-BR","@id":"https:\/\/sef-cpan.ufms.br\/viii\/link-para-pagamento-disponivel\/#primaryimage","url":"https:\/\/sef-cpan.ufms.br\/viii\/wp-content\/uploads\/sites\/5\/2023\/08\/Pagamento.png","contentUrl":"https:\/\/sef-cpan.ufms.br\/viii\/wp-content\/uploads\/sites\/5\/2023\/08\/Pagamento.png","width":1080,"height":1080},{"@type":"BreadcrumbList","@id":"https:\/\/sef-cpan.ufms.br\/viii\/link-para-pagamento-disponivel\/#breadcrumb","itemListElement":[{"@type":"ListItem","position":1,"name":"In\u00edcio","item":"https:\/\/sef-cpan.ufms.br\/viii\/"},{"@type":"ListItem","position":2,"name":"Link para pagamento dispon\u00edvel!"}]},{"@type":"WebSite","@id":"https:\/\/sef-cpan.ufms.br\/viii\/#website","url":"https:\/\/sef-cpan.ufms.br\/viii\/","name":"VIII Semin\u00e1rio Internacional de Estudos Fronteiri\u00e7os - 2023","description":"Funda\u00e7\u00e3o Universidade Federal de Mato Grosso do Sul - C\u00e2mpus do Pantanal","potentialAction":[{"@type":"SearchAction","target":{"@type":"EntryPoint","urlTemplate":"https:\/\/sef-cpan.ufms.br\/viii\/?s={search_term_string}"},"query-input":"required name=search_term_string"}],"inLanguage":"pt-BR"},{"@type":"Person","@id":"https:\/\/sef-cpan.ufms.br\/viii\/#\/schema\/person\/7db94e0ce7a5573e04d47c6e5dad2ce0","name":"edgar","image":{"@type":"ImageObject","inLanguage":"pt-BR","@id":"https:\/\/sef-cpan.ufms.br\/viii\/#\/schema\/person\/image\/","url":"https:\/\/secure.gravatar.com\/avatar\/a80fa43b2cc43d0b3e64153798c20848?s=96&d=mm&r=g","contentUrl":"https:\/\/secure.gravatar.com\/avatar\/a80fa43b2cc43d0b3e64153798c20848?s=96&d=mm&r=g","caption":"edgar"},"url":"https:\/\/sef-cpan.ufms.br\/viii\/author\/edgar\/"}]}},"_links":{"self":[{"href":"https:\/\/sef-cpan.ufms.br\/viii\/wp-json\/wp\/v2\/posts\/731"}],"collection":[{"href":"https:\/\/sef-cpan.ufms.br\/viii\/wp-json\/wp\/v2\/posts"}],"about":[{"href":"https:\/\/sef-cpan.ufms.br\/viii\/wp-json\/wp\/v2\/types\/post"}],"author":[{"embeddable":true,"href":"https:\/\/sef-cpan.ufms.br\/viii\/wp-json\/wp\/v2\/users\/2"}],"replies":[{"embeddable":true,"href":"https:\/\/sef-cpan.ufms.br\/viii\/wp-json\/wp\/v2\/comments?post=731"}],"version-history":[{"count":3,"href":"https:\/\/sef-cpan.ufms.br\/viii\/wp-json\/wp\/v2\/posts\/731\/revisions"}],"predecessor-version":[{"id":737,"href":"https:\/\/sef-cpan.ufms.br\/viii\/wp-json\/wp\/v2\/posts\/731\/revisions\/737"}],"wp:featuredmedia":[{"embeddable":true,"href":"https:\/\/sef-cpan.ufms.br\/viii\/wp-json\/wp\/v2\/media\/734"}],"wp:attachment":[{"href":"https:\/\/sef-cpan.ufms.br\/viii\/wp-json\/wp\/v2\/media?parent=731"}],"wp:term":[{"taxonomy":"category","embeddable":true,"href":"https:\/\/sef-cpan.ufms.br\/viii\/wp-json\/wp\/v2\/categories?post=731"},{"taxonomy":"post_tag","embeddable":true,"href":"https:\/\/sef-cpan.ufms.br\/viii\/wp-json\/wp\/v2\/tags?post=731"}],"curies":[{"name":"wp","href":"https:\/\/api.w.org\/{rel}","templated":true}]}}