{"id":657,"date":"2023-07-26T14:52:13","date_gmt":"2023-07-26T18:52:13","guid":{"rendered":"https:\/\/sef-cpan.ufms.br\/viii\/?p=657"},"modified":"2023-07-26T14:52:46","modified_gmt":"2023-07-26T18:52:46","slug":"livro-disponivel-political-geography-geopolitics-and-territorial-management-brazilian-perspectives-kindle-edition","status":"publish","type":"post","link":"https:\/\/sef-cpan.ufms.br\/viii\/livro-disponivel-political-geography-geopolitics-and-territorial-management-brazilian-perspectives-kindle-edition\/","title":{"rendered":"Livro Dispon\u00edvel: Political geography, geopolitics and territorial management: Brazilian perspectives\u00a0Kindle Edition"},"content":{"rendered":"<p style=\"text-align: justify;\">Acesse o link abaixo e tenha acesso ao livro Political geography, geopolitics and territorial management: Brazilian, de Gutemberg de Vilhena Silva (Autor) e Alexandre Bergamin Vieira (Autor), pela Kindle Ediction.<\/p>\n<p><iframe loading=\"lazy\" title=\"Political geography, geopolitics and territorial management: Brazilian perspectives\" type=\"text\/html\" width=\"604\" height=\"550\" frameborder=\"0\" allowfullscreen style=\"max-width:100%\" src=\"https:\/\/read.amazon.in\/kp\/card?preview=inline&#038;linkCode=kpd&#038;ref_=k4w_oembed_O4DcFToDqzhsEN&#038;asin=B0C4B666SK&#038;tag=kpembed-20\"><\/iframe><\/p>\n","protected":false},"excerpt":{"rendered":"<p>Acesse o link abaixo e tenha acesso ao livro Political geography, geopolitics and territorial management: Brazilian, de Gutemberg de Vilhena Silva (Autor) e Alexandre Bergamin Vieira (Autor), pela Kindle Ediction.<\/p>\n","protected":false},"author":2,"featured_media":0,"comment_status":"open","ping_status":"open","sticky":false,"template":"","format":"standard","meta":{"footnotes":""},"categories":[9],"tags":[],"yoast_head":"<!-- This site is optimized with the Yoast SEO plugin v23.1 - https:\/\/yoast.com\/wordpress\/plugins\/seo\/ -->\n<title>Livro Dispon\u00edvel: Political geography, geopolitics and territorial management: Brazilian perspectives\u00a0Kindle Edition - VIII Semin\u00e1rio Internacional de Estudos Fronteiri\u00e7os - 2023<\/title>\n<meta name=\"robots\" content=\"index, follow, max-snippet:-1, max-image-preview:large, max-video-preview:-1\" \/>\n<link rel=\"canonical\" href=\"https:\/\/sef-cpan.ufms.br\/viii\/livro-disponivel-political-geography-geopolitics-and-territorial-management-brazilian-perspectives-kindle-edition\/\" \/>\n<meta property=\"og:locale\" content=\"pt_BR\" \/>\n<meta property=\"og:type\" content=\"article\" \/>\n<meta property=\"og:title\" content=\"Livro Dispon\u00edvel: Political geography, geopolitics and territorial management: Brazilian perspectives\u00a0Kindle Edition - VIII Semin\u00e1rio Internacional de Estudos Fronteiri\u00e7os - 2023\" \/>\n<meta property=\"og:description\" content=\"Acesse o link abaixo e tenha acesso ao livro Political geography, geopolitics and territorial management: Brazilian, de Gutemberg de Vilhena Silva (Autor) e Alexandre Bergamin Vieira (Autor), pela Kindle Ediction.\" \/>\n<meta property=\"og:url\" content=\"https:\/\/sef-cpan.ufms.br\/viii\/livro-disponivel-political-geography-geopolitics-and-territorial-management-brazilian-perspectives-kindle-edition\/\" \/>\n<meta property=\"og:site_name\" content=\"VIII Semin\u00e1rio Internacional de Estudos Fronteiri\u00e7os - 2023\" \/>\n<meta property=\"article:published_time\" content=\"2023-07-26T18:52:13+00:00\" \/>\n<meta property=\"article:modified_time\" content=\"2023-07-26T18:52:46+00:00\" \/>\n<meta name=\"author\" content=\"edgar\" \/>\n<meta name=\"twitter:card\" content=\"summary_large_image\" \/>\n<meta name=\"twitter:label1\" content=\"Escrito por\" \/>\n\t<meta name=\"twitter:data1\" content=\"edgar\" \/>\n<script type=\"application\/ld+json\" class=\"yoast-schema-graph\">{\"@context\":\"https:\/\/schema.org\",\"@graph\":[{\"@type\":\"WebPage\",\"@id\":\"https:\/\/sef-cpan.ufms.br\/viii\/livro-disponivel-political-geography-geopolitics-and-territorial-management-brazilian-perspectives-kindle-edition\/\",\"url\":\"https:\/\/sef-cpan.ufms.br\/viii\/livro-disponivel-political-geography-geopolitics-and-territorial-management-brazilian-perspectives-kindle-edition\/\",\"name\":\"Livro Dispon\u00edvel: Political geography, geopolitics and territorial management: Brazilian perspectives\u00a0Kindle Edition - VIII Semin\u00e1rio Internacional de Estudos Fronteiri\u00e7os - 2023\",\"isPartOf\":{\"@id\":\"https:\/\/sef-cpan.ufms.br\/viii\/#website\"},\"datePublished\":\"2023-07-26T18:52:13+00:00\",\"dateModified\":\"2023-07-26T18:52:46+00:00\",\"author\":{\"@id\":\"https:\/\/sef-cpan.ufms.br\/viii\/#\/schema\/person\/7db94e0ce7a5573e04d47c6e5dad2ce0\"},\"breadcrumb\":{\"@id\":\"https:\/\/sef-cpan.ufms.br\/viii\/livro-disponivel-political-geography-geopolitics-and-territorial-management-brazilian-perspectives-kindle-edition\/#breadcrumb\"},\"inLanguage\":\"pt-BR\",\"potentialAction\":[{\"@type\":\"ReadAction\",\"target\":[\"https:\/\/sef-cpan.ufms.br\/viii\/livro-disponivel-political-geography-geopolitics-and-territorial-management-brazilian-perspectives-kindle-edition\/\"]}]},{\"@type\":\"BreadcrumbList\",\"@id\":\"https:\/\/sef-cpan.ufms.br\/viii\/livro-disponivel-political-geography-geopolitics-and-territorial-management-brazilian-perspectives-kindle-edition\/#breadcrumb\",\"itemListElement\":[{\"@type\":\"ListItem\",\"position\":1,\"name\":\"In\u00edcio\",\"item\":\"https:\/\/sef-cpan.ufms.br\/viii\/\"},{\"@type\":\"ListItem\",\"position\":2,\"name\":\"Livro Dispon\u00edvel: Political geography, geopolitics and territorial management: Brazilian perspectives\u00a0Kindle Edition\"}]},{\"@type\":\"WebSite\",\"@id\":\"https:\/\/sef-cpan.ufms.br\/viii\/#website\",\"url\":\"https:\/\/sef-cpan.ufms.br\/viii\/\",\"name\":\"VIII Semin\u00e1rio Internacional de Estudos Fronteiri\u00e7os - 2023\",\"description\":\"Funda\u00e7\u00e3o Universidade Federal de Mato Grosso do Sul - C\u00e2mpus do Pantanal\",\"potentialAction\":[{\"@type\":\"SearchAction\",\"target\":{\"@type\":\"EntryPoint\",\"urlTemplate\":\"https:\/\/sef-cpan.ufms.br\/viii\/?s={search_term_string}\"},\"query-input\":\"required name=search_term_string\"}],\"inLanguage\":\"pt-BR\"},{\"@type\":\"Person\",\"@id\":\"https:\/\/sef-cpan.ufms.br\/viii\/#\/schema\/person\/7db94e0ce7a5573e04d47c6e5dad2ce0\",\"name\":\"edgar\",\"image\":{\"@type\":\"ImageObject\",\"inLanguage\":\"pt-BR\",\"@id\":\"https:\/\/sef-cpan.ufms.br\/viii\/#\/schema\/person\/image\/\",\"url\":\"https:\/\/secure.gravatar.com\/avatar\/a80fa43b2cc43d0b3e64153798c20848?s=96&d=mm&r=g\",\"contentUrl\":\"https:\/\/secure.gravatar.com\/avatar\/a80fa43b2cc43d0b3e64153798c20848?s=96&d=mm&r=g\",\"caption\":\"edgar\"},\"url\":\"https:\/\/sef-cpan.ufms.br\/viii\/author\/edgar\/\"}]}<\/script>\n<!-- \/ Yoast SEO plugin. -->","yoast_head_json":{"title":"Livro Dispon\u00edvel: Political geography, geopolitics and territorial management: Brazilian perspectives\u00a0Kindle Edition - VIII Semin\u00e1rio Internacional de Estudos Fronteiri\u00e7os - 2023","robots":{"index":"index","follow":"follow","max-snippet":"max-snippet:-1","max-image-preview":"max-image-preview:large","max-video-preview":"max-video-preview:-1"},"canonical":"https:\/\/sef-cpan.ufms.br\/viii\/livro-disponivel-political-geography-geopolitics-and-territorial-management-brazilian-perspectives-kindle-edition\/","og_locale":"pt_BR","og_type":"article","og_title":"Livro Dispon\u00edvel: Political geography, geopolitics and territorial management: Brazilian perspectives\u00a0Kindle Edition - VIII Semin\u00e1rio Internacional de Estudos Fronteiri\u00e7os - 2023","og_description":"Acesse o link abaixo e tenha acesso ao livro Political geography, geopolitics and territorial management: Brazilian, de Gutemberg de Vilhena Silva (Autor) e Alexandre Bergamin Vieira (Autor), pela Kindle Ediction.","og_url":"https:\/\/sef-cpan.ufms.br\/viii\/livro-disponivel-political-geography-geopolitics-and-territorial-management-brazilian-perspectives-kindle-edition\/","og_site_name":"VIII Semin\u00e1rio Internacional de Estudos Fronteiri\u00e7os - 2023","article_published_time":"2023-07-26T18:52:13+00:00","article_modified_time":"2023-07-26T18:52:46+00:00","author":"edgar","twitter_card":"summary_large_image","twitter_misc":{"Escrito por":"edgar"},"schema":{"@context":"https:\/\/schema.org","@graph":[{"@type":"WebPage","@id":"https:\/\/sef-cpan.ufms.br\/viii\/livro-disponivel-political-geography-geopolitics-and-territorial-management-brazilian-perspectives-kindle-edition\/","url":"https:\/\/sef-cpan.ufms.br\/viii\/livro-disponivel-political-geography-geopolitics-and-territorial-management-brazilian-perspectives-kindle-edition\/","name":"Livro Dispon\u00edvel: Political geography, geopolitics and territorial management: Brazilian perspectives\u00a0Kindle Edition - VIII Semin\u00e1rio Internacional de Estudos Fronteiri\u00e7os - 2023","isPartOf":{"@id":"https:\/\/sef-cpan.ufms.br\/viii\/#website"},"datePublished":"2023-07-26T18:52:13+00:00","dateModified":"2023-07-26T18:52:46+00:00","author":{"@id":"https:\/\/sef-cpan.ufms.br\/viii\/#\/schema\/person\/7db94e0ce7a5573e04d47c6e5dad2ce0"},"breadcrumb":{"@id":"https:\/\/sef-cpan.ufms.br\/viii\/livro-disponivel-political-geography-geopolitics-and-territorial-management-brazilian-perspectives-kindle-edition\/#breadcrumb"},"inLanguage":"pt-BR","potentialAction":[{"@type":"ReadAction","target":["https:\/\/sef-cpan.ufms.br\/viii\/livro-disponivel-political-geography-geopolitics-and-territorial-management-brazilian-perspectives-kindle-edition\/"]}]},{"@type":"BreadcrumbList","@id":"https:\/\/sef-cpan.ufms.br\/viii\/livro-disponivel-political-geography-geopolitics-and-territorial-management-brazilian-perspectives-kindle-edition\/#breadcrumb","itemListElement":[{"@type":"ListItem","position":1,"name":"In\u00edcio","item":"https:\/\/sef-cpan.ufms.br\/viii\/"},{"@type":"ListItem","position":2,"name":"Livro Dispon\u00edvel: Political geography, geopolitics and territorial management: Brazilian perspectives\u00a0Kindle Edition"}]},{"@type":"WebSite","@id":"https:\/\/sef-cpan.ufms.br\/viii\/#website","url":"https:\/\/sef-cpan.ufms.br\/viii\/","name":"VIII Semin\u00e1rio Internacional de Estudos Fronteiri\u00e7os - 2023","description":"Funda\u00e7\u00e3o Universidade Federal de Mato Grosso do Sul - C\u00e2mpus do Pantanal","potentialAction":[{"@type":"SearchAction","target":{"@type":"EntryPoint","urlTemplate":"https:\/\/sef-cpan.ufms.br\/viii\/?s={search_term_string}"},"query-input":"required name=search_term_string"}],"inLanguage":"pt-BR"},{"@type":"Person","@id":"https:\/\/sef-cpan.ufms.br\/viii\/#\/schema\/person\/7db94e0ce7a5573e04d47c6e5dad2ce0","name":"edgar","image":{"@type":"ImageObject","inLanguage":"pt-BR","@id":"https:\/\/sef-cpan.ufms.br\/viii\/#\/schema\/person\/image\/","url":"https:\/\/secure.gravatar.com\/avatar\/a80fa43b2cc43d0b3e64153798c20848?s=96&d=mm&r=g","contentUrl":"https:\/\/secure.gravatar.com\/avatar\/a80fa43b2cc43d0b3e64153798c20848?s=96&d=mm&r=g","caption":"edgar"},"url":"https:\/\/sef-cpan.ufms.br\/viii\/author\/edgar\/"}]}},"_links":{"self":[{"href":"https:\/\/sef-cpan.ufms.br\/viii\/wp-json\/wp\/v2\/posts\/657"}],"collection":[{"href":"https:\/\/sef-cpan.ufms.br\/viii\/wp-json\/wp\/v2\/posts"}],"about":[{"href":"https:\/\/sef-cpan.ufms.br\/viii\/wp-json\/wp\/v2\/types\/post"}],"author":[{"embeddable":true,"href":"https:\/\/sef-cpan.ufms.br\/viii\/wp-json\/wp\/v2\/users\/2"}],"replies":[{"embeddable":true,"href":"https:\/\/sef-cpan.ufms.br\/viii\/wp-json\/wp\/v2\/comments?post=657"}],"version-history":[{"count":3,"href":"https:\/\/sef-cpan.ufms.br\/viii\/wp-json\/wp\/v2\/posts\/657\/revisions"}],"predecessor-version":[{"id":662,"href":"https:\/\/sef-cpan.ufms.br\/viii\/wp-json\/wp\/v2\/posts\/657\/revisions\/662"}],"wp:attachment":[{"href":"https:\/\/sef-cpan.ufms.br\/viii\/wp-json\/wp\/v2\/media?parent=657"}],"wp:term":[{"taxonomy":"category","embeddable":true,"href":"https:\/\/sef-cpan.ufms.br\/viii\/wp-json\/wp\/v2\/categories?post=657"},{"taxonomy":"post_tag","embeddable":true,"href":"https:\/\/sef-cpan.ufms.br\/viii\/wp-json\/wp\/v2\/tags?post=657"}],"curies":[{"name":"wp","href":"https:\/\/api.w.org\/{rel}","templated":true}]}}