{"id":627,"date":"2023-07-07T14:47:12","date_gmt":"2023-07-07T18:47:12","guid":{"rendered":"https:\/\/sef-cpan.ufms.br\/viii\/?p=627"},"modified":"2023-07-07T15:41:34","modified_gmt":"2023-07-07T19:41:34","slug":"segunda-circular-do-viii-sef","status":"publish","type":"post","link":"https:\/\/sef-cpan.ufms.br\/viii\/segunda-circular-do-viii-sef\/","title":{"rendered":"Segunda Circular do VIII SEF"},"content":{"rendered":"\n<p class=\"has-text-align-center\"><strong>VIII SEMIN\u00c1RIO INTERNACIONAL DE ESTUDOS FRONTEIRI\u00c7OS<\/strong><\/p>\n\n\n\n<p class=\"has-text-align-center\"><strong>Corumb\u00e1, MS, Brasil<\/strong><\/p>\n\n\n\n<p class=\"has-text-align-center\"><strong>25 a 28 de setembro de 2023<\/strong><\/p>\n\n\n\n<p>A Comiss\u00e3o Organizadora do VIII Semin\u00e1rio Internacional de Estudos Fronteiri\u00e7os torna p\u00fablica a segunda circular do evento, que se realizar\u00e1 na cidade de Corumb\u00e1, Mato Grosso do Sul, Brasil. Esta circular tem a finalidade de divulgar informa\u00e7\u00f5es gerais sobre as inscri\u00e7\u00f5es, a programa\u00e7\u00e3o atualizada, o envio dos trabalhos completos e o lan\u00e7amento de livros durante o evento. Convidamos os interessados a atentar para os prazos e para a mudan\u00e7a das datas de in\u00edcio e t\u00e9rmino do evento para os dias <strong>25 e 28 de setembro de 2023<\/strong><\/p>\n\n\n\n<p>Contamos sua participa\u00e7\u00e3o!<\/p>\n\n\n\n<p>Sauda\u00e7\u00f5es,<\/p>\n\n\n\n<p>Comiss\u00e3o Organizadora do VIII SEF<\/p>\n\n\n\n<p><a href=\"mailto:sef.fronteira@gmail.com\">sef.fronteira@gmail.com<\/a><\/p>\n\n\n\n<p><strong>Prazos:<\/strong><\/p>\n\n\n\n<p>Submiss\u00e3o de trabalhos completos \u2013 30\/07\/2023<\/p>\n\n\n\n<p>Resultados da avalia\u00e7\u00e3o dos trabalhos \u2013 15\/08\/2023<\/p>\n\n\n\n<p><strong>Inscri\u00e7\u00f5es: <\/strong><\/p>\n\n\n\n<p>As inscri\u00e7\u00f5es ser\u00e3o recebidas atrav\u00e9s de preenchimento de formul\u00e1rio online dispon\u00edvel na p\u00e1gina do evento (https:\/\/sef-cpan.ufms.br\/viii\/inscricoes\/) na aba INSCRI\u00c7\u00d5ES. As inscri\u00e7\u00f5es s\u00e3o necess\u00e1rias para todas as modalidades de participa\u00e7\u00e3o (ouvintes, participantes, convidados, organizadores).<\/p>\n\n\n\n<p><strong>Os valores para inscri\u00e7\u00e3o no VIII SEF s\u00e3o:<\/strong><\/p>\n\n\n\n<figure class=\"wp-block-table\"><table><tbody><tr><td>\n<p><strong>Participantes<\/strong><\/p>\n<\/td><td>\n<p><strong>At\u00e9 15\/08\/2023<\/strong><\/p>\n<\/td><td>\n<p><strong>De 16\/08 at\u00e9 26\/09\/2023<\/strong><\/p>\n<\/td><\/tr><tr><td>\n<p>Estudante de gradua\u00e7\u00e3o<\/p>\n<p>Docente da Educa\u00e7\u00e3o B\u00e1sica<\/p>\n<\/td><td>\n<p>60,00<\/p>\n<\/td><td>\n<p>100,00<\/p>\n<\/td><\/tr><tr><td>\n<p>Estudante de p\u00f3s-gradua\u00e7\u00e3o<\/p>\n<\/td><td>\n<p>120,00<\/p>\n<\/td><td>\n<p>160,00<\/p>\n<\/td><\/tr><tr><td>\n<p>Profissionais<\/p>\n<p>Docentes do Ensino Superior<\/p>\n<\/td><td>\n<p>160,00<\/p>\n<\/td><td>\n<p>200,00<\/p>\n<\/td><\/tr><tr><td>\n<p>Convidados<\/p>\n<\/td><td>\n<p>Isento<\/p>\n<\/td><td>\n<p>Isento<\/p>\n<\/td><\/tr><tr><td>\n<p>Comiss\u00e3o organizadora<\/p>\n<\/td><td>\n<p>Isenta<\/p>\n<\/td><td>\n<p>Isenta<\/p>\n<\/td><\/tr><\/tbody><\/table><\/figure>\n\n\n\n<p>O pagamento da inscri\u00e7\u00e3o dever\u00e1 ser efetuado atrav\u00e9s do <strong>link dispon\u00edvel na p\u00e1gina do evento, <\/strong>a partir do dia 20 de julho.<\/p>\n\n\n\n<p>Ap\u00f3s o pagamento, o comprovante dever\u00e1 ser enviado atrav\u00e9s de formul\u00e1rio na p\u00e1gina do evento, tamb\u00e9m na aba INSCRI\u00c7\u00d5ES. O arquivo deve ser enviado em formato JPEG ou PDF e nomeado com o nome e o sobrenome do participante <strong>independentemente de quem efetuou o pagamento<\/strong>.<\/p>\n\n\n\n<p>Residentes no exterior poder\u00e3o efetuar o pagamento da taxa de inscri\u00e7\u00e3o no dia do credenciamento.<\/p>\n\n\n\n<p><strong>Envio de trabalhos: <\/strong><\/p>\n\n\n\n<p>Os trabalhos ser\u00e3o enviados atrav\u00e9s de formul\u00e1rio online, dispon\u00edvel na p\u00e1gina do evento, na aba TRABALHOS.<\/p>\n\n\n\n<p><strong>Apresenta\u00e7\u00e3o de p\u00f4ster:<\/strong><\/p>\n\n\n\n<p>O p\u00f4ster deve ser elaborado no tamanho 0,90 m de altura x 0,80 m de largura, em duas ou tr\u00eas colunas, contendo o t\u00edtulo do Trabalho, o nome dos autores com a sigla das suas respectivas institui\u00e7\u00f5es de ensino. O p\u00f4ster ser\u00e1 exposto no local determinado pela comiss\u00e3o organizadora durante o evento a ser divulgado na programa\u00e7\u00e3o. Cabe aos autores providenciarem o p\u00f4ster em material adequado (lona, pvc, glosspaper ou similar) com corda para ser afixado. Pelo menos um dos autores deve estar presente na sess\u00e3o de p\u00f4steres para apresent\u00e1-los aos interessados e \u00e0 comiss\u00e3o julgadora. Um modelo sugerido de p\u00f4ster para apresenta\u00e7\u00e3o est\u00e1 dispon\u00edvel na p\u00e1gina do evento na aba TRABALHOS. As recomenda\u00e7\u00f5es n\u00e3o s\u00e3o obrigat\u00f3rias.<\/p>\n\n\n\n<p><strong>Lan\u00e7amento de livros:<\/strong><\/p>\n\n\n\n<p>Envie proposta de lan\u00e7amento de livro para o VIII SEF, a se realizar no dia 28\/09\/2023 \u00e0 noite. Para participar do lan\u00e7amento, \u00e9 necess\u00e1rio que, pelo menos, um(a) autor(a) esteja presente. Fa\u00e7a a inscri\u00e7\u00e3o do seu livro atrav\u00e9s do formul\u00e1rio de inscri\u00e7\u00e3o na p\u00e1gina do evento (https:\/\/sef-cpan.ufms.br\/viii\/inscricoes\/) na aba INSCRI\u00c7\u00d5ES. \u00c9 importante que o livro tenha rela\u00e7\u00e3o com o campo dos Estudos Fronteiri\u00e7os.<\/p>\n\n\n\n<p><strong>Novidades<\/strong>:<\/p>\n\n\n\n<p>Saiba primeiro das novidades do VIII SEF, acompanhando as publica\u00e7\u00f5es na p\u00e1gina do evento (<a href=\"https:\/\/sef-cpan.ufms.br\/viii\/\">https:\/\/sef-cpan.ufms.br\/viii\/<\/a>) e no Instagram (<a href=\"https:\/\/instagram.com\/sef_fronteiras?igshid=MzRlODBiNWFlZA==\">sef_fronteiras<\/a>).<\/p>\n\n\n\n<p><strong>Coordena\u00e7\u00e3o Geral<\/strong><\/p>\n\n\n\n<p>Edgar Aparecido da Costa \u2013 PPGEF\/UFMS<\/p>\n\n\n\n<p>Rebeca Steiman \u2013 Grupo Retis\/UFRJ<\/p>\n\n\n\n<p><strong>Comiss\u00e3o Organizadora<\/strong><\/p>\n\n\n\n<p>Adriana Dorfman UFRGS &#8211; Unbral Fronteiras<\/p>\n\n\n\n<p>Aguinaldo Silva &#8211; UFMS<\/p>\n\n\n\n<p>Beatriz Lima de Paula Silva &#8211; UFMS<\/p>\n\n\n\n<p>Carlo Henrique Golin &#8211; UFMS<\/p>\n\n\n\n<p>Gonzalo \u00c1lvarez &#8211; Universidad Arturo Prat, Chile &#8211; INTE<\/p>\n\n\n\n<p>Haroldo Dilla Alfonso &#8211; Universidad Arturo Prat, Chile &#8211; ALEF<\/p>\n\n\n\n<p>Karla M\u00fcller &#8211; UFRGS<\/p>\n\n\n\n<p>Lucilene Machado Garcia Arf &#8211; UFMS<\/p>\n\n\n\n<p>Marcos Leandro Mondardo &#8211; UFGD<\/p>\n\n\n\n<p>Marco Aur\u00e9lio Machado de Oliveira &#8211; UFMS<\/p>\n\n\n\n<p>Milton Augusto Pasquotto Mariani &#8211; UFMS<\/p>\n\n\n\n<p>Contamos sua participa\u00e7\u00e3o!<\/p>\n\n\n\n<p>Sauda\u00e7\u00f5es cordiais,<\/p>\n\n\n\n<p>Comiss\u00e3o Organizadora do VIII SEF<\/p>\n\n\n\n<p><a href=\"mailto:sef.fronteira@gmail.com\">sef.fronteira@gmail.com<\/a><\/p>\n\n\n\n<p><strong>Programa\u00e7\u00e3o<\/strong><\/p>\n\n\n\n<figure class=\"wp-block-image size-full is-resized\"><img loading=\"lazy\" decoding=\"async\" src=\"https:\/\/sef-cpan.ufms.br\/viii\/wp-content\/uploads\/sites\/5\/2023\/07\/programacao-viii-sef.jpg\" alt=\"\" class=\"wp-image-635\" width=\"839\" height=\"1029\"\/><\/figure>\n","protected":false},"excerpt":{"rendered":"<p>VIII SEMIN\u00c1RIO INTERNACIONAL DE ESTUDOS FRONTEIRI\u00c7OS Corumb\u00e1, MS, Brasil 25 a 28 de setembro de 2023 A Comiss\u00e3o Organizadora do VIII Semin\u00e1rio Internacional de Estudos Fronteiri\u00e7os torna p\u00fablica a segunda circular do evento, que se realizar\u00e1<a class=\"moretag\" href=\"https:\/\/sef-cpan.ufms.br\/viii\/segunda-circular-do-viii-sef\/\">Read More&#8230;<\/a><\/p>\n","protected":false},"author":2,"featured_media":0,"comment_status":"open","ping_status":"open","sticky":false,"template":"","format":"standard","meta":{"footnotes":""},"categories":[9],"tags":[],"yoast_head":"<!-- This site is optimized with the Yoast SEO plugin v23.1 - https:\/\/yoast.com\/wordpress\/plugins\/seo\/ -->\n<title>Segunda Circular do VIII SEF - VIII Semin\u00e1rio Internacional de Estudos Fronteiri\u00e7os - 2023<\/title>\n<meta name=\"robots\" content=\"index, follow, max-snippet:-1, max-image-preview:large, max-video-preview:-1\" \/>\n<link rel=\"canonical\" href=\"https:\/\/sef-cpan.ufms.br\/viii\/segunda-circular-do-viii-sef\/\" \/>\n<meta property=\"og:locale\" content=\"pt_BR\" \/>\n<meta property=\"og:type\" content=\"article\" \/>\n<meta property=\"og:title\" content=\"Segunda Circular do VIII SEF - VIII Semin\u00e1rio Internacional de Estudos Fronteiri\u00e7os - 2023\" \/>\n<meta property=\"og:description\" content=\"VIII SEMIN\u00c1RIO INTERNACIONAL DE ESTUDOS FRONTEIRI\u00c7OS Corumb\u00e1, MS, Brasil 25 a 28 de setembro de 2023 A Comiss\u00e3o Organizadora do VIII Semin\u00e1rio Internacional de Estudos Fronteiri\u00e7os torna p\u00fablica a segunda circular do evento, que se realizar\u00e1Read More...\" \/>\n<meta property=\"og:url\" content=\"https:\/\/sef-cpan.ufms.br\/viii\/segunda-circular-do-viii-sef\/\" \/>\n<meta property=\"og:site_name\" content=\"VIII Semin\u00e1rio Internacional de Estudos Fronteiri\u00e7os - 2023\" \/>\n<meta property=\"article:published_time\" content=\"2023-07-07T18:47:12+00:00\" \/>\n<meta property=\"article:modified_time\" content=\"2023-07-07T19:41:34+00:00\" \/>\n<meta property=\"og:image\" content=\"https:\/\/sef-cpan.ufms.br\/viii\/wp-content\/uploads\/sites\/5\/2023\/07\/programacao-viii-sef.jpg\" \/>\n<meta name=\"author\" content=\"edgar\" \/>\n<meta name=\"twitter:card\" content=\"summary_large_image\" \/>\n<meta name=\"twitter:label1\" content=\"Escrito por\" \/>\n\t<meta name=\"twitter:data1\" content=\"edgar\" \/>\n\t<meta name=\"twitter:label2\" content=\"Est. tempo de leitura\" \/>\n\t<meta name=\"twitter:data2\" content=\"4 minutos\" \/>\n<script type=\"application\/ld+json\" class=\"yoast-schema-graph\">{\"@context\":\"https:\/\/schema.org\",\"@graph\":[{\"@type\":\"WebPage\",\"@id\":\"https:\/\/sef-cpan.ufms.br\/viii\/segunda-circular-do-viii-sef\/\",\"url\":\"https:\/\/sef-cpan.ufms.br\/viii\/segunda-circular-do-viii-sef\/\",\"name\":\"Segunda Circular do VIII SEF - VIII Semin\u00e1rio Internacional de Estudos Fronteiri\u00e7os - 2023\",\"isPartOf\":{\"@id\":\"https:\/\/sef-cpan.ufms.br\/viii\/#website\"},\"primaryImageOfPage\":{\"@id\":\"https:\/\/sef-cpan.ufms.br\/viii\/segunda-circular-do-viii-sef\/#primaryimage\"},\"image\":{\"@id\":\"https:\/\/sef-cpan.ufms.br\/viii\/segunda-circular-do-viii-sef\/#primaryimage\"},\"thumbnailUrl\":\"https:\/\/sef-cpan.ufms.br\/viii\/wp-content\/uploads\/sites\/5\/2023\/07\/programacao-viii-sef.jpg\",\"datePublished\":\"2023-07-07T18:47:12+00:00\",\"dateModified\":\"2023-07-07T19:41:34+00:00\",\"author\":{\"@id\":\"https:\/\/sef-cpan.ufms.br\/viii\/#\/schema\/person\/7db94e0ce7a5573e04d47c6e5dad2ce0\"},\"breadcrumb\":{\"@id\":\"https:\/\/sef-cpan.ufms.br\/viii\/segunda-circular-do-viii-sef\/#breadcrumb\"},\"inLanguage\":\"pt-BR\",\"potentialAction\":[{\"@type\":\"ReadAction\",\"target\":[\"https:\/\/sef-cpan.ufms.br\/viii\/segunda-circular-do-viii-sef\/\"]}]},{\"@type\":\"ImageObject\",\"inLanguage\":\"pt-BR\",\"@id\":\"https:\/\/sef-cpan.ufms.br\/viii\/segunda-circular-do-viii-sef\/#primaryimage\",\"url\":\"https:\/\/sef-cpan.ufms.br\/viii\/wp-content\/uploads\/sites\/5\/2023\/07\/programacao-viii-sef.jpg\",\"contentUrl\":\"https:\/\/sef-cpan.ufms.br\/viii\/wp-content\/uploads\/sites\/5\/2023\/07\/programacao-viii-sef.jpg\"},{\"@type\":\"BreadcrumbList\",\"@id\":\"https:\/\/sef-cpan.ufms.br\/viii\/segunda-circular-do-viii-sef\/#breadcrumb\",\"itemListElement\":[{\"@type\":\"ListItem\",\"position\":1,\"name\":\"In\u00edcio\",\"item\":\"https:\/\/sef-cpan.ufms.br\/viii\/\"},{\"@type\":\"ListItem\",\"position\":2,\"name\":\"Segunda Circular do VIII SEF\"}]},{\"@type\":\"WebSite\",\"@id\":\"https:\/\/sef-cpan.ufms.br\/viii\/#website\",\"url\":\"https:\/\/sef-cpan.ufms.br\/viii\/\",\"name\":\"VIII Semin\u00e1rio Internacional de Estudos Fronteiri\u00e7os - 2023\",\"description\":\"Funda\u00e7\u00e3o Universidade Federal de Mato Grosso do Sul - C\u00e2mpus do Pantanal\",\"potentialAction\":[{\"@type\":\"SearchAction\",\"target\":{\"@type\":\"EntryPoint\",\"urlTemplate\":\"https:\/\/sef-cpan.ufms.br\/viii\/?s={search_term_string}\"},\"query-input\":\"required name=search_term_string\"}],\"inLanguage\":\"pt-BR\"},{\"@type\":\"Person\",\"@id\":\"https:\/\/sef-cpan.ufms.br\/viii\/#\/schema\/person\/7db94e0ce7a5573e04d47c6e5dad2ce0\",\"name\":\"edgar\",\"image\":{\"@type\":\"ImageObject\",\"inLanguage\":\"pt-BR\",\"@id\":\"https:\/\/sef-cpan.ufms.br\/viii\/#\/schema\/person\/image\/\",\"url\":\"https:\/\/secure.gravatar.com\/avatar\/a80fa43b2cc43d0b3e64153798c20848?s=96&d=mm&r=g\",\"contentUrl\":\"https:\/\/secure.gravatar.com\/avatar\/a80fa43b2cc43d0b3e64153798c20848?s=96&d=mm&r=g\",\"caption\":\"edgar\"},\"url\":\"https:\/\/sef-cpan.ufms.br\/viii\/author\/edgar\/\"}]}<\/script>\n<!-- \/ Yoast SEO plugin. -->","yoast_head_json":{"title":"Segunda Circular do VIII SEF - VIII Semin\u00e1rio Internacional de Estudos Fronteiri\u00e7os - 2023","robots":{"index":"index","follow":"follow","max-snippet":"max-snippet:-1","max-image-preview":"max-image-preview:large","max-video-preview":"max-video-preview:-1"},"canonical":"https:\/\/sef-cpan.ufms.br\/viii\/segunda-circular-do-viii-sef\/","og_locale":"pt_BR","og_type":"article","og_title":"Segunda Circular do VIII SEF - VIII Semin\u00e1rio Internacional de Estudos Fronteiri\u00e7os - 2023","og_description":"VIII SEMIN\u00c1RIO INTERNACIONAL DE ESTUDOS FRONTEIRI\u00c7OS Corumb\u00e1, MS, Brasil 25 a 28 de setembro de 2023 A Comiss\u00e3o Organizadora do VIII Semin\u00e1rio Internacional de Estudos Fronteiri\u00e7os torna p\u00fablica a segunda circular do evento, que se realizar\u00e1Read More...","og_url":"https:\/\/sef-cpan.ufms.br\/viii\/segunda-circular-do-viii-sef\/","og_site_name":"VIII Semin\u00e1rio Internacional de Estudos Fronteiri\u00e7os - 2023","article_published_time":"2023-07-07T18:47:12+00:00","article_modified_time":"2023-07-07T19:41:34+00:00","og_image":[{"url":"https:\/\/sef-cpan.ufms.br\/viii\/wp-content\/uploads\/sites\/5\/2023\/07\/programacao-viii-sef.jpg"}],"author":"edgar","twitter_card":"summary_large_image","twitter_misc":{"Escrito por":"edgar","Est. tempo de leitura":"4 minutos"},"schema":{"@context":"https:\/\/schema.org","@graph":[{"@type":"WebPage","@id":"https:\/\/sef-cpan.ufms.br\/viii\/segunda-circular-do-viii-sef\/","url":"https:\/\/sef-cpan.ufms.br\/viii\/segunda-circular-do-viii-sef\/","name":"Segunda Circular do VIII SEF - VIII Semin\u00e1rio Internacional de Estudos Fronteiri\u00e7os - 2023","isPartOf":{"@id":"https:\/\/sef-cpan.ufms.br\/viii\/#website"},"primaryImageOfPage":{"@id":"https:\/\/sef-cpan.ufms.br\/viii\/segunda-circular-do-viii-sef\/#primaryimage"},"image":{"@id":"https:\/\/sef-cpan.ufms.br\/viii\/segunda-circular-do-viii-sef\/#primaryimage"},"thumbnailUrl":"https:\/\/sef-cpan.ufms.br\/viii\/wp-content\/uploads\/sites\/5\/2023\/07\/programacao-viii-sef.jpg","datePublished":"2023-07-07T18:47:12+00:00","dateModified":"2023-07-07T19:41:34+00:00","author":{"@id":"https:\/\/sef-cpan.ufms.br\/viii\/#\/schema\/person\/7db94e0ce7a5573e04d47c6e5dad2ce0"},"breadcrumb":{"@id":"https:\/\/sef-cpan.ufms.br\/viii\/segunda-circular-do-viii-sef\/#breadcrumb"},"inLanguage":"pt-BR","potentialAction":[{"@type":"ReadAction","target":["https:\/\/sef-cpan.ufms.br\/viii\/segunda-circular-do-viii-sef\/"]}]},{"@type":"ImageObject","inLanguage":"pt-BR","@id":"https:\/\/sef-cpan.ufms.br\/viii\/segunda-circular-do-viii-sef\/#primaryimage","url":"https:\/\/sef-cpan.ufms.br\/viii\/wp-content\/uploads\/sites\/5\/2023\/07\/programacao-viii-sef.jpg","contentUrl":"https:\/\/sef-cpan.ufms.br\/viii\/wp-content\/uploads\/sites\/5\/2023\/07\/programacao-viii-sef.jpg"},{"@type":"BreadcrumbList","@id":"https:\/\/sef-cpan.ufms.br\/viii\/segunda-circular-do-viii-sef\/#breadcrumb","itemListElement":[{"@type":"ListItem","position":1,"name":"In\u00edcio","item":"https:\/\/sef-cpan.ufms.br\/viii\/"},{"@type":"ListItem","position":2,"name":"Segunda Circular do VIII SEF"}]},{"@type":"WebSite","@id":"https:\/\/sef-cpan.ufms.br\/viii\/#website","url":"https:\/\/sef-cpan.ufms.br\/viii\/","name":"VIII Semin\u00e1rio Internacional de Estudos Fronteiri\u00e7os - 2023","description":"Funda\u00e7\u00e3o Universidade Federal de Mato Grosso do Sul - C\u00e2mpus do Pantanal","potentialAction":[{"@type":"SearchAction","target":{"@type":"EntryPoint","urlTemplate":"https:\/\/sef-cpan.ufms.br\/viii\/?s={search_term_string}"},"query-input":"required name=search_term_string"}],"inLanguage":"pt-BR"},{"@type":"Person","@id":"https:\/\/sef-cpan.ufms.br\/viii\/#\/schema\/person\/7db94e0ce7a5573e04d47c6e5dad2ce0","name":"edgar","image":{"@type":"ImageObject","inLanguage":"pt-BR","@id":"https:\/\/sef-cpan.ufms.br\/viii\/#\/schema\/person\/image\/","url":"https:\/\/secure.gravatar.com\/avatar\/a80fa43b2cc43d0b3e64153798c20848?s=96&d=mm&r=g","contentUrl":"https:\/\/secure.gravatar.com\/avatar\/a80fa43b2cc43d0b3e64153798c20848?s=96&d=mm&r=g","caption":"edgar"},"url":"https:\/\/sef-cpan.ufms.br\/viii\/author\/edgar\/"}]}},"_links":{"self":[{"href":"https:\/\/sef-cpan.ufms.br\/viii\/wp-json\/wp\/v2\/posts\/627"}],"collection":[{"href":"https:\/\/sef-cpan.ufms.br\/viii\/wp-json\/wp\/v2\/posts"}],"about":[{"href":"https:\/\/sef-cpan.ufms.br\/viii\/wp-json\/wp\/v2\/types\/post"}],"author":[{"embeddable":true,"href":"https:\/\/sef-cpan.ufms.br\/viii\/wp-json\/wp\/v2\/users\/2"}],"replies":[{"embeddable":true,"href":"https:\/\/sef-cpan.ufms.br\/viii\/wp-json\/wp\/v2\/comments?post=627"}],"version-history":[{"count":6,"href":"https:\/\/sef-cpan.ufms.br\/viii\/wp-json\/wp\/v2\/posts\/627\/revisions"}],"predecessor-version":[{"id":636,"href":"https:\/\/sef-cpan.ufms.br\/viii\/wp-json\/wp\/v2\/posts\/627\/revisions\/636"}],"wp:attachment":[{"href":"https:\/\/sef-cpan.ufms.br\/viii\/wp-json\/wp\/v2\/media?parent=627"}],"wp:term":[{"taxonomy":"category","embeddable":true,"href":"https:\/\/sef-cpan.ufms.br\/viii\/wp-json\/wp\/v2\/categories?post=627"},{"taxonomy":"post_tag","embeddable":true,"href":"https:\/\/sef-cpan.ufms.br\/viii\/wp-json\/wp\/v2\/tags?post=627"}],"curies":[{"name":"wp","href":"https:\/\/api.w.org\/{rel}","templated":true}]}}