{"id":595,"date":"2023-05-11T20:18:35","date_gmt":"2023-05-12T00:18:35","guid":{"rendered":"https:\/\/sef-cpan.ufms.br\/viii\/?p=595"},"modified":"2023-05-11T20:18:36","modified_gmt":"2023-05-12T00:18:36","slug":"call-participation-aid-for-graduate-students-and-early-career-scholars","status":"publish","type":"post","link":"https:\/\/sef-cpan.ufms.br\/viii\/en\/call-participation-aid-for-graduate-students-and-early-career-scholars\/","title":{"rendered":"<strong><u>Call: Participation aid for graduate students and early career scholars<\/u><\/strong>"},"content":{"rendered":"\n<p>The organizing committee of <strong>VIII International Seminar on Border Studies<\/strong> is pleased to announce that the <a href=\"https:\/\/absborderlands.org\/\"><strong>Association for Borderlands Studies <\/strong><\/a><strong>(ABS)<\/strong> is sponsoring five grants of US$300 to graduate students or early career researchers\/colleagues from non-OECD countries to present papers at Corumb\u00e1, Brazil. The organization of the event complements this aid by waiving the registration for the event. Details about the seminar can be found in <a href=\"https:\/\/sef-cpan.ufms.br\/viii\/\">https:\/\/sef-cpan.ufms.br\/viii\/<\/a><\/p>\n\n\n\n<p>Those interested should send the accepted work and a one-page letter of intent to Adriana Dorfman (<a href=\"mailto:adriana.dorfman@ufrgs.br\" target=\"_blank\" rel=\"noreferrer noopener\">adriana.dorfman@ufrgs.br<\/a> ) and Karla M\u00fcller (<a href=\"mailto:kmmuller@ufrgs.br\" target=\"_blank\" rel=\"noreferrer noopener\">kmmuller@ufrgs.br<\/a>) until August 18, 2023.<\/p>\n\n\n\n<p>The results will be announced on August 21, 2023.<\/p>\n\n\n\n<p>The certificates and the grants will be delivered after the presentation of the papers at the seminar.<\/p>\n\n\n\n<p>We look forward to meeting you in Corumb\u00e1, Brazil.<\/p>\n\n\n<div class=\"wp-block-image\">\n<figure class=\"aligncenter size-full is-resized\"><img loading=\"lazy\" decoding=\"async\" src=\"https:\/\/sef-cpan.ufms.br\/viii\/wp-content\/uploads\/sites\/5\/2023\/05\/ABS_english.jpg\" alt=\"\" class=\"wp-image-596\" width=\"352\" height=\"75\" srcset=\"https:\/\/sef-cpan.ufms.br\/viii\/wp-content\/uploads\/sites\/5\/2023\/05\/ABS_english.jpg 480w, https:\/\/sef-cpan.ufms.br\/viii\/wp-content\/uploads\/sites\/5\/2023\/05\/ABS_english-300x64.jpg 300w\" sizes=\"(max-width: 352px) 100vw, 352px\" \/><\/figure><\/div>","protected":false},"excerpt":{"rendered":"<p>The organizing committee of VIII International Seminar on Border Studies is pleased to announce that the Association for Borderlands Studies (ABS) is sponsoring five grants of US$300 to graduate students or early career researchers\/colleagues from non-OECD<a class=\"moretag\" href=\"https:\/\/sef-cpan.ufms.br\/viii\/en\/call-participation-aid-for-graduate-students-and-early-career-scholars\/\">Read More&#8230;<\/a><\/p>\n","protected":false},"author":2,"featured_media":0,"comment_status":"open","ping_status":"open","sticky":false,"template":"","format":"standard","meta":{"footnotes":""},"categories":[31],"tags":[],"yoast_head":"<!-- This site is optimized with the Yoast SEO plugin v23.1 - https:\/\/yoast.com\/wordpress\/plugins\/seo\/ -->\n<title>Call: Participation aid for graduate students and early career scholars - VIII Semin\u00e1rio Internacional de Estudos Fronteiri\u00e7os - 2023<\/title>\n<meta name=\"robots\" content=\"index, follow, max-snippet:-1, max-image-preview:large, max-video-preview:-1\" \/>\n<link rel=\"canonical\" href=\"https:\/\/sef-cpan.ufms.br\/viii\/en\/call-participation-aid-for-graduate-students-and-early-career-scholars\/\" \/>\n<meta property=\"og:locale\" content=\"pt_BR\" \/>\n<meta property=\"og:type\" content=\"article\" \/>\n<meta property=\"og:title\" content=\"Call: Participation aid for graduate students and early career scholars - VIII Semin\u00e1rio Internacional de Estudos Fronteiri\u00e7os - 2023\" \/>\n<meta property=\"og:description\" content=\"The organizing committee of VIII International Seminar on Border Studies is pleased to announce that the Association for Borderlands Studies (ABS) is sponsoring five grants of US$300 to graduate students or early career researchers\/colleagues from non-OECDRead More...\" \/>\n<meta property=\"og:url\" content=\"https:\/\/sef-cpan.ufms.br\/viii\/en\/call-participation-aid-for-graduate-students-and-early-career-scholars\/\" \/>\n<meta property=\"og:site_name\" content=\"VIII Semin\u00e1rio Internacional de Estudos Fronteiri\u00e7os - 2023\" \/>\n<meta property=\"article:published_time\" content=\"2023-05-12T00:18:35+00:00\" \/>\n<meta property=\"article:modified_time\" content=\"2023-05-12T00:18:36+00:00\" \/>\n<meta property=\"og:image\" content=\"https:\/\/sef-cpan.ufms.br\/viii\/wp-content\/uploads\/sites\/5\/2023\/05\/ABS_english.jpg\" \/>\n<meta name=\"author\" content=\"edgar\" \/>\n<meta name=\"twitter:card\" content=\"summary_large_image\" \/>\n<meta name=\"twitter:label1\" content=\"Escrito por\" \/>\n\t<meta name=\"twitter:data1\" content=\"edgar\" \/>\n\t<meta name=\"twitter:label2\" content=\"Est. tempo de leitura\" \/>\n\t<meta name=\"twitter:data2\" content=\"1 minuto\" \/>\n<script type=\"application\/ld+json\" class=\"yoast-schema-graph\">{\"@context\":\"https:\/\/schema.org\",\"@graph\":[{\"@type\":\"WebPage\",\"@id\":\"https:\/\/sef-cpan.ufms.br\/viii\/en\/call-participation-aid-for-graduate-students-and-early-career-scholars\/\",\"url\":\"https:\/\/sef-cpan.ufms.br\/viii\/en\/call-participation-aid-for-graduate-students-and-early-career-scholars\/\",\"name\":\"Call: Participation aid for graduate students and early career scholars - VIII Semin\u00e1rio Internacional de Estudos Fronteiri\u00e7os - 2023\",\"isPartOf\":{\"@id\":\"https:\/\/sef-cpan.ufms.br\/viii\/#website\"},\"primaryImageOfPage\":{\"@id\":\"https:\/\/sef-cpan.ufms.br\/viii\/en\/call-participation-aid-for-graduate-students-and-early-career-scholars\/#primaryimage\"},\"image\":{\"@id\":\"https:\/\/sef-cpan.ufms.br\/viii\/en\/call-participation-aid-for-graduate-students-and-early-career-scholars\/#primaryimage\"},\"thumbnailUrl\":\"https:\/\/sef-cpan.ufms.br\/viii\/wp-content\/uploads\/sites\/5\/2023\/05\/ABS_english.jpg\",\"datePublished\":\"2023-05-12T00:18:35+00:00\",\"dateModified\":\"2023-05-12T00:18:36+00:00\",\"author\":{\"@id\":\"https:\/\/sef-cpan.ufms.br\/viii\/#\/schema\/person\/7db94e0ce7a5573e04d47c6e5dad2ce0\"},\"breadcrumb\":{\"@id\":\"https:\/\/sef-cpan.ufms.br\/viii\/en\/call-participation-aid-for-graduate-students-and-early-career-scholars\/#breadcrumb\"},\"inLanguage\":\"pt-BR\",\"potentialAction\":[{\"@type\":\"ReadAction\",\"target\":[\"https:\/\/sef-cpan.ufms.br\/viii\/en\/call-participation-aid-for-graduate-students-and-early-career-scholars\/\"]}]},{\"@type\":\"ImageObject\",\"inLanguage\":\"pt-BR\",\"@id\":\"https:\/\/sef-cpan.ufms.br\/viii\/en\/call-participation-aid-for-graduate-students-and-early-career-scholars\/#primaryimage\",\"url\":\"https:\/\/sef-cpan.ufms.br\/viii\/wp-content\/uploads\/sites\/5\/2023\/05\/ABS_english.jpg\",\"contentUrl\":\"https:\/\/sef-cpan.ufms.br\/viii\/wp-content\/uploads\/sites\/5\/2023\/05\/ABS_english.jpg\",\"width\":480,\"height\":102},{\"@type\":\"BreadcrumbList\",\"@id\":\"https:\/\/sef-cpan.ufms.br\/viii\/en\/call-participation-aid-for-graduate-students-and-early-career-scholars\/#breadcrumb\",\"itemListElement\":[{\"@type\":\"ListItem\",\"position\":1,\"name\":\"In\u00edcio\",\"item\":\"https:\/\/sef-cpan.ufms.br\/viii\/\"},{\"@type\":\"ListItem\",\"position\":2,\"name\":\"Call: Participation aid for graduate students and early career scholars\"}]},{\"@type\":\"WebSite\",\"@id\":\"https:\/\/sef-cpan.ufms.br\/viii\/#website\",\"url\":\"https:\/\/sef-cpan.ufms.br\/viii\/\",\"name\":\"VIII Semin\u00e1rio Internacional de Estudos Fronteiri\u00e7os - 2023\",\"description\":\"Funda\u00e7\u00e3o Universidade Federal de Mato Grosso do Sul - C\u00e2mpus do Pantanal\",\"potentialAction\":[{\"@type\":\"SearchAction\",\"target\":{\"@type\":\"EntryPoint\",\"urlTemplate\":\"https:\/\/sef-cpan.ufms.br\/viii\/?s={search_term_string}\"},\"query-input\":\"required name=search_term_string\"}],\"inLanguage\":\"pt-BR\"},{\"@type\":\"Person\",\"@id\":\"https:\/\/sef-cpan.ufms.br\/viii\/#\/schema\/person\/7db94e0ce7a5573e04d47c6e5dad2ce0\",\"name\":\"edgar\",\"image\":{\"@type\":\"ImageObject\",\"inLanguage\":\"pt-BR\",\"@id\":\"https:\/\/sef-cpan.ufms.br\/viii\/#\/schema\/person\/image\/\",\"url\":\"https:\/\/secure.gravatar.com\/avatar\/a80fa43b2cc43d0b3e64153798c20848?s=96&d=mm&r=g\",\"contentUrl\":\"https:\/\/secure.gravatar.com\/avatar\/a80fa43b2cc43d0b3e64153798c20848?s=96&d=mm&r=g\",\"caption\":\"edgar\"},\"url\":\"https:\/\/sef-cpan.ufms.br\/viii\/author\/edgar\/\"}]}<\/script>\n<!-- \/ Yoast SEO plugin. -->","yoast_head_json":{"title":"Call: Participation aid for graduate students and early career scholars - VIII Semin\u00e1rio Internacional de Estudos Fronteiri\u00e7os - 2023","robots":{"index":"index","follow":"follow","max-snippet":"max-snippet:-1","max-image-preview":"max-image-preview:large","max-video-preview":"max-video-preview:-1"},"canonical":"https:\/\/sef-cpan.ufms.br\/viii\/en\/call-participation-aid-for-graduate-students-and-early-career-scholars\/","og_locale":"pt_BR","og_type":"article","og_title":"Call: Participation aid for graduate students and early career scholars - VIII Semin\u00e1rio Internacional de Estudos Fronteiri\u00e7os - 2023","og_description":"The organizing committee of VIII International Seminar on Border Studies is pleased to announce that the Association for Borderlands Studies (ABS) is sponsoring five grants of US$300 to graduate students or early career researchers\/colleagues from non-OECDRead More...","og_url":"https:\/\/sef-cpan.ufms.br\/viii\/en\/call-participation-aid-for-graduate-students-and-early-career-scholars\/","og_site_name":"VIII Semin\u00e1rio Internacional de Estudos Fronteiri\u00e7os - 2023","article_published_time":"2023-05-12T00:18:35+00:00","article_modified_time":"2023-05-12T00:18:36+00:00","og_image":[{"url":"https:\/\/sef-cpan.ufms.br\/viii\/wp-content\/uploads\/sites\/5\/2023\/05\/ABS_english.jpg"}],"author":"edgar","twitter_card":"summary_large_image","twitter_misc":{"Escrito por":"edgar","Est. tempo de leitura":"1 minuto"},"schema":{"@context":"https:\/\/schema.org","@graph":[{"@type":"WebPage","@id":"https:\/\/sef-cpan.ufms.br\/viii\/en\/call-participation-aid-for-graduate-students-and-early-career-scholars\/","url":"https:\/\/sef-cpan.ufms.br\/viii\/en\/call-participation-aid-for-graduate-students-and-early-career-scholars\/","name":"Call: Participation aid for graduate students and early career scholars - VIII Semin\u00e1rio Internacional de Estudos Fronteiri\u00e7os - 2023","isPartOf":{"@id":"https:\/\/sef-cpan.ufms.br\/viii\/#website"},"primaryImageOfPage":{"@id":"https:\/\/sef-cpan.ufms.br\/viii\/en\/call-participation-aid-for-graduate-students-and-early-career-scholars\/#primaryimage"},"image":{"@id":"https:\/\/sef-cpan.ufms.br\/viii\/en\/call-participation-aid-for-graduate-students-and-early-career-scholars\/#primaryimage"},"thumbnailUrl":"https:\/\/sef-cpan.ufms.br\/viii\/wp-content\/uploads\/sites\/5\/2023\/05\/ABS_english.jpg","datePublished":"2023-05-12T00:18:35+00:00","dateModified":"2023-05-12T00:18:36+00:00","author":{"@id":"https:\/\/sef-cpan.ufms.br\/viii\/#\/schema\/person\/7db94e0ce7a5573e04d47c6e5dad2ce0"},"breadcrumb":{"@id":"https:\/\/sef-cpan.ufms.br\/viii\/en\/call-participation-aid-for-graduate-students-and-early-career-scholars\/#breadcrumb"},"inLanguage":"pt-BR","potentialAction":[{"@type":"ReadAction","target":["https:\/\/sef-cpan.ufms.br\/viii\/en\/call-participation-aid-for-graduate-students-and-early-career-scholars\/"]}]},{"@type":"ImageObject","inLanguage":"pt-BR","@id":"https:\/\/sef-cpan.ufms.br\/viii\/en\/call-participation-aid-for-graduate-students-and-early-career-scholars\/#primaryimage","url":"https:\/\/sef-cpan.ufms.br\/viii\/wp-content\/uploads\/sites\/5\/2023\/05\/ABS_english.jpg","contentUrl":"https:\/\/sef-cpan.ufms.br\/viii\/wp-content\/uploads\/sites\/5\/2023\/05\/ABS_english.jpg","width":480,"height":102},{"@type":"BreadcrumbList","@id":"https:\/\/sef-cpan.ufms.br\/viii\/en\/call-participation-aid-for-graduate-students-and-early-career-scholars\/#breadcrumb","itemListElement":[{"@type":"ListItem","position":1,"name":"In\u00edcio","item":"https:\/\/sef-cpan.ufms.br\/viii\/"},{"@type":"ListItem","position":2,"name":"Call: Participation aid for graduate students and early career scholars"}]},{"@type":"WebSite","@id":"https:\/\/sef-cpan.ufms.br\/viii\/#website","url":"https:\/\/sef-cpan.ufms.br\/viii\/","name":"VIII Semin\u00e1rio Internacional de Estudos Fronteiri\u00e7os - 2023","description":"Funda\u00e7\u00e3o Universidade Federal de Mato Grosso do Sul - C\u00e2mpus do Pantanal","potentialAction":[{"@type":"SearchAction","target":{"@type":"EntryPoint","urlTemplate":"https:\/\/sef-cpan.ufms.br\/viii\/?s={search_term_string}"},"query-input":"required name=search_term_string"}],"inLanguage":"pt-BR"},{"@type":"Person","@id":"https:\/\/sef-cpan.ufms.br\/viii\/#\/schema\/person\/7db94e0ce7a5573e04d47c6e5dad2ce0","name":"edgar","image":{"@type":"ImageObject","inLanguage":"pt-BR","@id":"https:\/\/sef-cpan.ufms.br\/viii\/#\/schema\/person\/image\/","url":"https:\/\/secure.gravatar.com\/avatar\/a80fa43b2cc43d0b3e64153798c20848?s=96&d=mm&r=g","contentUrl":"https:\/\/secure.gravatar.com\/avatar\/a80fa43b2cc43d0b3e64153798c20848?s=96&d=mm&r=g","caption":"edgar"},"url":"https:\/\/sef-cpan.ufms.br\/viii\/author\/edgar\/"}]}},"_links":{"self":[{"href":"https:\/\/sef-cpan.ufms.br\/viii\/wp-json\/wp\/v2\/posts\/595"}],"collection":[{"href":"https:\/\/sef-cpan.ufms.br\/viii\/wp-json\/wp\/v2\/posts"}],"about":[{"href":"https:\/\/sef-cpan.ufms.br\/viii\/wp-json\/wp\/v2\/types\/post"}],"author":[{"embeddable":true,"href":"https:\/\/sef-cpan.ufms.br\/viii\/wp-json\/wp\/v2\/users\/2"}],"replies":[{"embeddable":true,"href":"https:\/\/sef-cpan.ufms.br\/viii\/wp-json\/wp\/v2\/comments?post=595"}],"version-history":[{"count":1,"href":"https:\/\/sef-cpan.ufms.br\/viii\/wp-json\/wp\/v2\/posts\/595\/revisions"}],"predecessor-version":[{"id":597,"href":"https:\/\/sef-cpan.ufms.br\/viii\/wp-json\/wp\/v2\/posts\/595\/revisions\/597"}],"wp:attachment":[{"href":"https:\/\/sef-cpan.ufms.br\/viii\/wp-json\/wp\/v2\/media?parent=595"}],"wp:term":[{"taxonomy":"category","embeddable":true,"href":"https:\/\/sef-cpan.ufms.br\/viii\/wp-json\/wp\/v2\/categories?post=595"},{"taxonomy":"post_tag","embeddable":true,"href":"https:\/\/sef-cpan.ufms.br\/viii\/wp-json\/wp\/v2\/tags?post=595"}],"curies":[{"name":"wp","href":"https:\/\/api.w.org\/{rel}","templated":true}]}}