{"id":592,"date":"2023-05-11T20:16:55","date_gmt":"2023-05-12T00:16:55","guid":{"rendered":"https:\/\/sef-cpan.ufms.br\/viii\/?p=592"},"modified":"2023-05-11T20:16:56","modified_gmt":"2023-05-12T00:16:56","slug":"convocatoria-ayuda-a-la-participacion-de-estudiantes-de-posgrado-y-jovenes-investigadores","status":"publish","type":"post","link":"https:\/\/sef-cpan.ufms.br\/viii\/es\/convocatoria-ayuda-a-la-participacion-de-estudiantes-de-posgrado-y-jovenes-investigadores\/","title":{"rendered":"Convocatoria: ayuda a la participaci\u00f3n de estudiantes de posgrado y j\u00f3venes investigadores"},"content":{"rendered":"\n<p>El comit\u00e9 organizador del VIII Seminario Internacional de Estudios Fronterizos se complace en anunciar que la Asociaci\u00f3n de Estudios Fronterizos (ABS) ofrece cinco becas de US$300 a estudiantes de posgrado y\/o j\u00f3venes investigadores y\/o colegas de pa\u00edses no pertenecientes a la OCDE para presentar trabajos en el VIII Seminario Internacional de Estudios Fronterizos. La organizaci\u00f3n del evento complementa esta ayuda con el pago de los gastos de inscripci\u00f3n en el evento. Detalles sobre el seminario se pueden encontrar en <a href=\"https:\/\/sef-cpan.ufms.br\/viii\/\">https:\/\/sef-cpan.ufms.br\/viii\/<\/a><\/p>\n\n\n\n<p>Quienes tengan inter\u00e9s deben enviar el trabajo aceptado y una carta de intenci\u00f3n (una p\u00e1gina) a Adriana Dorfman (<a href=\"mailto:adriana.dorfman@ufrgs.br\" target=\"_blank\" rel=\"noreferrer noopener\">adriana.dorfman@ufrgs.br<\/a>) y Karla M\u00fcller (<a href=\"mailto:kmmuller@ufrgs.br\" target=\"_blank\" rel=\"noreferrer noopener\">kmmuller@ufrgs.br<\/a>) hasta el 18 de agosto de 2023.<\/p>\n\n\n\n<p>El resultado se anunciar\u00e1 el 21 de agosto de 2023.<\/p>\n\n\n\n<p>Los certificados y subvenciones se entregar\u00e1n despu\u00e9s de la presentaci\u00f3n de las ponencias en el lugar del seminario.<\/p>\n\n\n\n<p>Nos encontramos en Corumb\u00e1, Brasil.<\/p>\n\n\n<div class=\"wp-block-image\">\n<figure class=\"aligncenter size-full is-resized\"><img loading=\"lazy\" decoding=\"async\" src=\"https:\/\/sef-cpan.ufms.br\/viii\/wp-content\/uploads\/sites\/5\/2023\/05\/ABS_espanhol-1.jpg\" alt=\"\" class=\"wp-image-593\" width=\"459\" height=\"100\" srcset=\"https:\/\/sef-cpan.ufms.br\/viii\/wp-content\/uploads\/sites\/5\/2023\/05\/ABS_espanhol-1.jpg 722w, https:\/\/sef-cpan.ufms.br\/viii\/wp-content\/uploads\/sites\/5\/2023\/05\/ABS_espanhol-1-300x66.jpg 300w\" sizes=\"(max-width: 459px) 100vw, 459px\" \/><\/figure><\/div>","protected":false},"excerpt":{"rendered":"<p>El comit\u00e9 organizador del VIII Seminario Internacional de Estudios Fronterizos se complace en anunciar que la Asociaci\u00f3n de Estudios Fronterizos (ABS) ofrece cinco becas de US$300 a estudiantes de posgrado y\/o j\u00f3venes investigadores y\/o colegas de<a class=\"moretag\" href=\"https:\/\/sef-cpan.ufms.br\/viii\/es\/convocatoria-ayuda-a-la-participacion-de-estudiantes-de-posgrado-y-jovenes-investigadores\/\">Read More&#8230;<\/a><\/p>\n","protected":false},"author":2,"featured_media":0,"comment_status":"open","ping_status":"open","sticky":false,"template":"","format":"standard","meta":{"footnotes":""},"categories":[27],"tags":[],"yoast_head":"<!-- This site is optimized with the Yoast SEO plugin v23.1 - https:\/\/yoast.com\/wordpress\/plugins\/seo\/ -->\n<title>Convocatoria: ayuda a la participaci\u00f3n de estudiantes de posgrado y j\u00f3venes investigadores - VIII Semin\u00e1rio Internacional de Estudos Fronteiri\u00e7os - 2023<\/title>\n<meta name=\"robots\" content=\"index, follow, max-snippet:-1, max-image-preview:large, max-video-preview:-1\" \/>\n<link rel=\"canonical\" href=\"https:\/\/sef-cpan.ufms.br\/viii\/es\/convocatoria-ayuda-a-la-participacion-de-estudiantes-de-posgrado-y-jovenes-investigadores\/\" \/>\n<meta property=\"og:locale\" content=\"pt_BR\" \/>\n<meta property=\"og:type\" content=\"article\" \/>\n<meta property=\"og:title\" content=\"Convocatoria: ayuda a la participaci\u00f3n de estudiantes de posgrado y j\u00f3venes investigadores - VIII Semin\u00e1rio Internacional de Estudos Fronteiri\u00e7os - 2023\" \/>\n<meta property=\"og:description\" content=\"El comit\u00e9 organizador del VIII Seminario Internacional de Estudios Fronterizos se complace en anunciar que la Asociaci\u00f3n de Estudios Fronterizos (ABS) ofrece cinco becas de US$300 a estudiantes de posgrado y\/o j\u00f3venes investigadores y\/o colegas deRead More...\" \/>\n<meta property=\"og:url\" content=\"https:\/\/sef-cpan.ufms.br\/viii\/es\/convocatoria-ayuda-a-la-participacion-de-estudiantes-de-posgrado-y-jovenes-investigadores\/\" \/>\n<meta property=\"og:site_name\" content=\"VIII Semin\u00e1rio Internacional de Estudos Fronteiri\u00e7os - 2023\" \/>\n<meta property=\"article:published_time\" content=\"2023-05-12T00:16:55+00:00\" \/>\n<meta property=\"article:modified_time\" content=\"2023-05-12T00:16:56+00:00\" \/>\n<meta property=\"og:image\" content=\"https:\/\/sef-cpan.ufms.br\/viii\/wp-content\/uploads\/sites\/5\/2023\/05\/ABS_espanhol-1.jpg\" \/>\n<meta name=\"author\" content=\"edgar\" \/>\n<meta name=\"twitter:card\" content=\"summary_large_image\" \/>\n<meta name=\"twitter:label1\" content=\"Escrito por\" \/>\n\t<meta name=\"twitter:data1\" content=\"edgar\" \/>\n\t<meta name=\"twitter:label2\" content=\"Est. tempo de leitura\" \/>\n\t<meta name=\"twitter:data2\" content=\"1 minuto\" \/>\n<script type=\"application\/ld+json\" class=\"yoast-schema-graph\">{\"@context\":\"https:\/\/schema.org\",\"@graph\":[{\"@type\":\"WebPage\",\"@id\":\"https:\/\/sef-cpan.ufms.br\/viii\/es\/convocatoria-ayuda-a-la-participacion-de-estudiantes-de-posgrado-y-jovenes-investigadores\/\",\"url\":\"https:\/\/sef-cpan.ufms.br\/viii\/es\/convocatoria-ayuda-a-la-participacion-de-estudiantes-de-posgrado-y-jovenes-investigadores\/\",\"name\":\"Convocatoria: ayuda a la participaci\u00f3n de estudiantes de posgrado y j\u00f3venes investigadores - VIII Semin\u00e1rio Internacional de Estudos Fronteiri\u00e7os - 2023\",\"isPartOf\":{\"@id\":\"https:\/\/sef-cpan.ufms.br\/viii\/#website\"},\"primaryImageOfPage\":{\"@id\":\"https:\/\/sef-cpan.ufms.br\/viii\/es\/convocatoria-ayuda-a-la-participacion-de-estudiantes-de-posgrado-y-jovenes-investigadores\/#primaryimage\"},\"image\":{\"@id\":\"https:\/\/sef-cpan.ufms.br\/viii\/es\/convocatoria-ayuda-a-la-participacion-de-estudiantes-de-posgrado-y-jovenes-investigadores\/#primaryimage\"},\"thumbnailUrl\":\"https:\/\/sef-cpan.ufms.br\/viii\/wp-content\/uploads\/sites\/5\/2023\/05\/ABS_espanhol-1.jpg\",\"datePublished\":\"2023-05-12T00:16:55+00:00\",\"dateModified\":\"2023-05-12T00:16:56+00:00\",\"author\":{\"@id\":\"https:\/\/sef-cpan.ufms.br\/viii\/#\/schema\/person\/7db94e0ce7a5573e04d47c6e5dad2ce0\"},\"breadcrumb\":{\"@id\":\"https:\/\/sef-cpan.ufms.br\/viii\/es\/convocatoria-ayuda-a-la-participacion-de-estudiantes-de-posgrado-y-jovenes-investigadores\/#breadcrumb\"},\"inLanguage\":\"pt-BR\",\"potentialAction\":[{\"@type\":\"ReadAction\",\"target\":[\"https:\/\/sef-cpan.ufms.br\/viii\/es\/convocatoria-ayuda-a-la-participacion-de-estudiantes-de-posgrado-y-jovenes-investigadores\/\"]}]},{\"@type\":\"ImageObject\",\"inLanguage\":\"pt-BR\",\"@id\":\"https:\/\/sef-cpan.ufms.br\/viii\/es\/convocatoria-ayuda-a-la-participacion-de-estudiantes-de-posgrado-y-jovenes-investigadores\/#primaryimage\",\"url\":\"https:\/\/sef-cpan.ufms.br\/viii\/wp-content\/uploads\/sites\/5\/2023\/05\/ABS_espanhol-1.jpg\",\"contentUrl\":\"https:\/\/sef-cpan.ufms.br\/viii\/wp-content\/uploads\/sites\/5\/2023\/05\/ABS_espanhol-1.jpg\",\"width\":722,\"height\":158},{\"@type\":\"BreadcrumbList\",\"@id\":\"https:\/\/sef-cpan.ufms.br\/viii\/es\/convocatoria-ayuda-a-la-participacion-de-estudiantes-de-posgrado-y-jovenes-investigadores\/#breadcrumb\",\"itemListElement\":[{\"@type\":\"ListItem\",\"position\":1,\"name\":\"In\u00edcio\",\"item\":\"https:\/\/sef-cpan.ufms.br\/viii\/\"},{\"@type\":\"ListItem\",\"position\":2,\"name\":\"Convocatoria: ayuda a la participaci\u00f3n de estudiantes de posgrado y j\u00f3venes investigadores\"}]},{\"@type\":\"WebSite\",\"@id\":\"https:\/\/sef-cpan.ufms.br\/viii\/#website\",\"url\":\"https:\/\/sef-cpan.ufms.br\/viii\/\",\"name\":\"VIII Semin\u00e1rio Internacional de Estudos Fronteiri\u00e7os - 2023\",\"description\":\"Funda\u00e7\u00e3o Universidade Federal de Mato Grosso do Sul - C\u00e2mpus do Pantanal\",\"potentialAction\":[{\"@type\":\"SearchAction\",\"target\":{\"@type\":\"EntryPoint\",\"urlTemplate\":\"https:\/\/sef-cpan.ufms.br\/viii\/?s={search_term_string}\"},\"query-input\":\"required name=search_term_string\"}],\"inLanguage\":\"pt-BR\"},{\"@type\":\"Person\",\"@id\":\"https:\/\/sef-cpan.ufms.br\/viii\/#\/schema\/person\/7db94e0ce7a5573e04d47c6e5dad2ce0\",\"name\":\"edgar\",\"image\":{\"@type\":\"ImageObject\",\"inLanguage\":\"pt-BR\",\"@id\":\"https:\/\/sef-cpan.ufms.br\/viii\/#\/schema\/person\/image\/\",\"url\":\"https:\/\/secure.gravatar.com\/avatar\/a80fa43b2cc43d0b3e64153798c20848?s=96&d=mm&r=g\",\"contentUrl\":\"https:\/\/secure.gravatar.com\/avatar\/a80fa43b2cc43d0b3e64153798c20848?s=96&d=mm&r=g\",\"caption\":\"edgar\"},\"url\":\"https:\/\/sef-cpan.ufms.br\/viii\/author\/edgar\/\"}]}<\/script>\n<!-- \/ Yoast SEO plugin. -->","yoast_head_json":{"title":"Convocatoria: ayuda a la participaci\u00f3n de estudiantes de posgrado y j\u00f3venes investigadores - VIII Semin\u00e1rio Internacional de Estudos Fronteiri\u00e7os - 2023","robots":{"index":"index","follow":"follow","max-snippet":"max-snippet:-1","max-image-preview":"max-image-preview:large","max-video-preview":"max-video-preview:-1"},"canonical":"https:\/\/sef-cpan.ufms.br\/viii\/es\/convocatoria-ayuda-a-la-participacion-de-estudiantes-de-posgrado-y-jovenes-investigadores\/","og_locale":"pt_BR","og_type":"article","og_title":"Convocatoria: ayuda a la participaci\u00f3n de estudiantes de posgrado y j\u00f3venes investigadores - VIII Semin\u00e1rio Internacional de Estudos Fronteiri\u00e7os - 2023","og_description":"El comit\u00e9 organizador del VIII Seminario Internacional de Estudios Fronterizos se complace en anunciar que la Asociaci\u00f3n de Estudios Fronterizos (ABS) ofrece cinco becas de US$300 a estudiantes de posgrado y\/o j\u00f3venes investigadores y\/o colegas deRead More...","og_url":"https:\/\/sef-cpan.ufms.br\/viii\/es\/convocatoria-ayuda-a-la-participacion-de-estudiantes-de-posgrado-y-jovenes-investigadores\/","og_site_name":"VIII Semin\u00e1rio Internacional de Estudos Fronteiri\u00e7os - 2023","article_published_time":"2023-05-12T00:16:55+00:00","article_modified_time":"2023-05-12T00:16:56+00:00","og_image":[{"url":"https:\/\/sef-cpan.ufms.br\/viii\/wp-content\/uploads\/sites\/5\/2023\/05\/ABS_espanhol-1.jpg"}],"author":"edgar","twitter_card":"summary_large_image","twitter_misc":{"Escrito por":"edgar","Est. tempo de leitura":"1 minuto"},"schema":{"@context":"https:\/\/schema.org","@graph":[{"@type":"WebPage","@id":"https:\/\/sef-cpan.ufms.br\/viii\/es\/convocatoria-ayuda-a-la-participacion-de-estudiantes-de-posgrado-y-jovenes-investigadores\/","url":"https:\/\/sef-cpan.ufms.br\/viii\/es\/convocatoria-ayuda-a-la-participacion-de-estudiantes-de-posgrado-y-jovenes-investigadores\/","name":"Convocatoria: ayuda a la participaci\u00f3n de estudiantes de posgrado y j\u00f3venes investigadores - VIII Semin\u00e1rio Internacional de Estudos Fronteiri\u00e7os - 2023","isPartOf":{"@id":"https:\/\/sef-cpan.ufms.br\/viii\/#website"},"primaryImageOfPage":{"@id":"https:\/\/sef-cpan.ufms.br\/viii\/es\/convocatoria-ayuda-a-la-participacion-de-estudiantes-de-posgrado-y-jovenes-investigadores\/#primaryimage"},"image":{"@id":"https:\/\/sef-cpan.ufms.br\/viii\/es\/convocatoria-ayuda-a-la-participacion-de-estudiantes-de-posgrado-y-jovenes-investigadores\/#primaryimage"},"thumbnailUrl":"https:\/\/sef-cpan.ufms.br\/viii\/wp-content\/uploads\/sites\/5\/2023\/05\/ABS_espanhol-1.jpg","datePublished":"2023-05-12T00:16:55+00:00","dateModified":"2023-05-12T00:16:56+00:00","author":{"@id":"https:\/\/sef-cpan.ufms.br\/viii\/#\/schema\/person\/7db94e0ce7a5573e04d47c6e5dad2ce0"},"breadcrumb":{"@id":"https:\/\/sef-cpan.ufms.br\/viii\/es\/convocatoria-ayuda-a-la-participacion-de-estudiantes-de-posgrado-y-jovenes-investigadores\/#breadcrumb"},"inLanguage":"pt-BR","potentialAction":[{"@type":"ReadAction","target":["https:\/\/sef-cpan.ufms.br\/viii\/es\/convocatoria-ayuda-a-la-participacion-de-estudiantes-de-posgrado-y-jovenes-investigadores\/"]}]},{"@type":"ImageObject","inLanguage":"pt-BR","@id":"https:\/\/sef-cpan.ufms.br\/viii\/es\/convocatoria-ayuda-a-la-participacion-de-estudiantes-de-posgrado-y-jovenes-investigadores\/#primaryimage","url":"https:\/\/sef-cpan.ufms.br\/viii\/wp-content\/uploads\/sites\/5\/2023\/05\/ABS_espanhol-1.jpg","contentUrl":"https:\/\/sef-cpan.ufms.br\/viii\/wp-content\/uploads\/sites\/5\/2023\/05\/ABS_espanhol-1.jpg","width":722,"height":158},{"@type":"BreadcrumbList","@id":"https:\/\/sef-cpan.ufms.br\/viii\/es\/convocatoria-ayuda-a-la-participacion-de-estudiantes-de-posgrado-y-jovenes-investigadores\/#breadcrumb","itemListElement":[{"@type":"ListItem","position":1,"name":"In\u00edcio","item":"https:\/\/sef-cpan.ufms.br\/viii\/"},{"@type":"ListItem","position":2,"name":"Convocatoria: ayuda a la participaci\u00f3n de estudiantes de posgrado y j\u00f3venes investigadores"}]},{"@type":"WebSite","@id":"https:\/\/sef-cpan.ufms.br\/viii\/#website","url":"https:\/\/sef-cpan.ufms.br\/viii\/","name":"VIII Semin\u00e1rio Internacional de Estudos Fronteiri\u00e7os - 2023","description":"Funda\u00e7\u00e3o Universidade Federal de Mato Grosso do Sul - C\u00e2mpus do Pantanal","potentialAction":[{"@type":"SearchAction","target":{"@type":"EntryPoint","urlTemplate":"https:\/\/sef-cpan.ufms.br\/viii\/?s={search_term_string}"},"query-input":"required name=search_term_string"}],"inLanguage":"pt-BR"},{"@type":"Person","@id":"https:\/\/sef-cpan.ufms.br\/viii\/#\/schema\/person\/7db94e0ce7a5573e04d47c6e5dad2ce0","name":"edgar","image":{"@type":"ImageObject","inLanguage":"pt-BR","@id":"https:\/\/sef-cpan.ufms.br\/viii\/#\/schema\/person\/image\/","url":"https:\/\/secure.gravatar.com\/avatar\/a80fa43b2cc43d0b3e64153798c20848?s=96&d=mm&r=g","contentUrl":"https:\/\/secure.gravatar.com\/avatar\/a80fa43b2cc43d0b3e64153798c20848?s=96&d=mm&r=g","caption":"edgar"},"url":"https:\/\/sef-cpan.ufms.br\/viii\/author\/edgar\/"}]}},"_links":{"self":[{"href":"https:\/\/sef-cpan.ufms.br\/viii\/wp-json\/wp\/v2\/posts\/592"}],"collection":[{"href":"https:\/\/sef-cpan.ufms.br\/viii\/wp-json\/wp\/v2\/posts"}],"about":[{"href":"https:\/\/sef-cpan.ufms.br\/viii\/wp-json\/wp\/v2\/types\/post"}],"author":[{"embeddable":true,"href":"https:\/\/sef-cpan.ufms.br\/viii\/wp-json\/wp\/v2\/users\/2"}],"replies":[{"embeddable":true,"href":"https:\/\/sef-cpan.ufms.br\/viii\/wp-json\/wp\/v2\/comments?post=592"}],"version-history":[{"count":1,"href":"https:\/\/sef-cpan.ufms.br\/viii\/wp-json\/wp\/v2\/posts\/592\/revisions"}],"predecessor-version":[{"id":594,"href":"https:\/\/sef-cpan.ufms.br\/viii\/wp-json\/wp\/v2\/posts\/592\/revisions\/594"}],"wp:attachment":[{"href":"https:\/\/sef-cpan.ufms.br\/viii\/wp-json\/wp\/v2\/media?parent=592"}],"wp:term":[{"taxonomy":"category","embeddable":true,"href":"https:\/\/sef-cpan.ufms.br\/viii\/wp-json\/wp\/v2\/categories?post=592"},{"taxonomy":"post_tag","embeddable":true,"href":"https:\/\/sef-cpan.ufms.br\/viii\/wp-json\/wp\/v2\/tags?post=592"}],"curies":[{"name":"wp","href":"https:\/\/api.w.org\/{rel}","templated":true}]}}