{"id":579,"date":"2023-05-11T16:39:45","date_gmt":"2023-05-11T20:39:45","guid":{"rendered":"https:\/\/sef-cpan.ufms.br\/viii\/?p=579"},"modified":"2023-05-11T20:14:22","modified_gmt":"2023-05-12T00:14:22","slug":"convocatoria-auxilio-a-participacao-no-viii-sef","status":"publish","type":"post","link":"https:\/\/sef-cpan.ufms.br\/viii\/convocatoria-auxilio-a-participacao-no-viii-sef\/","title":{"rendered":"Convocat\u00f3ria: aux\u00edlio \u00e0 participa\u00e7\u00e3o no VIII SEF"},"content":{"rendered":"\n<p><strong>Convocat\u00f3ria: Aux\u00edlio \u00e0 participa\u00e7\u00e3o de p\u00f3s-graduandos e<\/strong> <strong>jovens pesquisadores<\/strong><\/p>\n\n\n\n<p>A Comiss\u00e3o Organizadora do <strong>VIII Semin\u00e1rio Internacional de Estudos Fronteiri\u00e7os<\/strong> tem o prazer de anunciar que a <strong>Association for Borderlands Studies (ABS)<\/strong> oferece cinco bolsas de US$ 300 para estudantes de p\u00f3s-gradua\u00e7\u00e3o e\/ou pesquisadores em in\u00edcio de carreira e\/ou colegas de pa\u00edses n\u00e3o-membros da OCDE para apresenta\u00e7\u00e3o de trabalhos no VIII Semin\u00e1rio Internacional de Estudos Fronteiri\u00e7os. A organiza\u00e7\u00e3o do evento complementa esse aux\u00edlio abonando os custos de inscri\u00e7\u00e3o no evento. Detalhes sobre o semin\u00e1rio se encontram em https:\/\/sef-cpan.ufms.br\/viii\/<\/p>\n\n\n\n<p>Os interessados devem enviar o trabalho aceito e uma carta de inten\u00e7\u00f5es para Adriana Dorfman (<a href=\"mailto:adriana.dorfman@ufrgs.br\" target=\"_blank\" rel=\"noreferrer noopener\">adriana.dorfman@ufrgs.br<\/a> ) e Karla M\u00fcller (<a href=\"mailto:kmmuller@ufrgs.br\" target=\"_blank\" rel=\"noreferrer noopener\">kmmuller@ufrgs.br<\/a>) at\u00e9 18 de agosto de 2023.<\/p>\n\n\n\n<p>O resultado ser\u00e1 divulgado no dia 21 de agosto de 2023.<\/p>\n\n\n\n<p>Os certificados e os aux\u00edlios ser\u00e3o entregues ap\u00f3s a apresenta\u00e7\u00e3o dos trabalhos, no local do Semin\u00e1rio.<\/p>\n\n\n\n<p class=\"has-text-align-center\">Nos vemos em Corumb\u00e1, Brasil.<\/p>\n\n\n<div class=\"wp-block-image\">\n<figure class=\"aligncenter size-full is-resized\"><img loading=\"lazy\" decoding=\"async\" src=\"https:\/\/sef-cpan.ufms.br\/viii\/wp-content\/uploads\/sites\/5\/2023\/05\/ABS_espanhol.jpg\" alt=\"\" class=\"wp-image-580\" width=\"429\" height=\"94\" srcset=\"https:\/\/sef-cpan.ufms.br\/viii\/wp-content\/uploads\/sites\/5\/2023\/05\/ABS_espanhol.jpg 722w, https:\/\/sef-cpan.ufms.br\/viii\/wp-content\/uploads\/sites\/5\/2023\/05\/ABS_espanhol-300x66.jpg 300w\" sizes=\"(max-width: 429px) 100vw, 429px\" \/><\/figure><\/div>","protected":false},"excerpt":{"rendered":"<p>Convocat\u00f3ria: Aux\u00edlio \u00e0 participa\u00e7\u00e3o de p\u00f3s-graduandos e jovens pesquisadores A Comiss\u00e3o Organizadora do VIII Semin\u00e1rio Internacional de Estudos Fronteiri\u00e7os tem o prazer de anunciar que a Association for Borderlands Studies (ABS) oferece cinco bolsas de US$<a class=\"moretag\" href=\"https:\/\/sef-cpan.ufms.br\/viii\/convocatoria-auxilio-a-participacao-no-viii-sef\/\">Read More&#8230;<\/a><\/p>\n","protected":false},"author":2,"featured_media":0,"comment_status":"open","ping_status":"open","sticky":false,"template":"","format":"standard","meta":{"footnotes":""},"categories":[3],"tags":[39],"yoast_head":"<!-- This site is optimized with the Yoast SEO plugin v23.1 - https:\/\/yoast.com\/wordpress\/plugins\/seo\/ -->\n<title>Convocat\u00f3ria: aux\u00edlio \u00e0 participa\u00e7\u00e3o no VIII SEF - VIII Semin\u00e1rio Internacional de Estudos Fronteiri\u00e7os - 2023<\/title>\n<meta name=\"robots\" content=\"index, follow, max-snippet:-1, max-image-preview:large, max-video-preview:-1\" \/>\n<link rel=\"canonical\" href=\"https:\/\/sef-cpan.ufms.br\/viii\/convocatoria-auxilio-a-participacao-no-viii-sef\/\" \/>\n<meta property=\"og:locale\" content=\"pt_BR\" \/>\n<meta property=\"og:type\" content=\"article\" \/>\n<meta property=\"og:title\" content=\"Convocat\u00f3ria: aux\u00edlio \u00e0 participa\u00e7\u00e3o no VIII SEF - VIII Semin\u00e1rio Internacional de Estudos Fronteiri\u00e7os - 2023\" \/>\n<meta property=\"og:description\" content=\"Convocat\u00f3ria: Aux\u00edlio \u00e0 participa\u00e7\u00e3o de p\u00f3s-graduandos e jovens pesquisadores A Comiss\u00e3o Organizadora do VIII Semin\u00e1rio Internacional de Estudos Fronteiri\u00e7os tem o prazer de anunciar que a Association for Borderlands Studies (ABS) oferece cinco bolsas de US$Read More...\" \/>\n<meta property=\"og:url\" content=\"https:\/\/sef-cpan.ufms.br\/viii\/convocatoria-auxilio-a-participacao-no-viii-sef\/\" \/>\n<meta property=\"og:site_name\" content=\"VIII Semin\u00e1rio Internacional de Estudos Fronteiri\u00e7os - 2023\" \/>\n<meta property=\"article:published_time\" content=\"2023-05-11T20:39:45+00:00\" \/>\n<meta property=\"article:modified_time\" content=\"2023-05-12T00:14:22+00:00\" \/>\n<meta property=\"og:image\" content=\"https:\/\/sef-cpan.ufms.br\/viii\/wp-content\/uploads\/sites\/5\/2023\/05\/ABS_espanhol.jpg\" \/>\n<meta name=\"author\" content=\"edgar\" \/>\n<meta name=\"twitter:card\" content=\"summary_large_image\" \/>\n<meta name=\"twitter:label1\" content=\"Escrito por\" \/>\n\t<meta name=\"twitter:data1\" content=\"edgar\" \/>\n\t<meta name=\"twitter:label2\" content=\"Est. tempo de leitura\" \/>\n\t<meta name=\"twitter:data2\" content=\"1 minuto\" \/>\n<script type=\"application\/ld+json\" class=\"yoast-schema-graph\">{\"@context\":\"https:\/\/schema.org\",\"@graph\":[{\"@type\":\"WebPage\",\"@id\":\"https:\/\/sef-cpan.ufms.br\/viii\/convocatoria-auxilio-a-participacao-no-viii-sef\/\",\"url\":\"https:\/\/sef-cpan.ufms.br\/viii\/convocatoria-auxilio-a-participacao-no-viii-sef\/\",\"name\":\"Convocat\u00f3ria: aux\u00edlio \u00e0 participa\u00e7\u00e3o no VIII SEF - VIII Semin\u00e1rio Internacional de Estudos Fronteiri\u00e7os - 2023\",\"isPartOf\":{\"@id\":\"https:\/\/sef-cpan.ufms.br\/viii\/#website\"},\"primaryImageOfPage\":{\"@id\":\"https:\/\/sef-cpan.ufms.br\/viii\/convocatoria-auxilio-a-participacao-no-viii-sef\/#primaryimage\"},\"image\":{\"@id\":\"https:\/\/sef-cpan.ufms.br\/viii\/convocatoria-auxilio-a-participacao-no-viii-sef\/#primaryimage\"},\"thumbnailUrl\":\"https:\/\/sef-cpan.ufms.br\/viii\/wp-content\/uploads\/sites\/5\/2023\/05\/ABS_espanhol.jpg\",\"datePublished\":\"2023-05-11T20:39:45+00:00\",\"dateModified\":\"2023-05-12T00:14:22+00:00\",\"author\":{\"@id\":\"https:\/\/sef-cpan.ufms.br\/viii\/#\/schema\/person\/7db94e0ce7a5573e04d47c6e5dad2ce0\"},\"breadcrumb\":{\"@id\":\"https:\/\/sef-cpan.ufms.br\/viii\/convocatoria-auxilio-a-participacao-no-viii-sef\/#breadcrumb\"},\"inLanguage\":\"pt-BR\",\"potentialAction\":[{\"@type\":\"ReadAction\",\"target\":[\"https:\/\/sef-cpan.ufms.br\/viii\/convocatoria-auxilio-a-participacao-no-viii-sef\/\"]}]},{\"@type\":\"ImageObject\",\"inLanguage\":\"pt-BR\",\"@id\":\"https:\/\/sef-cpan.ufms.br\/viii\/convocatoria-auxilio-a-participacao-no-viii-sef\/#primaryimage\",\"url\":\"https:\/\/sef-cpan.ufms.br\/viii\/wp-content\/uploads\/sites\/5\/2023\/05\/ABS_espanhol.jpg\",\"contentUrl\":\"https:\/\/sef-cpan.ufms.br\/viii\/wp-content\/uploads\/sites\/5\/2023\/05\/ABS_espanhol.jpg\",\"width\":722,\"height\":158},{\"@type\":\"BreadcrumbList\",\"@id\":\"https:\/\/sef-cpan.ufms.br\/viii\/convocatoria-auxilio-a-participacao-no-viii-sef\/#breadcrumb\",\"itemListElement\":[{\"@type\":\"ListItem\",\"position\":1,\"name\":\"In\u00edcio\",\"item\":\"https:\/\/sef-cpan.ufms.br\/viii\/\"},{\"@type\":\"ListItem\",\"position\":2,\"name\":\"Convocat\u00f3ria: aux\u00edlio \u00e0 participa\u00e7\u00e3o no VIII SEF\"}]},{\"@type\":\"WebSite\",\"@id\":\"https:\/\/sef-cpan.ufms.br\/viii\/#website\",\"url\":\"https:\/\/sef-cpan.ufms.br\/viii\/\",\"name\":\"VIII Semin\u00e1rio Internacional de Estudos Fronteiri\u00e7os - 2023\",\"description\":\"Funda\u00e7\u00e3o Universidade Federal de Mato Grosso do Sul - C\u00e2mpus do Pantanal\",\"potentialAction\":[{\"@type\":\"SearchAction\",\"target\":{\"@type\":\"EntryPoint\",\"urlTemplate\":\"https:\/\/sef-cpan.ufms.br\/viii\/?s={search_term_string}\"},\"query-input\":\"required name=search_term_string\"}],\"inLanguage\":\"pt-BR\"},{\"@type\":\"Person\",\"@id\":\"https:\/\/sef-cpan.ufms.br\/viii\/#\/schema\/person\/7db94e0ce7a5573e04d47c6e5dad2ce0\",\"name\":\"edgar\",\"image\":{\"@type\":\"ImageObject\",\"inLanguage\":\"pt-BR\",\"@id\":\"https:\/\/sef-cpan.ufms.br\/viii\/#\/schema\/person\/image\/\",\"url\":\"https:\/\/secure.gravatar.com\/avatar\/a80fa43b2cc43d0b3e64153798c20848?s=96&d=mm&r=g\",\"contentUrl\":\"https:\/\/secure.gravatar.com\/avatar\/a80fa43b2cc43d0b3e64153798c20848?s=96&d=mm&r=g\",\"caption\":\"edgar\"},\"url\":\"https:\/\/sef-cpan.ufms.br\/viii\/author\/edgar\/\"}]}<\/script>\n<!-- \/ Yoast SEO plugin. -->","yoast_head_json":{"title":"Convocat\u00f3ria: aux\u00edlio \u00e0 participa\u00e7\u00e3o no VIII SEF - VIII Semin\u00e1rio Internacional de Estudos Fronteiri\u00e7os - 2023","robots":{"index":"index","follow":"follow","max-snippet":"max-snippet:-1","max-image-preview":"max-image-preview:large","max-video-preview":"max-video-preview:-1"},"canonical":"https:\/\/sef-cpan.ufms.br\/viii\/convocatoria-auxilio-a-participacao-no-viii-sef\/","og_locale":"pt_BR","og_type":"article","og_title":"Convocat\u00f3ria: aux\u00edlio \u00e0 participa\u00e7\u00e3o no VIII SEF - VIII Semin\u00e1rio Internacional de Estudos Fronteiri\u00e7os - 2023","og_description":"Convocat\u00f3ria: Aux\u00edlio \u00e0 participa\u00e7\u00e3o de p\u00f3s-graduandos e jovens pesquisadores A Comiss\u00e3o Organizadora do VIII Semin\u00e1rio Internacional de Estudos Fronteiri\u00e7os tem o prazer de anunciar que a Association for Borderlands Studies (ABS) oferece cinco bolsas de US$Read More...","og_url":"https:\/\/sef-cpan.ufms.br\/viii\/convocatoria-auxilio-a-participacao-no-viii-sef\/","og_site_name":"VIII Semin\u00e1rio Internacional de Estudos Fronteiri\u00e7os - 2023","article_published_time":"2023-05-11T20:39:45+00:00","article_modified_time":"2023-05-12T00:14:22+00:00","og_image":[{"url":"https:\/\/sef-cpan.ufms.br\/viii\/wp-content\/uploads\/sites\/5\/2023\/05\/ABS_espanhol.jpg"}],"author":"edgar","twitter_card":"summary_large_image","twitter_misc":{"Escrito por":"edgar","Est. tempo de leitura":"1 minuto"},"schema":{"@context":"https:\/\/schema.org","@graph":[{"@type":"WebPage","@id":"https:\/\/sef-cpan.ufms.br\/viii\/convocatoria-auxilio-a-participacao-no-viii-sef\/","url":"https:\/\/sef-cpan.ufms.br\/viii\/convocatoria-auxilio-a-participacao-no-viii-sef\/","name":"Convocat\u00f3ria: aux\u00edlio \u00e0 participa\u00e7\u00e3o no VIII SEF - VIII Semin\u00e1rio Internacional de Estudos Fronteiri\u00e7os - 2023","isPartOf":{"@id":"https:\/\/sef-cpan.ufms.br\/viii\/#website"},"primaryImageOfPage":{"@id":"https:\/\/sef-cpan.ufms.br\/viii\/convocatoria-auxilio-a-participacao-no-viii-sef\/#primaryimage"},"image":{"@id":"https:\/\/sef-cpan.ufms.br\/viii\/convocatoria-auxilio-a-participacao-no-viii-sef\/#primaryimage"},"thumbnailUrl":"https:\/\/sef-cpan.ufms.br\/viii\/wp-content\/uploads\/sites\/5\/2023\/05\/ABS_espanhol.jpg","datePublished":"2023-05-11T20:39:45+00:00","dateModified":"2023-05-12T00:14:22+00:00","author":{"@id":"https:\/\/sef-cpan.ufms.br\/viii\/#\/schema\/person\/7db94e0ce7a5573e04d47c6e5dad2ce0"},"breadcrumb":{"@id":"https:\/\/sef-cpan.ufms.br\/viii\/convocatoria-auxilio-a-participacao-no-viii-sef\/#breadcrumb"},"inLanguage":"pt-BR","potentialAction":[{"@type":"ReadAction","target":["https:\/\/sef-cpan.ufms.br\/viii\/convocatoria-auxilio-a-participacao-no-viii-sef\/"]}]},{"@type":"ImageObject","inLanguage":"pt-BR","@id":"https:\/\/sef-cpan.ufms.br\/viii\/convocatoria-auxilio-a-participacao-no-viii-sef\/#primaryimage","url":"https:\/\/sef-cpan.ufms.br\/viii\/wp-content\/uploads\/sites\/5\/2023\/05\/ABS_espanhol.jpg","contentUrl":"https:\/\/sef-cpan.ufms.br\/viii\/wp-content\/uploads\/sites\/5\/2023\/05\/ABS_espanhol.jpg","width":722,"height":158},{"@type":"BreadcrumbList","@id":"https:\/\/sef-cpan.ufms.br\/viii\/convocatoria-auxilio-a-participacao-no-viii-sef\/#breadcrumb","itemListElement":[{"@type":"ListItem","position":1,"name":"In\u00edcio","item":"https:\/\/sef-cpan.ufms.br\/viii\/"},{"@type":"ListItem","position":2,"name":"Convocat\u00f3ria: aux\u00edlio \u00e0 participa\u00e7\u00e3o no VIII SEF"}]},{"@type":"WebSite","@id":"https:\/\/sef-cpan.ufms.br\/viii\/#website","url":"https:\/\/sef-cpan.ufms.br\/viii\/","name":"VIII Semin\u00e1rio Internacional de Estudos Fronteiri\u00e7os - 2023","description":"Funda\u00e7\u00e3o Universidade Federal de Mato Grosso do Sul - C\u00e2mpus do Pantanal","potentialAction":[{"@type":"SearchAction","target":{"@type":"EntryPoint","urlTemplate":"https:\/\/sef-cpan.ufms.br\/viii\/?s={search_term_string}"},"query-input":"required name=search_term_string"}],"inLanguage":"pt-BR"},{"@type":"Person","@id":"https:\/\/sef-cpan.ufms.br\/viii\/#\/schema\/person\/7db94e0ce7a5573e04d47c6e5dad2ce0","name":"edgar","image":{"@type":"ImageObject","inLanguage":"pt-BR","@id":"https:\/\/sef-cpan.ufms.br\/viii\/#\/schema\/person\/image\/","url":"https:\/\/secure.gravatar.com\/avatar\/a80fa43b2cc43d0b3e64153798c20848?s=96&d=mm&r=g","contentUrl":"https:\/\/secure.gravatar.com\/avatar\/a80fa43b2cc43d0b3e64153798c20848?s=96&d=mm&r=g","caption":"edgar"},"url":"https:\/\/sef-cpan.ufms.br\/viii\/author\/edgar\/"}]}},"_links":{"self":[{"href":"https:\/\/sef-cpan.ufms.br\/viii\/wp-json\/wp\/v2\/posts\/579"}],"collection":[{"href":"https:\/\/sef-cpan.ufms.br\/viii\/wp-json\/wp\/v2\/posts"}],"about":[{"href":"https:\/\/sef-cpan.ufms.br\/viii\/wp-json\/wp\/v2\/types\/post"}],"author":[{"embeddable":true,"href":"https:\/\/sef-cpan.ufms.br\/viii\/wp-json\/wp\/v2\/users\/2"}],"replies":[{"embeddable":true,"href":"https:\/\/sef-cpan.ufms.br\/viii\/wp-json\/wp\/v2\/comments?post=579"}],"version-history":[{"count":2,"href":"https:\/\/sef-cpan.ufms.br\/viii\/wp-json\/wp\/v2\/posts\/579\/revisions"}],"predecessor-version":[{"id":591,"href":"https:\/\/sef-cpan.ufms.br\/viii\/wp-json\/wp\/v2\/posts\/579\/revisions\/591"}],"wp:attachment":[{"href":"https:\/\/sef-cpan.ufms.br\/viii\/wp-json\/wp\/v2\/media?parent=579"}],"wp:term":[{"taxonomy":"category","embeddable":true,"href":"https:\/\/sef-cpan.ufms.br\/viii\/wp-json\/wp\/v2\/categories?post=579"},{"taxonomy":"post_tag","embeddable":true,"href":"https:\/\/sef-cpan.ufms.br\/viii\/wp-json\/wp\/v2\/tags?post=579"}],"curies":[{"name":"wp","href":"https:\/\/api.w.org\/{rel}","templated":true}]}}