{"id":559,"date":"2023-03-31T14:14:27","date_gmt":"2023-03-31T18:14:27","guid":{"rendered":"https:\/\/sef-cpan.ufms.br\/viii\/?p=559"},"modified":"2023-04-04T10:10:01","modified_gmt":"2023-04-04T14:10:01","slug":"mesas-e-palestrantes-confirmados","status":"publish","type":"post","link":"https:\/\/sef-cpan.ufms.br\/viii\/mesas-e-palestrantes-confirmados\/","title":{"rendered":"Mesas e palestrantes confirmados"},"content":{"rendered":"\n<figure class=\"wp-block-image size-large\"><img loading=\"lazy\" decoding=\"async\" width=\"1024\" height=\"285\" src=\"https:\/\/sef-cpan.ufms.br\/viii\/wp-content\/uploads\/sites\/5\/2023\/03\/mesa-palestra-1024x285.png\" alt=\"\" class=\"wp-image-564\" srcset=\"https:\/\/sef-cpan.ufms.br\/viii\/wp-content\/uploads\/sites\/5\/2023\/03\/mesa-palestra-1024x285.png 1024w, https:\/\/sef-cpan.ufms.br\/viii\/wp-content\/uploads\/sites\/5\/2023\/03\/mesa-palestra-300x84.png 300w, https:\/\/sef-cpan.ufms.br\/viii\/wp-content\/uploads\/sites\/5\/2023\/03\/mesa-palestra-768x214.png 768w, https:\/\/sef-cpan.ufms.br\/viii\/wp-content\/uploads\/sites\/5\/2023\/03\/mesa-palestra-1536x428.png 1536w, https:\/\/sef-cpan.ufms.br\/viii\/wp-content\/uploads\/sites\/5\/2023\/03\/mesa-palestra.png 1916w\" sizes=\"(max-width: 1024px) 100vw, 1024px\" \/><\/figure>\n\n\n<p>\u00a0<\/p>\n<p style=\"text-align: justify;\">Confira abaixo a lista das primeiras mesas e palestrantes confirmados no VIII Semin\u00e1rio Internacional de Estudos Fronteiri\u00e7os:<\/p>\n<ul>\n<li><strong>WORKSHOP DE PESQUISA-A\u00c7\u00c3O EM MIGRA\u00c7\u00c3O INTERNACIONAL EM FRONTEIRA<\/strong><\/li>\n<\/ul>\n<p><b>Migra\u00e7\u00f5es internacionais em fronteira e os desafios das redes de pesquisa<\/b><\/p>\n<p><span style=\"font-weight: 400;\">Marco Aur\u00e9lio Machado de Oliveira (UFMS) &#8211; Debatedor<\/span><\/p>\n<p>Patr\u00edcia Tavano (UFMS)<\/p>\n<p><span style=\"font-weight: 400;\">Jos\u00e9 Lindomar Coelho Albuquerque (UNIFESP)<\/span><\/p>\n<p><span style=\"font-weight: 400;\">Eric Cardin (UNIOESTE)<\/span><\/p>\n<p><span style=\"font-weight: 400;\">Jorgelina Tallei (UNILA)<\/span><\/p>\n<p>\u00a0<\/p>\n<ul>\n<li><b>V COL\u00d3QUIO UNBRAL FRONTEIRAS<\/b><\/li>\n<\/ul>\n<p><b>A fronteira \u00e9 um banco de dados.<\/b><\/p>\n<p><span style=\"font-weight: 400;\">Adriana Dorfman (UFRGS) \u2013 Debatedora<\/span><\/p>\n<p><span style=\"font-weight: 400;\">Karla Maria Muller (UFRGS)<\/span><\/p>\n<p><span style=\"font-weight: 400;\">Rafael Francisco Fran\u00e7a (Pol\u00edcia Federal)<\/span><\/p>\n<p><span style=\"font-weight: 400;\">Sylvia Fernandez Quintanilla (University of Texas at San Antonio)<\/span><\/p>\n<p>\u00a0<\/p>\n<ul>\n<li><b>PAINEL ALEF<\/b><\/li>\n<\/ul>\n<p><b>Encontros e desencontros entre academia e setor p\u00fablico na <\/b><b>formula\u00e7\u00e3o de pol\u00edticas sobre fronteiras: experi\u00eancias latino-americanas.<\/b><\/p>\n<p style=\"text-align: justify;\"><span style=\"font-weight: 400;\">Haroldo Dilla Alfonso (ALEF) &#8211; Debatedor<\/span><\/p>\n<p><span style=\"font-weight: 400;\">Alejandro Benedetti (GEFRE\/UBA)<\/span><\/p>\n<p><span style=\"font-weight: 400;\">Rebeca Steiman (RETIS\/UFRJ)<\/span><\/p>\n<p><span style=\"font-weight: 400;\">Gonzalo Alvarez (INTE\/UNAP)<\/span><\/p>\n<p><span style=\"font-weight: 400;\">Jorge Aponte (GES\/UNC)<\/span><\/p>\n<p><span style=\"font-weight: 400;\">Dolores Camacho (CIMSUR\/UNAM)<\/span><\/p>","protected":false},"excerpt":{"rendered":"<p>\u00a0 Confira abaixo a lista das primeiras mesas e palestrantes confirmados no VIII Semin\u00e1rio Internacional de Estudos Fronteiri\u00e7os: WORKSHOP DE PESQUISA-A\u00c7\u00c3O EM MIGRA\u00c7\u00c3O INTERNACIONAL EM FRONTEIRA Migra\u00e7\u00f5es internacionais em fronteira e os desafios das redes de<a class=\"moretag\" href=\"https:\/\/sef-cpan.ufms.br\/viii\/mesas-e-palestrantes-confirmados\/\">Read More&#8230;<\/a><\/p>\n","protected":false},"author":2,"featured_media":0,"comment_status":"open","ping_status":"open","sticky":false,"template":"","format":"standard","meta":{"footnotes":""},"categories":[9],"tags":[],"yoast_head":"<!-- This site is optimized with the Yoast SEO plugin v23.1 - https:\/\/yoast.com\/wordpress\/plugins\/seo\/ -->\n<title>Mesas e palestrantes confirmados - VIII Semin\u00e1rio Internacional de Estudos Fronteiri\u00e7os - 2023<\/title>\n<meta name=\"robots\" content=\"index, follow, max-snippet:-1, max-image-preview:large, max-video-preview:-1\" \/>\n<link rel=\"canonical\" href=\"https:\/\/sef-cpan.ufms.br\/viii\/mesas-e-palestrantes-confirmados\/\" \/>\n<meta property=\"og:locale\" content=\"pt_BR\" \/>\n<meta property=\"og:type\" content=\"article\" \/>\n<meta property=\"og:title\" content=\"Mesas e palestrantes confirmados - VIII Semin\u00e1rio Internacional de Estudos Fronteiri\u00e7os - 2023\" \/>\n<meta property=\"og:description\" content=\"\u00a0 Confira abaixo a lista das primeiras mesas e palestrantes confirmados no VIII Semin\u00e1rio Internacional de Estudos Fronteiri\u00e7os: WORKSHOP DE PESQUISA-A\u00c7\u00c3O EM MIGRA\u00c7\u00c3O INTERNACIONAL EM FRONTEIRA Migra\u00e7\u00f5es internacionais em fronteira e os desafios das redes deRead More...\" \/>\n<meta property=\"og:url\" content=\"https:\/\/sef-cpan.ufms.br\/viii\/mesas-e-palestrantes-confirmados\/\" \/>\n<meta property=\"og:site_name\" content=\"VIII Semin\u00e1rio Internacional de Estudos Fronteiri\u00e7os - 2023\" \/>\n<meta property=\"article:published_time\" content=\"2023-03-31T18:14:27+00:00\" \/>\n<meta property=\"article:modified_time\" content=\"2023-04-04T14:10:01+00:00\" \/>\n<meta property=\"og:image\" content=\"https:\/\/sef-cpan.ufms.br\/viii\/wp-content\/uploads\/sites\/5\/2023\/03\/mesa-palestra-1024x285.png\" \/>\n<meta name=\"author\" content=\"edgar\" \/>\n<meta name=\"twitter:card\" content=\"summary_large_image\" \/>\n<meta name=\"twitter:label1\" content=\"Escrito por\" \/>\n\t<meta name=\"twitter:data1\" content=\"edgar\" \/>\n\t<meta name=\"twitter:label2\" content=\"Est. tempo de leitura\" \/>\n\t<meta name=\"twitter:data2\" content=\"1 minuto\" \/>\n<script type=\"application\/ld+json\" class=\"yoast-schema-graph\">{\"@context\":\"https:\/\/schema.org\",\"@graph\":[{\"@type\":\"WebPage\",\"@id\":\"https:\/\/sef-cpan.ufms.br\/viii\/mesas-e-palestrantes-confirmados\/\",\"url\":\"https:\/\/sef-cpan.ufms.br\/viii\/mesas-e-palestrantes-confirmados\/\",\"name\":\"Mesas e palestrantes confirmados - VIII Semin\u00e1rio Internacional de Estudos Fronteiri\u00e7os - 2023\",\"isPartOf\":{\"@id\":\"https:\/\/sef-cpan.ufms.br\/viii\/#website\"},\"primaryImageOfPage\":{\"@id\":\"https:\/\/sef-cpan.ufms.br\/viii\/mesas-e-palestrantes-confirmados\/#primaryimage\"},\"image\":{\"@id\":\"https:\/\/sef-cpan.ufms.br\/viii\/mesas-e-palestrantes-confirmados\/#primaryimage\"},\"thumbnailUrl\":\"https:\/\/sef-cpan.ufms.br\/viii\/wp-content\/uploads\/sites\/5\/2023\/03\/mesa-palestra-1024x285.png\",\"datePublished\":\"2023-03-31T18:14:27+00:00\",\"dateModified\":\"2023-04-04T14:10:01+00:00\",\"author\":{\"@id\":\"https:\/\/sef-cpan.ufms.br\/viii\/#\/schema\/person\/7db94e0ce7a5573e04d47c6e5dad2ce0\"},\"breadcrumb\":{\"@id\":\"https:\/\/sef-cpan.ufms.br\/viii\/mesas-e-palestrantes-confirmados\/#breadcrumb\"},\"inLanguage\":\"pt-BR\",\"potentialAction\":[{\"@type\":\"ReadAction\",\"target\":[\"https:\/\/sef-cpan.ufms.br\/viii\/mesas-e-palestrantes-confirmados\/\"]}]},{\"@type\":\"ImageObject\",\"inLanguage\":\"pt-BR\",\"@id\":\"https:\/\/sef-cpan.ufms.br\/viii\/mesas-e-palestrantes-confirmados\/#primaryimage\",\"url\":\"https:\/\/sef-cpan.ufms.br\/viii\/wp-content\/uploads\/sites\/5\/2023\/03\/mesa-palestra.png\",\"contentUrl\":\"https:\/\/sef-cpan.ufms.br\/viii\/wp-content\/uploads\/sites\/5\/2023\/03\/mesa-palestra.png\",\"width\":1916,\"height\":534},{\"@type\":\"BreadcrumbList\",\"@id\":\"https:\/\/sef-cpan.ufms.br\/viii\/mesas-e-palestrantes-confirmados\/#breadcrumb\",\"itemListElement\":[{\"@type\":\"ListItem\",\"position\":1,\"name\":\"In\u00edcio\",\"item\":\"https:\/\/sef-cpan.ufms.br\/viii\/\"},{\"@type\":\"ListItem\",\"position\":2,\"name\":\"Mesas e palestrantes confirmados\"}]},{\"@type\":\"WebSite\",\"@id\":\"https:\/\/sef-cpan.ufms.br\/viii\/#website\",\"url\":\"https:\/\/sef-cpan.ufms.br\/viii\/\",\"name\":\"VIII Semin\u00e1rio Internacional de Estudos Fronteiri\u00e7os - 2023\",\"description\":\"Funda\u00e7\u00e3o Universidade Federal de Mato Grosso do Sul - C\u00e2mpus do Pantanal\",\"potentialAction\":[{\"@type\":\"SearchAction\",\"target\":{\"@type\":\"EntryPoint\",\"urlTemplate\":\"https:\/\/sef-cpan.ufms.br\/viii\/?s={search_term_string}\"},\"query-input\":\"required name=search_term_string\"}],\"inLanguage\":\"pt-BR\"},{\"@type\":\"Person\",\"@id\":\"https:\/\/sef-cpan.ufms.br\/viii\/#\/schema\/person\/7db94e0ce7a5573e04d47c6e5dad2ce0\",\"name\":\"edgar\",\"image\":{\"@type\":\"ImageObject\",\"inLanguage\":\"pt-BR\",\"@id\":\"https:\/\/sef-cpan.ufms.br\/viii\/#\/schema\/person\/image\/\",\"url\":\"https:\/\/secure.gravatar.com\/avatar\/a80fa43b2cc43d0b3e64153798c20848?s=96&d=mm&r=g\",\"contentUrl\":\"https:\/\/secure.gravatar.com\/avatar\/a80fa43b2cc43d0b3e64153798c20848?s=96&d=mm&r=g\",\"caption\":\"edgar\"},\"url\":\"https:\/\/sef-cpan.ufms.br\/viii\/author\/edgar\/\"}]}<\/script>\n<!-- \/ Yoast SEO plugin. -->","yoast_head_json":{"title":"Mesas e palestrantes confirmados - VIII Semin\u00e1rio Internacional de Estudos Fronteiri\u00e7os - 2023","robots":{"index":"index","follow":"follow","max-snippet":"max-snippet:-1","max-image-preview":"max-image-preview:large","max-video-preview":"max-video-preview:-1"},"canonical":"https:\/\/sef-cpan.ufms.br\/viii\/mesas-e-palestrantes-confirmados\/","og_locale":"pt_BR","og_type":"article","og_title":"Mesas e palestrantes confirmados - VIII Semin\u00e1rio Internacional de Estudos Fronteiri\u00e7os - 2023","og_description":"\u00a0 Confira abaixo a lista das primeiras mesas e palestrantes confirmados no VIII Semin\u00e1rio Internacional de Estudos Fronteiri\u00e7os: WORKSHOP DE PESQUISA-A\u00c7\u00c3O EM MIGRA\u00c7\u00c3O INTERNACIONAL EM FRONTEIRA Migra\u00e7\u00f5es internacionais em fronteira e os desafios das redes deRead More...","og_url":"https:\/\/sef-cpan.ufms.br\/viii\/mesas-e-palestrantes-confirmados\/","og_site_name":"VIII Semin\u00e1rio Internacional de Estudos Fronteiri\u00e7os - 2023","article_published_time":"2023-03-31T18:14:27+00:00","article_modified_time":"2023-04-04T14:10:01+00:00","og_image":[{"url":"https:\/\/sef-cpan.ufms.br\/viii\/wp-content\/uploads\/sites\/5\/2023\/03\/mesa-palestra-1024x285.png"}],"author":"edgar","twitter_card":"summary_large_image","twitter_misc":{"Escrito por":"edgar","Est. tempo de leitura":"1 minuto"},"schema":{"@context":"https:\/\/schema.org","@graph":[{"@type":"WebPage","@id":"https:\/\/sef-cpan.ufms.br\/viii\/mesas-e-palestrantes-confirmados\/","url":"https:\/\/sef-cpan.ufms.br\/viii\/mesas-e-palestrantes-confirmados\/","name":"Mesas e palestrantes confirmados - VIII Semin\u00e1rio Internacional de Estudos Fronteiri\u00e7os - 2023","isPartOf":{"@id":"https:\/\/sef-cpan.ufms.br\/viii\/#website"},"primaryImageOfPage":{"@id":"https:\/\/sef-cpan.ufms.br\/viii\/mesas-e-palestrantes-confirmados\/#primaryimage"},"image":{"@id":"https:\/\/sef-cpan.ufms.br\/viii\/mesas-e-palestrantes-confirmados\/#primaryimage"},"thumbnailUrl":"https:\/\/sef-cpan.ufms.br\/viii\/wp-content\/uploads\/sites\/5\/2023\/03\/mesa-palestra-1024x285.png","datePublished":"2023-03-31T18:14:27+00:00","dateModified":"2023-04-04T14:10:01+00:00","author":{"@id":"https:\/\/sef-cpan.ufms.br\/viii\/#\/schema\/person\/7db94e0ce7a5573e04d47c6e5dad2ce0"},"breadcrumb":{"@id":"https:\/\/sef-cpan.ufms.br\/viii\/mesas-e-palestrantes-confirmados\/#breadcrumb"},"inLanguage":"pt-BR","potentialAction":[{"@type":"ReadAction","target":["https:\/\/sef-cpan.ufms.br\/viii\/mesas-e-palestrantes-confirmados\/"]}]},{"@type":"ImageObject","inLanguage":"pt-BR","@id":"https:\/\/sef-cpan.ufms.br\/viii\/mesas-e-palestrantes-confirmados\/#primaryimage","url":"https:\/\/sef-cpan.ufms.br\/viii\/wp-content\/uploads\/sites\/5\/2023\/03\/mesa-palestra.png","contentUrl":"https:\/\/sef-cpan.ufms.br\/viii\/wp-content\/uploads\/sites\/5\/2023\/03\/mesa-palestra.png","width":1916,"height":534},{"@type":"BreadcrumbList","@id":"https:\/\/sef-cpan.ufms.br\/viii\/mesas-e-palestrantes-confirmados\/#breadcrumb","itemListElement":[{"@type":"ListItem","position":1,"name":"In\u00edcio","item":"https:\/\/sef-cpan.ufms.br\/viii\/"},{"@type":"ListItem","position":2,"name":"Mesas e palestrantes confirmados"}]},{"@type":"WebSite","@id":"https:\/\/sef-cpan.ufms.br\/viii\/#website","url":"https:\/\/sef-cpan.ufms.br\/viii\/","name":"VIII Semin\u00e1rio Internacional de Estudos Fronteiri\u00e7os - 2023","description":"Funda\u00e7\u00e3o Universidade Federal de Mato Grosso do Sul - C\u00e2mpus do Pantanal","potentialAction":[{"@type":"SearchAction","target":{"@type":"EntryPoint","urlTemplate":"https:\/\/sef-cpan.ufms.br\/viii\/?s={search_term_string}"},"query-input":"required name=search_term_string"}],"inLanguage":"pt-BR"},{"@type":"Person","@id":"https:\/\/sef-cpan.ufms.br\/viii\/#\/schema\/person\/7db94e0ce7a5573e04d47c6e5dad2ce0","name":"edgar","image":{"@type":"ImageObject","inLanguage":"pt-BR","@id":"https:\/\/sef-cpan.ufms.br\/viii\/#\/schema\/person\/image\/","url":"https:\/\/secure.gravatar.com\/avatar\/a80fa43b2cc43d0b3e64153798c20848?s=96&d=mm&r=g","contentUrl":"https:\/\/secure.gravatar.com\/avatar\/a80fa43b2cc43d0b3e64153798c20848?s=96&d=mm&r=g","caption":"edgar"},"url":"https:\/\/sef-cpan.ufms.br\/viii\/author\/edgar\/"}]}},"_links":{"self":[{"href":"https:\/\/sef-cpan.ufms.br\/viii\/wp-json\/wp\/v2\/posts\/559"}],"collection":[{"href":"https:\/\/sef-cpan.ufms.br\/viii\/wp-json\/wp\/v2\/posts"}],"about":[{"href":"https:\/\/sef-cpan.ufms.br\/viii\/wp-json\/wp\/v2\/types\/post"}],"author":[{"embeddable":true,"href":"https:\/\/sef-cpan.ufms.br\/viii\/wp-json\/wp\/v2\/users\/2"}],"replies":[{"embeddable":true,"href":"https:\/\/sef-cpan.ufms.br\/viii\/wp-json\/wp\/v2\/comments?post=559"}],"version-history":[{"count":8,"href":"https:\/\/sef-cpan.ufms.br\/viii\/wp-json\/wp\/v2\/posts\/559\/revisions"}],"predecessor-version":[{"id":574,"href":"https:\/\/sef-cpan.ufms.br\/viii\/wp-json\/wp\/v2\/posts\/559\/revisions\/574"}],"wp:attachment":[{"href":"https:\/\/sef-cpan.ufms.br\/viii\/wp-json\/wp\/v2\/media?parent=559"}],"wp:term":[{"taxonomy":"category","embeddable":true,"href":"https:\/\/sef-cpan.ufms.br\/viii\/wp-json\/wp\/v2\/categories?post=559"},{"taxonomy":"post_tag","embeddable":true,"href":"https:\/\/sef-cpan.ufms.br\/viii\/wp-json\/wp\/v2\/tags?post=559"}],"curies":[{"name":"wp","href":"https:\/\/api.w.org\/{rel}","templated":true}]}}