{"id":429,"date":"2019-10-04T18:58:55","date_gmt":"2019-10-04T21:58:55","guid":{"rendered":"http:\/\/sef.ufms.br\/vii\/?p=429"},"modified":"2019-10-05T13:21:50","modified_gmt":"2019-10-05T16:21:50","slug":"inscricoes-confirmadas-e-inscricoes-pendentes-no-vii-sef","status":"publish","type":"post","link":"https:\/\/sef-cpan.ufms.br\/vii\/inscricoes-confirmadas-e-inscricoes-pendentes-no-vii-sef\/","title":{"rendered":"Inscri\u00e7\u00f5es confirmadas e inscri\u00e7\u00f5es pendentes no VII SEF"},"content":{"rendered":"\n<p>Segue a listagem das inscri\u00e7\u00f5es, confirmadas e pendentes, no VII SEF. No caso das inscri\u00e7\u00f5es pendentes, falta efetuar o pagamento e\/ou enviar o comprovante. <\/p>\n\n\n\n<p>A partir de hoje (05\/10\/2019), o pagamento dever\u00e1 ser feito apenas na chegada ao evento. Quem j\u00e1 pagou, ainda pode enviar o comprovante pelo formul\u00e1rio.<\/p>\n\n\n\n<div class=\"wp-block-button aligncenter\"><a class=\"wp-block-button__link has-background has-cyan-bluish-gray-background-color\" href=\"https:\/\/forms.gle\/3C88JcLoQySMhXQR7\">Enviar comprovante<\/a><\/div>\n\n\n\n<p><strong>Inscri\u00e7\u00f5es confirmadas<\/strong><\/p>\n\n\n\n<table class=\"wp-block-table is-style-stripes\"><tbody><tr><td>\n  \u00c1DRIA SAVIANO FABR\u00cdCIO DA SILVA\n  <\/td><\/tr><tr><td>\n  ADRIANA DOS\n  SANTOS CORR\u00caA\n  <\/td><\/tr><tr><td>\n  ALCINDO CARDOSO DO VALLE JUNIOR\n  <\/td><\/tr><tr><td>\n  ALDINEIA\n  NUNES DE ABREU\n  <\/td><\/tr><tr><td>\n  ALENE SILVA DA ROSA\n  <\/td><\/tr><tr><td>\n  ALEX\n  DIAS DE JESUS\n  <\/td><\/tr><tr><td>\n  ALEX MACIEL DE OLIVEIRA\n  <\/td><\/tr><tr><td>\n  ALEX ROBERTO\n  OLIVEIRA DE ANDRADE\n  <\/td><\/tr><tr><td>\n  ALEX VIN\u00cdCIUS MOREIRA DE MORAES\n  <\/td><\/tr><tr><td>\n  ALEXANDRE\n  BASTOS PEIXOTO\n  <\/td><\/tr><tr><td>\n  ALEXANDRE BERGAMIN VIEIRA\n  <\/td><\/tr><tr><td>\n  ALINE ROBLES\n  BRITO\n  <\/td><\/tr><tr><td>\n  ANA MARIA DOS SANTOS SILVA\n  <\/td><\/tr><tr><td>\n  ANDR\u00c9 VIEIRA\n  FREITAS\n  <\/td><\/tr><tr><td>\n  ANDRE ZUMAK\n  <\/td><\/tr><tr><td>\n  ANDREA\n  FERNANDA LYVIO VILARDO\n  <\/td><\/tr><tr><td>\n  ANTONIO JOS\u00c9 DE JESUS JUNIOR\n  <\/td><\/tr><tr><td>\n  ARIVALDO\n  LIMA MOREIRA\n  <\/td><\/tr><tr><td>\n  B\u00c1RBARA ARTUZO SIMABUCO\n  <\/td><\/tr><tr><td>\n  BIBIANA DE\n  SOUSA MORENO\n  <\/td><\/tr><tr><td>\n  BRUNA FERNANDA ANTONIO CL\u00cdMACO\n  <\/td><\/tr><tr><td>\n  BRUNA\n  LET\u00cdCIA MARINHO PEREIRA\n  <\/td><\/tr><tr><td>\n  CARLA CRISTINA SIM\u00d5ES ARRUDA\n  <\/td><\/tr><tr><td>\n  CASSIO DO SUL\n  GON\u00c7ALVES\n  <\/td><\/tr><tr><td>\n  CHRISTIANE MELGAR SALVATIERRA\n  <\/td><\/tr><tr><td>\n  CINTHYA\n  MARIA ESTER DE S\u00c1\n  <\/td><\/tr><tr><td>\n  CLAUDIA MARIA MU\u00d1OZ\n  <\/td><\/tr><tr><td>\n  CLAUDIA VERA\n  DA SILVEIRA\n  <\/td><\/tr><tr><td>\n  CLEITON SOARES JESUS\n  <\/td><\/tr><tr><td>\n  DALILA\n  TAVARES GARCIA\n  <\/td><\/tr><tr><td>\n  DANIELA MARTINES DA SILVA SOUZA\n  <\/td><\/tr><tr><td>\n  DANIELLE URT\n  MANSUR BUMLAI\n  <\/td><\/tr><tr><td>\n  DIEGO APARECIDO CAFOLA\n  <\/td><\/tr><tr><td>\n  DIEGO DA\n  SILVA FERREIRA ROSA\n  <\/td><\/tr><tr><td>\n  DILCINA LOUREIRO DE OLIVEIRA\n  <\/td><\/tr><tr><td>\n  DIVINO\n  MARCOS DE SENA\n  <\/td><\/tr><tr><td>\n  EDGAR GARCIA VELOZO\n  <\/td><\/tr><tr><td>\n  EDISON DI\n  FABIO\n  <\/td><\/tr><tr><td>\n  EDSON RODRIGO DOS SANTOS DA SILVA\n  <\/td><\/tr><tr><td>\n  EDUARDO\n  FREITAS GORGA\n  <\/td><\/tr><tr><td>\n  ELCIMAR BARROS\n  <\/td><\/tr><tr><td>\n  ELIZANGELA\n  GOMES DA SILVA\n  <\/td><\/tr><tr><td>\n  ELIZETE SANTOS TIRINA\n  <\/td><\/tr><tr><td>\n  \u00c9RICA DOS\n  SANTOS OLIVEIRA\n  <\/td><\/tr><tr><td>\n  ESTER CHAO OJOPI SIMO \n  <\/td><\/tr><tr><td>\n  EVANDRO NABI\n  BEZERRA DE ALC\u00c2NTARA\n  <\/td><\/tr><tr><td>\n  EWERTON GREG\u00d3RIO FERRAZ RODRIGUES\n  <\/td><\/tr><tr><td>\n  FABIANA DE\n  SOUZA VILHENA\n  <\/td><\/tr><tr><td>\n  FERNANDA CANO DE ANDRADE MARQUES\n  <\/td><\/tr><tr><td>\n  FERNANDA\n  PARAGUASSU\n  <\/td><\/tr><tr><td>\n  FERNANDO THIAGO\n  <\/td><\/tr><tr><td>\n  FRANCIELLE\n  VASCOTTO FOLLE \n  <\/td><\/tr><tr><td>\n  GABRIEL PAREDES\n  <\/td><\/tr><tr><td>\n  GABRIELA DA\n  SILVA CAVALCANTE\n  <\/td><\/tr><tr><td>\n  GABRIELA OSHIRO REYNALDO\n  <\/td><\/tr><tr><td>\n  GESIEL ROCHA\n  DE ARA\u00daJO\n  <\/td><\/tr><tr><td>\n  GILSON PACOLA\n  <\/td><\/tr><tr><td>\n  GUERBY\n  SAINT\u00c9\n  <\/td><\/tr><tr><td>\n  GYLIZE DE CARVALHO OJEDA\n  <\/td><\/tr><tr><td>\n  GYSLAINE\n  CARVALHO\n  <\/td><\/tr><tr><td>\n  ISABELA FARIA BERNO\n  <\/td><\/tr><tr><td>\n  ISABELLA\n  PEREIRA DE AQUINO\n  <\/td><\/tr><tr><td>\n  JAKLINE FRANCO RODRIGUES\n  <\/td><\/tr><tr><td>\n  JANAINA\n  COSTA TEIXEIRA\n  <\/td><\/tr><tr><td>\n  JEAN MAICON ALLE PEREIRA\n  <\/td><\/tr><tr><td>\n  J\u00c9SSICA\n  MAYARA LIMA RAMIRES\n  <\/td><\/tr><tr><td>\n  JOANA DO NASCIMENTO DA SILVA MELO\n  <\/td><\/tr><tr><td>\n  JO\u00c3O VICTOR\n  MACIEL DE ALMEIDA AQUINO\n  <\/td><\/tr><tr><td>\n  JO\u00c3O VITOR FLORES GONZALEZ\n  <\/td><\/tr><tr><td>\n  JOSELAINE\n  DIAS DE LIMA\n  <\/td><\/tr><tr><td>\n  JUCILENE GON\u00c7ALVES DE OLIVEIRA\n  <\/td><\/tr><tr><td>\n  KAMILA\n  MADUREIRA DA SILVA\n  <\/td><\/tr><tr><td>   KATICILAYNE ROBERTA   ALC\u00c2NTARA<\/td><\/tr><tr><td>\n  KELMA REGINA\n  ARANDA DE CAMPOS\n  <\/td><\/tr><tr><td>\n  LARISSA BACELAR MARQUES\n  <\/td><\/tr><tr><td>\n  LEONARDO\n  BARBOSA ARA\u00daJO\n  <\/td><\/tr><tr><td>\n  LIDIANE DE BRITO CURTO\n  <\/td><\/tr><tr><td>\n  LINEISE\n  AUXILIADORA AMAR\u00cdLIO DOS SANTOS\n  <\/td><\/tr><tr><td>\n  LIVIA CRISTINA DOS ANJOS BARROS\n  <\/td><\/tr><tr><td>\n  LUANA\n  SALDIVAR BARBOSA ALMEIDA\n  <\/td><\/tr><tr><td>\n  LUCIANA ROJAS LEAL PAPA DOS SANTOS\n  <\/td><\/tr><tr><td>\n  LUCIANO RODRIGUES\n  DA SILVA\n  <\/td><\/tr><tr><td>\n  LUCIELE SOCORRO SIMOA\n  <\/td><\/tr><tr><td>\n  LUIS MANOEL\n  BEZERRA\n  <\/td><\/tr><tr><td>\n  LUIZ FELIPE RODRIGUES\n  <\/td><\/tr><tr><td>\n  LUZIA\n  BERNARDES DA SILVA \n  <\/td><\/tr><tr><td>\n  MABEL MARINHO SAHIB AGUILAR\n  <\/td><\/tr><tr><td>\n  MANIX\n  GON\u00c7ALVES DOS SANTOS\n  <\/td><\/tr><tr><td>\n  MARA ALINE RIBEIRO\n  <\/td><\/tr><tr><td>\n  MARCIA DA\n  SILVA DE LIMA\n  <\/td><\/tr><tr><td>\n  MARCIENE RITA DA SILVA DE AMORIM\n  <\/td><\/tr><tr><td>\n  MARCILENE\n  RAMOS DA SILVA\n  <\/td><\/tr><tr><td>\n  MARCO ANTONIO ALVES RIBEIRO\n  <\/td><\/tr><tr><td>\n  MARIA\n  CRISTINA LANZA DE BARROS\n  <\/td><\/tr><tr><td>\n  MARIANA VACA CONDE \n  <\/td><\/tr><tr><td>\n  MARIANE\n  LETICIA LEITE DA CRUZ COSTA\n  <\/td><\/tr><tr><td>\n  MARICARLA BRITO MORENO\n  <\/td><\/tr><tr><td>\n  MARILENE\n  APARECIDA LEMOS\n  <\/td><\/tr><tr><td>\n  M\u00c1RIO RUILOVA G\u00d3NGORA\n  <\/td><\/tr><tr><td>\n  MATHEUS\n  FRAN\u00c7A RAGIEVICZ\n  <\/td><\/tr><tr><td>\n  MATHEUS GUIMAR\u00c3ES LIMA\n  <\/td><\/tr><tr><td>\n  MEIRY DOS\n  SANTOS SOARES DE ALMEIDA \n  <\/td><\/tr><tr><td>\n  MIGUEL DHENIM\n  <\/td><\/tr><tr><td>\n  MIRELLA\n  LACERDA TEIXEIRA DE SOUZA\n  <\/td><\/tr><tr><td>\n  N\u00c1DYLLA FERREIRA DE SOUZA\n  <\/td><\/tr><tr><td>\n  NAT\u00c1LIA\n  BUGINGA RAMOS DA COSTA SACHINI\n  <\/td><\/tr><tr><td>\n  NATH\u00c1LIA ALVES DE OLIVEIRA\n  <\/td><\/tr><tr><td>\n  NATHALIA\n  MENEZES DE OLIVEIRA COBELLAS \n  <\/td><\/tr><tr><td>\n  NELSON URT\n  <\/td><\/tr><tr><td>\n  PAULO CESAR\n  DOS SANTOS MARTINS \n  <\/td><\/tr><tr><td>\n  PAULO MARCOS ESSELIN\n  <\/td><\/tr><tr><td>\n  PEDRO\n  HENRIQUE ALVES DE MEDEIROS\n  <\/td><\/tr><tr><td>\n  RAPHAEL VILALVA DE QUEIROZ\n  <\/td><\/tr><tr><td>\n  RAPHAELLA\n  ELIAS PEREIRA\n  <\/td><\/tr><tr><td>\n  REGERSON FRANKLIN DOS SANTOS\n  <\/td><\/tr><tr><td>\n  REGINA\n  MARCIA DA SILVA CAMPOS GON\u00c7ALVES\n  <\/td><\/tr><tr><td>\n  RENAN IGOR DE SOUZA PORTUGAL\n  <\/td><\/tr><tr><td>\n  RENATA\n  CALIXTO DE MOURA PINHO\n  <\/td><\/tr><tr><td>\n  RENATA CARDOS DOYLE MAIA\n  <\/td><\/tr><tr><td>\n  RENATA\n  MICENO PAPA DE ALMEIDA\n  <\/td><\/tr><tr><td>\n  RHUAN SARTORE\n  <\/td><\/tr><tr><td>\n  RIAN DE\n  QUEIROZ CUNHA\n  <\/td><\/tr><tr><td>\n  RILTON JOS\u00c9 VIEIRA PEREIRA\n  <\/td><\/tr><tr><td>\n  ROBSON DE\n  ARA\u00daJO FILHO\n  <\/td><\/tr><tr><td>\n  RODRIGO ADORNO\n  <\/td><\/tr><tr><td>\n  SAMUEL\n  RIBEIRO DE SOUSA\n  <\/td><\/tr><tr><td>\n  SANDRO ROBERTO GALV\u00c3O DA COSTA\n  <\/td><\/tr><tr><td>\n  SILVANA\n  LEONE\n  <\/td><\/tr><tr><td>\n  TALINI RODRIGUES\n  <\/td><\/tr><tr><td>\n  TARISSA\n  MARQUES RODRIGUES DOS SANTOS\n  <\/td><\/tr><tr><td>\n  THA\u00cdS DA SILVA ALPIRES\n  <\/td><\/tr><tr><td>\n  THA\u00cdS\n  LEOBETH DOS SANTOS\n  <\/td><\/tr><tr><td>\n  VILMARA GOMES\n  <\/td><\/tr><tr><td>\n  VITHOR\n  AMARAL PRESTES\n  <\/td><\/tr><tr><td>\n  WALDSON LUCIANO CORR\u00caA DINIZ\n  <\/td><\/tr><tr><td>\n  WANDERSON DA\n  SILVA BATISTA\n  <\/td><\/tr><tr><td>\n  WANDIR DE MELLO J\u00daNIOR\n  <\/td><\/tr><tr><td>\n  WELLINGTON\n  BARROS\n  <\/td><\/tr><tr><td>\n  WENDELL RODRIGUES MARTEL\n  <\/td><\/tr><tr><td>\n  WILSON DOS\n  SANTOS FERRI\n  <\/td><\/tr><\/tbody><\/table>\n\n\n\n<p><strong>Inscri\u00e7\u00f5es pendentes<\/strong><\/p>\n\n\n\n<table class=\"wp-block-table is-style-stripes\"><tbody><tr><td>\n  ADRIANA CALLEJAS DE ASSIS\n  <\/td><\/tr><tr><td>\n  ADRIELLE\n  SALDANHA CLIVE\n  <\/td><\/tr><tr><td>\n  AGUINALDO R. GOMES\n  <\/td><\/tr><tr><td>\n  AIDA\n  MOHAMED GHADIE\n  <\/td><\/tr><tr><td>\n  ALAN DIOGO SCHONS\n  <\/td><\/tr><tr><td>\n  ALEX\n  SANDER BARCELOS RETAMOSO\n  <\/td><\/tr><tr><td>\n  ALEXANDRE OHARA\n  <\/td><\/tr><tr><td>\n  ALINE\n  BARBOSA MOREIRA\n  <\/td><\/tr><tr><td>\n  ALINE DO CARMO SOUZA PORTUGAL\n  <\/td><\/tr><tr><td>\n  ALINE\n  KAMMER\n  <\/td><\/tr><tr><td>\n  ALINE PAIVA MOREIRA\n  <\/td><\/tr><tr><td>\n  AN\u00cdBAL\n  ORU\u00c9 POZZO\n  <\/td><\/tr><tr><td>\n  ANNE RADICHE\n  <\/td><\/tr><tr><td>\n  ANNY\n  CARLA FRANCO DE MOURA\n  <\/td><\/tr><tr><td>\n  BEATRIZ KRUSCAYA LOPEZ FLORES\n  <\/td><\/tr><tr><td>\n  CARLOS\n  ALBERTO BOSQU\u00ca JUNIOR\n  <\/td><\/tr><tr><td>\n  CINTIA SILV\u00c9RIO ARRUDA\n  <\/td><\/tr><tr><td>\n  CRISTIANE\n  DAMIANA DOS SANTOS DE ANDRADE\n  <\/td><\/tr><tr><td>\n  DAIANE ARA\u00daJO LEMOS DE ALMEIDA\n  <\/td><\/tr><tr><td>\n  DANILO\n  GOMES DE CAMPOS\n  <\/td><\/tr><tr><td>\n  D\u00c9CIO KEHER MARQUES\n  <\/td><\/tr><tr><td>\n  EDILMA\n  DE JESUS DESID\u00c9RIO\n  <\/td><\/tr><tr><td>\n  EDVANIA RODRIGUES QUINT\u00c3O\n  <\/td><\/tr><tr><td>\n  ELIANE\n  ANDRADE\n  <\/td><\/tr><tr><td>\n  ELIZANDRA BUENO\n  <\/td><\/tr><tr><td>\n  ELIZANIA\n  BRUNO PRADO DA SILVA\n  <\/td><\/tr><tr><td>\n  EVA RODRIGUEZ SALVATIERRA\n  <\/td><\/tr><tr><td>\n  F\u00c1BIO\n  BRITO DOS SANTOS\n  <\/td><\/tr><tr><td>\n  FEDERICO FORNAZIERI\n  <\/td><\/tr><tr><td>\n  FERNANDO\n  HENRIQUE MELGAR\n  <\/td><\/tr><tr><td>\n  FERNANDO LARA ROCHA DE ALMEIDA\n  <\/td><\/tr><tr><td>\n  FRANCIELI\n  DE OLIVEIRA MEIRA\n  <\/td><\/tr><tr><td>\n  FRANCISCO MONTEIRO ROSA MARCOS\n  <\/td><\/tr><tr><td>\n  GESLIANE\n  SARA VIEIRA CHAVES\n  <\/td><\/tr><tr><td>\n  GILSON DA SILVA TRAJANO\n  <\/td><\/tr><tr><td>\n  GLADSTONE\n  BIZO DRUMOND JUNIOR\n  <\/td><\/tr><tr><td>\n  GRAZIELLE RODRIGUES PEREIRA\n  <\/td><\/tr><tr><td>\n  HELEN\n  CRISTINA DORADO\n  <\/td><\/tr><tr><td>\n  HENRIQUE C\u00c1SSIO MACEDO CARVALHO\n  <\/td><\/tr><tr><td>\n  ISADORA\n  GOLIM CAMPOS\n  <\/td><\/tr><tr><td>\n  JEFERSON BOLDRINI DA SILVA\n  <\/td><\/tr><tr><td>\n  J\u00c9SSICA\n  CRISTINA DO NASCIMENTO ALDANA\n  <\/td><\/tr><tr><td>\n  J\u00c9SSICA MARIA DE MORAES SCHOPF\n  <\/td><\/tr><tr><td>\n  JOAO\n  EVALDO GHIZONI DIETERICH\n  <\/td><\/tr><tr><td>\n  JO\u00c3O NILSON DA ROSA\n  <\/td><\/tr><tr><td>\n  JOCYLAINE\n  TAYSA LEMOS LEITE\n  <\/td><\/tr><tr><td>\n  JONAS ARIEL CANTALUPPI DE SOUZA\n  <\/td><\/tr><tr><td>\n  JOS\u00c9\n  EDUARDO MELO DE SOUZA\n  <\/td><\/tr><tr><td>\n  JOS\u00c9 VICTOR ALVES DA SILVA\n  <\/td><\/tr><tr><td>\n  JOSIANE\n  APARECIDA DA SILVA XAVIER DE MOURA\n  <\/td><\/tr><tr><td>\n  JULIA EVELYN MUNIZ BARRETO GUZMAN\n  <\/td><\/tr><tr><td>   JULIA PAULINO   <\/td><\/tr><tr><td>\n  JULIANA CRISTINA RIBEIRO DA SILVA\n  <\/td><\/tr><tr><td>   JULIANA NAZAR\u00c9 LUQUEZ VIANA   <\/td><\/tr><tr><td>\n  KAREN REBECCA CAMUR\u00c7A DO NASCIMENTO \n  <\/td><\/tr><tr><td>\n  KETYLEN KARYNE SANTOS DA SILVA\n  <\/td><\/tr><tr><td>\n  LAURA\n  HELENA CAVALHEIRO QUINTANILHA\n  <\/td><\/tr><tr><td>\n  LAV\u00cdNIA RAQUEL MARTINS DE MARTINS\n  <\/td><\/tr><tr><td>\n  LENIVALDO\n  CARVALHO MARQUES\n  <\/td><\/tr><tr><td>\n  LETICIA TAVARES PIERRI \n  <\/td><\/tr><tr><td>\n  LISA\n  BELMIRO CAMARA\n  <\/td><\/tr><tr><td>\n  LUANA NEIVA MENDES\n  <\/td><\/tr><tr><td>\n  LUCILENE\n  DA SILVA ARRUDA DE SOUZA\n  <\/td><\/tr><tr><td>\n  LUCIO FLAVIO JOICHI SUNAKOZAWA\n  <\/td><\/tr><tr><td>\n  LU\u00cdSA\n  AMATO CAYE\n  <\/td><\/tr><tr><td>\n  LUIZ FREDERICO PINTO\n  <\/td><\/tr><tr><td>\n  LUIZ\n  GONZAGA DA SILVA JUNIOR\n  <\/td><\/tr><tr><td>\n  LUIZ ROSADO COSTA\n  <\/td><\/tr><tr><td>\n  MARCELINO\n  DE SOUZA FREITAS FILHO\n  <\/td><\/tr><tr><td>\n  MARCIO ROMULO DOS SANTOS SALDANHA\n  <\/td><\/tr><tr><td>\n  MARCO\n  ANTONIO ALVES RIBEIRO\n  <\/td><\/tr><tr><td>\n  MARCOS S\u00c9RGIO TIAEN\n  <\/td><\/tr><tr><td>\n  MARIA\n  ANG\u00c9LICA BIROLI FERREIRA DA SILVA \n  <\/td><\/tr><tr><td>\n  MARIANA GOMES DE OLIVEIRA\n  <\/td><\/tr><tr><td>\n  MARINA\n  BUERGER DOS SANTOS\n  <\/td><\/tr><tr><td>\n  MARINA MAURA DE OLIVEIRA NORONHA\n  <\/td><\/tr><tr><td>\n  MARKLEY\n  FLORENTINO DE CARVALHO\n  <\/td><\/tr><tr><td>\n  MATEUS MOREIRA DE OLIVEIRA\n  <\/td><\/tr><tr><td>\n  MATIAS\n  PEREIRA RODRIGUES\n  <\/td><\/tr><tr><td>\n  MIDIANE SCARABELI\n  <\/td><\/tr><tr><td>\n  MIRON\n  DANIEL L\u00c1ZARO KUBITSCHEK DE OLIVEIRA\n  <\/td><\/tr><tr><td>\n  MONIQUE DOS SANTOS JACQUES\n  <\/td><\/tr><tr><td>\n  NATHALIA\n  FLORES SOARES\n  <\/td><\/tr><tr><td>\n  NORAH NAGAYAMA GONZALES\n  <\/td><\/tr><tr><td>\n  OT\u00c1VIO\n  AUGUSTO MATOS MACHADO\n  <\/td><\/tr><tr><td>\n  RAFAEL BRUGNOLLI MEDEIROS\n  <\/td><\/tr><tr><td>\n  RAFAEL\n  DE OLIVEIRA BARROS\n  <\/td><\/tr><tr><td>\n  RAFAEL FRANCISCO FRAN\u00c7A\n  <\/td><\/tr><tr><td>\n  RAFAEL\n  ROCHA S\u00c1\n  <\/td><\/tr><tr><td>\n  RAYSSA APARECIDA PINHEIRO NOVELI\n  <\/td><\/tr><tr><td>\n  RENATA\n  CARDOSO DOYLE MAIA\n  <\/td><\/tr><tr><td>\n  RODRIGO MELO\n  <\/td><\/tr><tr><td>   ROSALY BEZERRA DOS SANTOS GON\u00c7ALVES   <\/td><\/tr><tr><td>\n  ROSANE COSTA ROSA\n  <\/td><\/tr><tr><td>   RUTH AJALA GUERRA   <\/td><\/tr><tr><td>\n  SANDRA PROC\u00d3PIO DA SILVA\n  <\/td><\/tr><tr><td>\n  S\u00c9RGIO\n  OLIVEIRA GON\u00c7ALVES\n  <\/td><\/tr><tr><td>\n  SILVIA DE FATIMA PIRES\n  <\/td><\/tr><tr><td>\n  SOL\u00c8NE\n  MARI\u00c9\n  <\/td><\/tr><tr><td>\n  SONIA Y\u00c9PEZ CASTRO\n  <\/td><\/tr><tr><td>\n  STAEL\n  MOURA DA PAIX\u00c3O FERREIRA\n  <\/td><\/tr><tr><td>\n  ST\u00c9FANNY FERREIRA DIAS\n  <\/td><\/tr><tr><td>   SUZANA VINICIA MANCILLA BARREDA   <\/td><\/tr><tr><td>\n  TAMYRIS CRISTINY SOUZA ROCHA\n  <\/td><\/tr><tr><td>   TAUANY FELIX S. GUERRERO   <\/td><\/tr><tr><td>\n  TCHOYA GARDENAL FINA DO NASCIMENTO\n  <\/td><\/tr><tr><td>\n  THAIS\n  DA SILVA ALPIRES\n  <\/td><\/tr><tr><td>\n  TIAGO MARTINS DE MELO\n  <\/td><\/tr><tr><td>   TOMAZ ESP\u00d3SITO NETO   <\/td><\/tr><tr><td>\n  VALESKA BALEJO DE ARRUDA \n  <\/td><\/tr><tr><td>\n  VIVIANE\n  AMETLLA DE FIGUEIREDO\n  <\/td><\/tr><tr><td>\n  VIVIANE CAMPOS AMETLLA DE FIGUEIREDO\n  <\/td><\/tr><tr><td>   WALENTIM ANGEL DO NASCIMENTO CRISTALDO   <\/td><\/tr><tr><td>\n  WANESSA RODRIGUES\n  <\/td><\/tr><tr><td>   WESLEY MACIEL DA SILVA   <\/td><\/tr><tr><td>\n  YLVIA AYAVIRI MAMANI\n  <\/td><\/tr><\/tbody><\/table>\n","protected":false},"excerpt":{"rendered":"<p>Segue a listagem das inscri\u00e7\u00f5es, confirmadas e pendentes, no VII SEF. No caso das inscri\u00e7\u00f5es pendentes, falta efetuar o pagamento e\/ou enviar o comprovante. A partir de hoje (05\/10\/2019), o pagamento dever\u00e1 ser feito apenas na<a class=\"moretag\" href=\"https:\/\/sef-cpan.ufms.br\/vii\/inscricoes-confirmadas-e-inscricoes-pendentes-no-vii-sef\/\">Read More&#8230;<\/a><\/p>\n","protected":false},"author":2,"featured_media":0,"comment_status":"closed","ping_status":"closed","sticky":false,"template":"","format":"standard","meta":{"footnotes":""},"categories":[3],"tags":[],"yoast_head":"<!-- This site is optimized with the Yoast SEO plugin v23.1 - https:\/\/yoast.com\/wordpress\/plugins\/seo\/ -->\n<title>Inscri\u00e7\u00f5es confirmadas e inscri\u00e7\u00f5es pendentes no VII SEF - VII Semin\u00e1rio Internacional de Estudos Fronteiri\u00e7os<\/title>\n<meta name=\"robots\" content=\"index, follow, max-snippet:-1, max-image-preview:large, max-video-preview:-1\" \/>\n<link rel=\"canonical\" href=\"https:\/\/sef-cpan.ufms.br\/vii\/inscricoes-confirmadas-e-inscricoes-pendentes-no-vii-sef\/\" \/>\n<meta property=\"og:locale\" content=\"pt_BR\" \/>\n<meta property=\"og:type\" content=\"article\" \/>\n<meta property=\"og:title\" content=\"Inscri\u00e7\u00f5es confirmadas e inscri\u00e7\u00f5es pendentes no VII SEF - VII Semin\u00e1rio Internacional de Estudos Fronteiri\u00e7os\" \/>\n<meta property=\"og:description\" content=\"Segue a listagem das inscri\u00e7\u00f5es, confirmadas e pendentes, no VII SEF. No caso das inscri\u00e7\u00f5es pendentes, falta efetuar o pagamento e\/ou enviar o comprovante. A partir de hoje (05\/10\/2019), o pagamento dever\u00e1 ser feito apenas naRead More...\" \/>\n<meta property=\"og:url\" content=\"https:\/\/sef-cpan.ufms.br\/vii\/inscricoes-confirmadas-e-inscricoes-pendentes-no-vii-sef\/\" \/>\n<meta property=\"og:site_name\" content=\"VII Semin\u00e1rio Internacional de Estudos Fronteiri\u00e7os\" \/>\n<meta property=\"article:published_time\" content=\"2019-10-04T21:58:55+00:00\" \/>\n<meta property=\"article:modified_time\" content=\"2019-10-05T16:21:50+00:00\" \/>\n<meta name=\"author\" content=\"edgar\" \/>\n<meta name=\"twitter:card\" content=\"summary_large_image\" \/>\n<meta name=\"twitter:label1\" content=\"Escrito por\" \/>\n\t<meta name=\"twitter:data1\" content=\"edgar\" \/>\n\t<meta name=\"twitter:label2\" content=\"Est. tempo de leitura\" \/>\n\t<meta name=\"twitter:data2\" content=\"5 minutos\" \/>\n<script type=\"application\/ld+json\" class=\"yoast-schema-graph\">{\"@context\":\"https:\/\/schema.org\",\"@graph\":[{\"@type\":\"WebPage\",\"@id\":\"https:\/\/sef-cpan.ufms.br\/vii\/inscricoes-confirmadas-e-inscricoes-pendentes-no-vii-sef\/\",\"url\":\"https:\/\/sef-cpan.ufms.br\/vii\/inscricoes-confirmadas-e-inscricoes-pendentes-no-vii-sef\/\",\"name\":\"Inscri\u00e7\u00f5es confirmadas e inscri\u00e7\u00f5es pendentes no VII SEF - VII Semin\u00e1rio Internacional de Estudos Fronteiri\u00e7os\",\"isPartOf\":{\"@id\":\"https:\/\/sef-cpan.ufms.br\/vii\/#website\"},\"datePublished\":\"2019-10-04T21:58:55+00:00\",\"dateModified\":\"2019-10-05T16:21:50+00:00\",\"author\":{\"@id\":\"https:\/\/sef-cpan.ufms.br\/vii\/#\/schema\/person\/7db94e0ce7a5573e04d47c6e5dad2ce0\"},\"breadcrumb\":{\"@id\":\"https:\/\/sef-cpan.ufms.br\/vii\/inscricoes-confirmadas-e-inscricoes-pendentes-no-vii-sef\/#breadcrumb\"},\"inLanguage\":\"pt-BR\",\"potentialAction\":[{\"@type\":\"ReadAction\",\"target\":[\"https:\/\/sef-cpan.ufms.br\/vii\/inscricoes-confirmadas-e-inscricoes-pendentes-no-vii-sef\/\"]}]},{\"@type\":\"BreadcrumbList\",\"@id\":\"https:\/\/sef-cpan.ufms.br\/vii\/inscricoes-confirmadas-e-inscricoes-pendentes-no-vii-sef\/#breadcrumb\",\"itemListElement\":[{\"@type\":\"ListItem\",\"position\":1,\"name\":\"In\u00edcio\",\"item\":\"https:\/\/sef-cpan.ufms.br\/vii\/\"},{\"@type\":\"ListItem\",\"position\":2,\"name\":\"Inscri\u00e7\u00f5es confirmadas e inscri\u00e7\u00f5es pendentes no VII SEF\"}]},{\"@type\":\"WebSite\",\"@id\":\"https:\/\/sef-cpan.ufms.br\/vii\/#website\",\"url\":\"https:\/\/sef-cpan.ufms.br\/vii\/\",\"name\":\"VII Semin\u00e1rio Internacional de Estudos Fronteiri\u00e7os\",\"description\":\"Funda\u00e7\u00e3o Universidade Federal de Mato Grosso do Sul - C\u00e2mpus do Pantanal\",\"potentialAction\":[{\"@type\":\"SearchAction\",\"target\":{\"@type\":\"EntryPoint\",\"urlTemplate\":\"https:\/\/sef-cpan.ufms.br\/vii\/?s={search_term_string}\"},\"query-input\":\"required name=search_term_string\"}],\"inLanguage\":\"pt-BR\"},{\"@type\":\"Person\",\"@id\":\"https:\/\/sef-cpan.ufms.br\/vii\/#\/schema\/person\/7db94e0ce7a5573e04d47c6e5dad2ce0\",\"name\":\"edgar\",\"image\":{\"@type\":\"ImageObject\",\"inLanguage\":\"pt-BR\",\"@id\":\"https:\/\/sef-cpan.ufms.br\/vii\/#\/schema\/person\/image\/\",\"url\":\"https:\/\/secure.gravatar.com\/avatar\/a80fa43b2cc43d0b3e64153798c20848?s=96&d=mm&r=g\",\"contentUrl\":\"https:\/\/secure.gravatar.com\/avatar\/a80fa43b2cc43d0b3e64153798c20848?s=96&d=mm&r=g\",\"caption\":\"edgar\"},\"url\":\"https:\/\/sef-cpan.ufms.br\/vii\/author\/edgar\/\"}]}<\/script>\n<!-- \/ Yoast SEO plugin. -->","yoast_head_json":{"title":"Inscri\u00e7\u00f5es confirmadas e inscri\u00e7\u00f5es pendentes no VII SEF - VII Semin\u00e1rio Internacional de Estudos Fronteiri\u00e7os","robots":{"index":"index","follow":"follow","max-snippet":"max-snippet:-1","max-image-preview":"max-image-preview:large","max-video-preview":"max-video-preview:-1"},"canonical":"https:\/\/sef-cpan.ufms.br\/vii\/inscricoes-confirmadas-e-inscricoes-pendentes-no-vii-sef\/","og_locale":"pt_BR","og_type":"article","og_title":"Inscri\u00e7\u00f5es confirmadas e inscri\u00e7\u00f5es pendentes no VII SEF - VII Semin\u00e1rio Internacional de Estudos Fronteiri\u00e7os","og_description":"Segue a listagem das inscri\u00e7\u00f5es, confirmadas e pendentes, no VII SEF. No caso das inscri\u00e7\u00f5es pendentes, falta efetuar o pagamento e\/ou enviar o comprovante. A partir de hoje (05\/10\/2019), o pagamento dever\u00e1 ser feito apenas naRead More...","og_url":"https:\/\/sef-cpan.ufms.br\/vii\/inscricoes-confirmadas-e-inscricoes-pendentes-no-vii-sef\/","og_site_name":"VII Semin\u00e1rio Internacional de Estudos Fronteiri\u00e7os","article_published_time":"2019-10-04T21:58:55+00:00","article_modified_time":"2019-10-05T16:21:50+00:00","author":"edgar","twitter_card":"summary_large_image","twitter_misc":{"Escrito por":"edgar","Est. tempo de leitura":"5 minutos"},"schema":{"@context":"https:\/\/schema.org","@graph":[{"@type":"WebPage","@id":"https:\/\/sef-cpan.ufms.br\/vii\/inscricoes-confirmadas-e-inscricoes-pendentes-no-vii-sef\/","url":"https:\/\/sef-cpan.ufms.br\/vii\/inscricoes-confirmadas-e-inscricoes-pendentes-no-vii-sef\/","name":"Inscri\u00e7\u00f5es confirmadas e inscri\u00e7\u00f5es pendentes no VII SEF - VII Semin\u00e1rio Internacional de Estudos Fronteiri\u00e7os","isPartOf":{"@id":"https:\/\/sef-cpan.ufms.br\/vii\/#website"},"datePublished":"2019-10-04T21:58:55+00:00","dateModified":"2019-10-05T16:21:50+00:00","author":{"@id":"https:\/\/sef-cpan.ufms.br\/vii\/#\/schema\/person\/7db94e0ce7a5573e04d47c6e5dad2ce0"},"breadcrumb":{"@id":"https:\/\/sef-cpan.ufms.br\/vii\/inscricoes-confirmadas-e-inscricoes-pendentes-no-vii-sef\/#breadcrumb"},"inLanguage":"pt-BR","potentialAction":[{"@type":"ReadAction","target":["https:\/\/sef-cpan.ufms.br\/vii\/inscricoes-confirmadas-e-inscricoes-pendentes-no-vii-sef\/"]}]},{"@type":"BreadcrumbList","@id":"https:\/\/sef-cpan.ufms.br\/vii\/inscricoes-confirmadas-e-inscricoes-pendentes-no-vii-sef\/#breadcrumb","itemListElement":[{"@type":"ListItem","position":1,"name":"In\u00edcio","item":"https:\/\/sef-cpan.ufms.br\/vii\/"},{"@type":"ListItem","position":2,"name":"Inscri\u00e7\u00f5es confirmadas e inscri\u00e7\u00f5es pendentes no VII SEF"}]},{"@type":"WebSite","@id":"https:\/\/sef-cpan.ufms.br\/vii\/#website","url":"https:\/\/sef-cpan.ufms.br\/vii\/","name":"VII Semin\u00e1rio Internacional de Estudos Fronteiri\u00e7os","description":"Funda\u00e7\u00e3o Universidade Federal de Mato Grosso do Sul - C\u00e2mpus do Pantanal","potentialAction":[{"@type":"SearchAction","target":{"@type":"EntryPoint","urlTemplate":"https:\/\/sef-cpan.ufms.br\/vii\/?s={search_term_string}"},"query-input":"required name=search_term_string"}],"inLanguage":"pt-BR"},{"@type":"Person","@id":"https:\/\/sef-cpan.ufms.br\/vii\/#\/schema\/person\/7db94e0ce7a5573e04d47c6e5dad2ce0","name":"edgar","image":{"@type":"ImageObject","inLanguage":"pt-BR","@id":"https:\/\/sef-cpan.ufms.br\/vii\/#\/schema\/person\/image\/","url":"https:\/\/secure.gravatar.com\/avatar\/a80fa43b2cc43d0b3e64153798c20848?s=96&d=mm&r=g","contentUrl":"https:\/\/secure.gravatar.com\/avatar\/a80fa43b2cc43d0b3e64153798c20848?s=96&d=mm&r=g","caption":"edgar"},"url":"https:\/\/sef-cpan.ufms.br\/vii\/author\/edgar\/"}]}},"_links":{"self":[{"href":"https:\/\/sef-cpan.ufms.br\/vii\/wp-json\/wp\/v2\/posts\/429"}],"collection":[{"href":"https:\/\/sef-cpan.ufms.br\/vii\/wp-json\/wp\/v2\/posts"}],"about":[{"href":"https:\/\/sef-cpan.ufms.br\/vii\/wp-json\/wp\/v2\/types\/post"}],"author":[{"embeddable":true,"href":"https:\/\/sef-cpan.ufms.br\/vii\/wp-json\/wp\/v2\/users\/2"}],"replies":[{"embeddable":true,"href":"https:\/\/sef-cpan.ufms.br\/vii\/wp-json\/wp\/v2\/comments?post=429"}],"version-history":[{"count":6,"href":"https:\/\/sef-cpan.ufms.br\/vii\/wp-json\/wp\/v2\/posts\/429\/revisions"}],"predecessor-version":[{"id":436,"href":"https:\/\/sef-cpan.ufms.br\/vii\/wp-json\/wp\/v2\/posts\/429\/revisions\/436"}],"wp:attachment":[{"href":"https:\/\/sef-cpan.ufms.br\/vii\/wp-json\/wp\/v2\/media?parent=429"}],"wp:term":[{"taxonomy":"category","embeddable":true,"href":"https:\/\/sef-cpan.ufms.br\/vii\/wp-json\/wp\/v2\/categories?post=429"},{"taxonomy":"post_tag","embeddable":true,"href":"https:\/\/sef-cpan.ufms.br\/vii\/wp-json\/wp\/v2\/tags?post=429"}],"curies":[{"name":"wp","href":"https:\/\/api.w.org\/{rel}","templated":true}]}}