{"id":419,"date":"2019-10-02T20:06:33","date_gmt":"2019-10-02T23:06:33","guid":{"rendered":"http:\/\/sef.ufms.br\/vii\/?p=419"},"modified":"2019-10-06T10:05:52","modified_gmt":"2019-10-06T13:05:52","slug":"grupos-de-trabalho-do-vii-sef","status":"publish","type":"post","link":"https:\/\/sef-cpan.ufms.br\/vii\/grupos-de-trabalho-do-vii-sef\/","title":{"rendered":"Grupos de Trabalho do VII SEF"},"content":{"rendered":"\n<p>AVISO: Tivemos que alterar os dias de realiza\u00e7\u00e3o do GT3 para 8 e 9\/10 em fun\u00e7\u00e3o da disponibilidade dos coordenadores. <\/p>\n\n\n\n<p>Os trabalhos completos foram agrupados em grupos de trabalhos de acordo com os eixos tem\u00e1ticos propostos pela comiss\u00e3o organizadora. Os eixos tem\u00e1ticos 1 e 2 tiveram que ser divididos em dois grupos de trabalho cada em fun\u00e7\u00e3o da quantidade de trabalhos submetidos. Pela mesma raz\u00e3o, alguns grupos de trabalho ser\u00e3o realizados ao longo dos tr\u00eas dias de evento (GT1, GT2 e GT6), enquanto os demais ocupar\u00e3o apenas os dois primeiros dias (GT3, GT4, GT5 e GT7). <strong>Prop\u00f5e-se que os autores estejam presentes, \u00e0 medida do poss\u00edvel,  em todas as sess\u00f5es de seu grupo de trabalho para que possam contribuir com o debate.<\/strong> Casos especiais de participantes que s\u00f3 podem comparecer em um dos dias ser\u00e3o atendidos.<\/p>\n\n\n\n<table class=\"wp-block-table aligncenter\"><tbody><tr><td>Grupos de Trabalho<\/td><td>Total de <br>trabalhos<\/td><td>Sala<\/td><td>7\/10<\/td><td>8\/10<\/td><td>9\/10<\/td><\/tr><tr><td>GT1: Eixo tem\u00e1tico 1 &#8211; Aspectos identit\u00e1rios e discursivos nas fronteiras<br>Coordenadores: Carlo Henrique Golin, In\u00eas Gusman e Lucilene Arf<\/td><td>18<\/td><td>1<\/td><td>x<\/td><td>x<\/td><td>x<\/td><\/tr><tr><td>Coordenadores: Adriana Dorfman, Karla Muller e Marcos Lem\u00f5esGT2: Eixo tem\u00e1tico 1 &#8211; Aspectos identit\u00e1rios e discursivos nas fronteiras<\/td><td>19<\/td><td>2<\/td><td>x<\/td><td>x<\/td><td>x<\/td><\/tr><tr><td>GT3: Eixo tem\u00e1tico 2 &#8211; Movimentos de popula\u00e7\u00e3o hoje e no passado<br>Coordenadores: Alessandra Rufino e Milton Mariani (09\/10)<\/td><td>11<\/td><td>3<\/td><td><\/td><td>x<\/td><td>x<\/td><\/tr><tr><td>GT4: Eixo tem\u00e1tico 3 &#8211; Territ\u00f3rios e territorialidades nas fronteiras<br>Coordenadores: Elisa Pinheiro de Freitas e Marcos Mondardo<\/td><td>13<\/td><td>4<\/td><td>x<\/td><td>x<\/td><td><\/td><\/tr><tr><td>GT5: Eixo tem\u00e1tico 3 &#8211; Territ\u00f3rios e territorialidades nas fronteiras<br>Coordenadores: Leticia Parente Ribeiro e Mara Aline Ribeiro<\/td><td>14<\/td><td>5<\/td><td>x<\/td><td>x<\/td><td><\/td><\/tr><tr><td>GT6: Eixo tem\u00e1tico 4 &#8211; Limites estrat\u00e9gicos nas fronteiras<br>Coordenadores: Camilo Pereira Carneiro Filho, Gutemberg Vilhena e Maristela Ferrari (08\/10)<\/td><td>16<\/td><td>6<\/td><td>x<\/td><td>x<\/td><td>x<\/td><\/tr><tr><td>GT7: Eixo tem\u00e1tico 5 &#8211; A natureza e seus usos nas fronteiras<br>Coordenadores: Luciana Escalante Pereira e Raquel Juliano<\/td><td>10<\/td><td>7<\/td><td>x<\/td><td>x<\/td><td><\/td><\/tr><\/tbody><\/table>\n\n\n\n<p>A proposta \u00e9 que cada sess\u00e3o seja dividida em <strong>blocos de tr\u00eas autores <\/strong>com temas afins, cada qual ter\u00e1 <strong>15 minutos<\/strong> para realizar sua apresenta\u00e7\u00e3o. Ap\u00f3s a apresenta\u00e7\u00e3o dos tr\u00eas autores, segue-se o debate. <strong>Haver\u00e1 equipamento de proje\u00e7\u00e3o<\/strong> caso os autores desejem projetar slides. <strong>Recomenda-se que os autores cheguem ao local da sess\u00e3o com 15 minutos de anteced\u00eancia<\/strong> para que os arquivos sejam salvos e os blocos, organizados.<\/p>\n\n\n\n<p>Cada grupo de trabalho ser\u00e1 orientado por dois coordenadores, cujos nomes publicaremos em breve.<\/p>\n\n\n\n<p><strong>Todas as sess\u00f5es ocorrer\u00e3o entre 14h e 16h na Unidade II da UFMS<\/strong>, situada \u00e0 Rua Pocon\u00e9, S\/N \u2013 Bairro Universit\u00e1rio.<\/p>\n\n\n\n<p class=\"has-text-color has-vivid-cyan-blue-color\"><strong>GT1: EIXO TEM\u00c1TICO 1 &#8211; ASPECTOS IDENTIT\u00c1RIOS E DISCURSIVOS NAS FRONTEIRAS &#8211; SALA 1 &#8211; DIAS 7, 8 E 9\/10   <\/strong> <\/p>\n\n\n\n<table class=\"wp-block-table\"><tbody><tr><td>A\n  FRONTEIRA NO CORPO<\/td><td>Diego Aparecido Cafola<\/td><\/tr><tr><td>A\n  INVISIBILIDADE NA FRONTEIRA: UMA AN\u00c1LISE SOBRE A \u201cFAIXA LIVRE\u201d LOCALIZADA\n  ENTRE SETE QUEDAS-BR E PINDOTY POR\u00c3-PY<\/td><td>Leonardo Calixto MAruchi e\n  Lidiane Cristina Lopes Garcia de Souza<\/td><\/tr><tr><td>COMPAIX\u00c3O\n  AL\u00c9M DAS FRONTEIRAS: NARRATIVAS PARA A HUMANIZA\u00c7\u00c3O DO REF\u00daGIO DE INDESEJ\u00c1VEIS<\/td><td>Fernanda Paraguassu<\/td><\/tr><tr><td>CONDUTORES\n  DE CARRO\u00c7AS EM CORUMB\u00c1, MS- UMA ABORDAGEM INTRODUT\u00d3RIA AO PROBLEMA.<\/td><td>Waldson Luciano Corr\u00eaa Diniz<\/td><\/tr><tr><td>CORPO\n  EPIST\u00caMICO FRONTEIRI\u00c7O DESCOLONIAL: TRANSITANDO NA FRONTEIRA DA EXTERIORIDADE\n  EM MS<\/td><td>Marina Maura de Oliveira Noronha<\/td><\/tr><tr><td>DO\n  CHURRASCO GRIEGO A LA ARGEN(CHI)NA: PR\u00c1TICAS COTIDIANAS,&nbsp; CARTOGRAFIAS TRANSFRONTEIRI\u00c7AS<\/td><td>Luiz Felipe Rodrigues e Dalila\n  Tavares Garcia<\/td><\/tr><tr><td>ESPA\u00c7OS\n  DE FRONTEIRA E CODIFICA\u00c7\u00c3O CULTURAL IND\u00cdGENA: A SEMIOTIZA\u00c7\u00c3O DO C\u00d3DIGO\n  \u201cCAPIT\u00c3O\u201d<\/td><td>Luzia Bernardes da Silva e\n  Gicelma da Fonseca Chacarosqui Torchi<\/td><\/tr><tr><td>FRONTEIRA,\n  MIGRA\u00c7\u00c3O E DIREITOS HUMANOS NA M\u00cdDIA: UM ESTUDO SOBRE A REPERCUSS\u00c3O DA\n  IMIGRA\u00c7\u00c3O VENEZUELANA PARA O BRASIL<\/td><td>Vilmara Crystine Fonseca Gomes e\n  Camila Maria Risso Sales<\/td><\/tr><tr><td>FRONTEIRAS\n  DO LOCAL: POR UMA LEITURA DE SI ME PERMITEN HABLAR NA FRONTEIRA-SUL<\/td><td>Julia Evelyn Muniz Barreto\n  Guzman<\/td><\/tr><tr><td>\u00cdNDIOS\n  GUAT\u00d3 NA FRONTEIRA BRASIL \/ BOL\u00cdVIA<\/td><td>Danielle Urt Mansur Bumlai<\/td><\/tr><tr><td>MEM\u00d3RIAS\n  HOMO-BIOGR\u00c1FICAS DA EXTERIORIDADE: SILVIANO SANTIAGO E SUAS\/NOSSAS MIL ROSAS\n  ROUBADAS<\/td><td>Pedro Henrique Alves de Medeiros<\/td><\/tr><tr><td>O\n  ENTRE-LUGAR COMO ESPA\u00c7O DAS L\u00cdNGUAS FRONTEIRI\u00c7AS&nbsp;<\/td><td>Mariana Vaca Conde e&nbsp; Lucilene Machado Garcia Arf<\/td><\/tr><tr><td>OUTRO\n  CAL\u00c7AD\u00c3O DE UMA MESMA COPACABANA A CELEBRA\u00c7\u00c3O DA VIRGEM: UM DI\u00c1LOGO ENTRE A\n  FRONTEIRA DE CORUMB\u00c1\/BR E PUERTO QUIJARRO\/BO<\/td><td>Gesliane Sara Vieira Chaves<\/td><\/tr><tr><td>PARAGUAY-BRASIL.\n  FRONTERAS, TERRITORIO Y PENSAMIENTO CR\u00cdTICO<\/td><td>Anibal Oru\u00e9 Pozzo<\/td><\/tr><tr><td>POSSIBILIDADES\n  DE ATENDIMENTO AO ESTRANGEIRO PELOS AGENTES COMUNIT\u00c1RIOS DE SA\u00daDE NA REGI\u00c3O\n  FRONTEIRI\u00c7A DE CORUMB\u00c1\/MS &#8211; BRASIL<\/td><td>Talini Rodrigues e Rafael\n  Oliveira Fonseca<\/td><\/tr><tr><td>POVOS\n  IND\u00cdGENAS NO BRASIL: IDENTIDADE E CULTURA ENTRE FRONTEIRAS<\/td><td>Joselaine Dias de Lima<\/td><\/tr><tr><td>RISCOS\n  NUTRICIONAIS ENTRE FAM\u00cdLIAS RIBEIRINHAS RESIDENTES NA FRONTEIRA\n  BRASIL\/BOL\u00cdVIA.<\/td><td>Bruna Fernanda Antonio Cl\u00edmaco e\n  Beatriz Lima de Paula Silva<\/td><\/tr><tr><td>SA\u00daDE\n  MENTAL E MILITARES, UMA REVIS\u00c3O BIBLIOGR\u00c1FICA<\/td><td>Isabela Faria Berno, J\u00falio\n  Ricardo Fran\u00e7a e Vanessa Catherina Neumann Figueiredo<\/td><\/tr><\/tbody><\/table>\n\n\n\n<p class=\"has-text-color has-vivid-cyan-blue-color\"><strong>GT2: EIXO TEM\u00c1TICO 1 &#8211; ASPECTOS IDENTIT\u00c1RIOS E DISCURSIVOS NAS FRONTEIRAS &#8211; SALA 2 &#8211; DIAS 7, 8 E 9\/10 <\/strong><\/p>\n\n\n\n<table class=\"wp-block-table\"><tbody><tr><td>A\n  DESOBEDIENCIA EPISTEMICA EM HELOISA BUARQUE DE HOLLANDA E AS FRONTEIRAS DO\n  INTELECTO.<\/td><td>Nathalia Flores Soares e Edgar\n  C\u00e9zar Nolasco<\/td><\/tr><tr><td>A\n  EXPERI\u00caNCIA EM EST\u00c1GIO DOC\u00caNCIA EM GRADUA\u00c7\u00c3O I A FORMA\u00c7\u00c3O DO ESTADO,\n  FRONTEIRAS E SUAS DIN\u00c2MICAS EM REDE<\/td><td>Janaina Costa Teixeira e Paola\n  Gomes Pereira<\/td><\/tr><tr><td>A\n  FRONTEIRA QUE NOS SEPARA: OS SURDOS E SUAS REPRESENTA\u00c7\u00d5ES SOCIAIS<\/td><td>Katicilayne Roberta de\n  Alc\u00e2ntara, Ant\u00f4nio Firmino de Oliveira Neto e Izac de Oliveira Belino Bonfim<\/td><\/tr><tr><td>A\n  IMPLEMENTA\u00c7\u00c3O DO ENSINO \u00c0 DIST\u00c2NCIA, AOS MOLDES DO SISTEMA COL\u00c9GIO MILITAR DO\n  BRASIL, AOS RESIDENTES NA FAIXA DE FRONTEIRA SUL-MATO-GROSSENSE UMA PROPOSTA<\/td><td>Eduardo Freitas Gorga e Elisa\n  Pinheiro de Freitas<\/td><\/tr><tr><td>AS\n  ESCOLAS EM SUAS ESPECIFICIDADES: DA ESCOLA IND\u00cdGENA A ESCOLA DE FRONTEIRA,\n  ESTUDO DAS ESCOLAS IND\u00cdGENAS EM RELA\u00c7\u00c3O \u00c0S ESCOLAS DE FRONTEIRA, PONTA POR\u00c3 \u2013\n  BR\/PEDRO JUAN CABALEIRO \u2013 PY (ALTERIDADE E MULTICULTURALISMO)<\/td><td>Jo\u00e3o Evaldo Ghizoni Dieterich<\/td><\/tr><tr><td>AS VOZES\n  DE GUAJAR\u00c1-MIRIM QUE AQUI GORJEIAM, N\u00c3O GORJEIAM COMO L\u00c1: DIVERSIDADES\n  LINGU\u00cdSTICAS RONDONIENSES SILENCIADAS<\/td><td>D\u00e9cio Keher Marques, Carlos\n  Alberto Bosqu\u00ea Jr. e Ana Alice Siqueira<\/td><\/tr><tr><td>BILINGUISMO\n  NA EDUCA\u00c7\u00c3O DE SURDOS NA FRONTEIRA BRASI-BOL\u00cdVIA: ALGUMAS CONSIDERA\u00c7\u00d5ES<\/td><td>Lineise Auxiliadora Amarilio dos\n  Santos e Cl\u00e1udia Ara\u00fajo de Lima<\/td><\/tr><tr><td>CLARICE\n  LISPECTOR: POR UM DIREITO PENAL FRONTERIZO<\/td><td>Barbara Artuzo Simabuco e Edgar\n  C\u00e9zar Nolasco<\/td><\/tr><tr><td>EVENTOS\n  RURAIS: UMA AN\u00c1LISE DA PR\u00c1TICA DAS INSTITUI\u00c7\u00d5ES P\u00daBLICAS&nbsp; DE PESQUISA AGROPECU\u00c1RIA DO BRASIL E DA\n  ARGENTINA<\/td><td>Andrea Fernanda Lyvio Vilardo e\n  Karla Maria M\u00fcller<\/td><\/tr><tr><td>JORNAL\n  IMPRESSO NA FRONTEIRA SUL-RIOGRANDENSE:&nbsp;\n  NARRATIVAS SOBRE O RURAL<\/td><td>Tha\u00eds Leobeth e Karla Maria\n  M\u00fcller<\/td><\/tr><tr><td>LITERATURA\n  E TERRITORIALIDADE NA FRONTEIRA BRASIL\/BOLIVIA: UM ESPA\u00c7O DO SER FRONTERI\u00c7O<\/td><td>Tarissa Marques Rodrigues dos\n  Santos&nbsp; e Lucilene Machado Garcia Arf<\/td><\/tr><tr><td>LOCALIZANDO\n  AS CONDI\u00c7\u00d5ES PRET\u00c9RITAS E AS RELA\u00c7\u00d5ES CORRENTES NA COMPLEXA FRONTEIRA\n  BRASIL-BOL\u00cdVIA<\/td><td>Tito Carlos Machado Oliveira e\n  Paulo Marcos Esselin<\/td><\/tr><tr><td>METODOLOGIAS\n  PARA O ENSINO E APRENDIZAGEM DE L\u00cdNGUAS NAS FRONTEIRAS: PERSPECTIVAS\n  DECOLONIAIS<\/td><td>Suzana Vinicia Mancilla Barreda\n  e Janete F\u00e1tima Par\u00e1 Velasco<\/td><\/tr><tr><td>NA\n  ENCRUZILHADA ENTRE FRONTEIRAS E CULTURA: UMA AN\u00c1LISE DA PRODU\u00c7\u00c3O ACAD\u00caMICA E\n  DAS REDES DE CONCEITOS E LITERATURA<\/td><td>Sol\u00e8ne Mari\u00e9<\/td><\/tr><tr><td>NO TE\n  PASES DE LA RAYA: ANTROPOFAGIA CARTOGR\u00c1FICA<\/td><td>Kathya Milena Mor\u00f3n Tadic<\/td><\/tr><tr><td>O\n  INSTITUTO FEDERAL DE EDUCA\u00c7\u00c3O, CI\u00caNCIA E TECNOLOGIA DE MATO GROSSO DO SUL\n  COMO ELEMENTO PROMOTOR DO DESENVOLVIMENTO ECON\u00d4MICO E SOCIAL NA FRONTEIRA\n  BRASIL\/BOL\u00cdVIA<\/td><td>Wanderson da Silva Batista e\n  Maria Aline dos Santos Ribeiro<\/td><\/tr><tr><td>O TEXTO\n  LITER\u00c1RIO COMO CONSTRUCTO DE UM ESPA\u00c7O TRANSCULTURAL E TRANSNACIONAL<\/td><td>Lucilene Machado Garcia Arf<\/td><\/tr><tr><td>PAISAGEM\n  SOCIOESPACIAL TRANSFRONTEIRI\u00c7A: UMA PROPOSTA DE&nbsp;&nbsp; ENSINO E PESQUISA SOBRE FRONTEIRAS&nbsp;<\/td><td>Adriana Dorfman, Edgar Garcia\n  Velozo e Lu\u00edsa Amato Caye<\/td><\/tr><tr><td>PUBLICA\u00c7\u00d5ES\n  SOBRE ESTUDOS FRONTEIRI\u00c7OS NO BRASIL DE 2000 \u00c0 2018: UM ESTUDO SOBRE\n  PRINCIPAIS PERI\u00d3DICOS E TEM\u00c1TICAS<\/td><td>Vithor Amaral Prestes, D\u00e9bora\n  Pizzio Mendes, Rafael Port da Rocha e Adriana Dorfman<\/td><\/tr><\/tbody><\/table>\n\n\n\n<p class=\"has-text-color has-vivid-cyan-blue-color\"><strong>GT3: EIXO TEM\u00c1TICO 2 &#8211; MOVIMENTOS DE POPULA\u00c7\u00c3O HOJE E NO PASSADO &#8211; SALA 3 &#8211; DIAS 7 E 8\/10<\/strong><\/p>\n\n\n\n<table class=\"wp-block-table\"><tbody><tr><td>A\n  CONSOLIDA\u00c7\u00c3O DA FRONTEIRA SUL-MATO-GROSSENSE E AS RELA\u00c7\u00d5ES COM O PARAGUAI AO\n  LONGO DOS DIFERENTES PER\u00cdODOS DA HIST\u00d3RIA BRASILEIRA<\/td><td>Robson de Ara\u00fajo Filho, Camilo\n  Pereira Carneiro Filho e Tito Carlos Machado de Oliveira<\/td><\/tr><tr><td>AS\n  IMPLICA\u00c7\u00d5ES DO RECONHECIMENTO DA CONDI\u00c7\u00c3O DE REFUGIADO PARA OS VENEZUELANOS<\/td><td>Francielle Vascotto Folle ,\n  Nath\u00e1lia Alves de Oliveira e C\u00e9sar Augusto Silva da Silva<\/td><\/tr><tr><td>CORUMB\u00c1-MS:\n  O RETORNO DA MIGRA\u00c7\u00c3O INDOCUMENTADA DE HAITIANOS NO BRASIL&nbsp;<\/td><td>Alex Dias de Jesus<\/td><\/tr><tr><td>DIGNIDADE\n  HUMANA SEM FRONTEIRAS: MIGRA\u00c7\u00c3O E REFUGIADOS NO BRASIL<\/td><td>Gabriela Oshiro Reynaldo, Livio\n  Acosta Garcia Gomes&nbsp; e Lucio Fl\u00e1vio\n  Joichi Sunakozawa&nbsp;<\/td><\/tr><tr><td>DISCUSS\u00d5ES\n  ACERCA DA NECESSIDADE DE INSTALA\u00c7\u00c3O DE COL\u00d4NIAS AGR\u00cdCOLAS NO SUL DE MATO\n  GROSSO (1889-1920).<\/td><td>Vinicius Raj\u00e3o da Fonseca<\/td><\/tr><tr><td>ESPACIALIDADES\n  FRONTEIRI\u00c7AS E PR\u00c1TICAS SOLID\u00c1RIAS: BOLIVIANAS EM RELA\u00c7\u00d5ES DE VIZINHAN\u00c7A E DE\n  COM\u00c9RCIO EM CORUMB\u00c1, MS, BRASIL<\/td><td>Milton Mariani, J\u00e9ssica\n  Canavarro Oliveira e Marco Aur\u00e9lio Machado de Oliveira<\/td><\/tr><tr><td>NOTAS\n  INICIAIS SOBRE O SURGIMENTO DE RELA\u00c7\u00d5ES TRANSFRONTEIRI\u00c7AS COTIDIANAS ENTRE\n  PATO BRAGADO E NUEVA ESPERANZA, MUNIC\u00cdPIOS DA ZONA DE FRONTEIRA\n  BRASIL-PARAGUAY<\/td><td>Aline Kammer e Maristela Ferrari<\/td><\/tr><tr><td>O\n  DIREITO AO DESENVOLVIMENTO DO IMIGRANTE NO BRASIL<\/td><td>Luiz Rosado Costa e Tania Regina\n  Silva Garcez<\/td><\/tr><tr><td>OS\n  REFLEXOS DA POL\u00cdTICA EXTERNA DO GOVERNO JUSCELINO KUBITSCHEK (1956-1961) NOS\n  FLUXOS MIGRAT\u00d3RIOS PARA CORUMB\u00c1\/MS<\/td><td>Thais Da Silva Alpires e Claudia\n  Araujo de Lima<\/td><\/tr><tr><td>PRESEN\u00c7AS\n  DE MIGRANTES INTERNACIONAIS NA EDUCA\u00c7\u00c3O E NA ASSIST\u00caNCIA SOCIAL EM FRONTEIRA<\/td><td>Marco Aur\u00e9lio Machado de\n  Oliveira, Renata Miceno Papa de Almeida e Mabel Marinho Sahib Aguilar<\/td><\/tr><tr><td>UM\n  HIST\u00d3RICO DA POL\u00cdTICA MIGRAT\u00d3RIA BRASILEIRA A PARTIR DE SEUS MARCOS LEGAIS\n  (1808-2019)<\/td><td>Luiz Rosado Costa, Jos\u00e9 Eduardo\n  Melo de Souza e L\u00edvia Cristina dos Anjos Barros<\/td><\/tr><\/tbody><\/table>\n\n\n\n<p class=\"has-text-color has-vivid-cyan-blue-color\"><strong>GT4: EIXO TEM\u00c1TICO 3 &#8211; TERRIT\u00d3RIOS E TERRITORIALIDADES NAS FRONTEIRAS &#8211; SALA 4 &#8211; DIAS 7 E 8\/10 <\/strong><\/p>\n\n\n\n<table class=\"wp-block-table\"><tbody><tr><td>AS\n  TRAMAS DO CAPITALISMO ENTRELA\u00c7ANDO AS RELA\u00c7\u00d5ES FRONTEIRI\u00c7AS<\/td><td>Kamila Madureira da Silva,\n  Matheus Martins de Araujo Irabi e Alexandre Bergamin Vieira<\/td><\/tr><tr><td>BRASIL E\n  PARAGUAI: OLHARES SOBRE OS SUJEITOS E SITUA\u00c7\u00d5ES DE FRONTEIRA&nbsp;<\/td><td>Midiane Scarabeli Alves Coelho\n  da Silva e Mirella Lacerda Teixeira de Souza<\/td><\/tr><tr><td>CRUZAR A\n  FRONTEIRA INTERNACIONAL FOZ DO IGUA\u00c7U \u2013 CIUDAD DEL ESTE: ADENTRANDO O PARA\u00cdSO\n  DO CONSUMO<\/td><td>Matheus Guimar\u00e3es Lima<\/td><\/tr><tr><td>FLUXOS E\n  MOBILIDADES TRANSFRONTEIRI\u00c7AS: UMA REFLEX\u00c3O A PARTIR DOS ESTUDANTES\n  BRASILEIROS DE MEDICINA EM PEDRO JUAN CABALLERO \u2013 PARAGUAY<\/td><td>Claudia Vera da Silveira, Luiz\n  Felipe Rodrigues e \u00c9der Dami\u00e3o Goes Kukiel<\/td><\/tr><tr><td>GEST\u00c3O\n  COMPARTILHADA DE RES\u00cdDUOS S\u00d3LIDOS EM CIDADES DA FRONTEIRA BRASIL-PARAGUAI.<\/td><td>Aline Robles Brito e Fabr\u00edcio\n  Jos\u00e9 Missio<\/td><\/tr><tr><td>LEVANTAMENTO\n  BIBLIOGR\u00c1FICO DE ESTUDOS SOBRE DIREITO AMBIENTAL COMPARADO DE RECURSOS\n  NATURAIS TRANSFRONTEIRI\u00c7OS<\/td><td>Fernando Lara Rocha de Almeida e\n  Luciana Escalante Pereira<\/td><\/tr><tr><td>MOVILIDAD\n  Y URBANIDAD EN PROCESOS DE MIGRACI\u00d3N DE TR\u00c1NSITO: DE LA FRONTERA SUR AL \u00c1REA\n  METROPOLITANA DE GUADALAJARA<\/td><td>Edilma de Jesus Desid\u00e9rio, Julio\n  Santiago Hern\u00e1ndez e Heriberto Vega Villase\u00f1or<\/td><\/tr><tr><td>O\n  PROCEDIMENTO DE DISCRIMINA\u00c7\u00c3O DAS TERRAS DEVOLUTAS INSERIDAS NO MUNIC\u00cdPIO DE\n  CORUMB\u00c1<\/td><td>Matias Pereira Rodrigues e\n  Gilson da Silva Trajano<\/td><\/tr><tr><td>OCUPA\u00c7\u00d5ES\n  NO ESPA\u00c7O DE FRONTEIRA: LUTA E RESIST\u00caNCIA.<\/td><td>Raphaella Elias Pereira,\n  Alexandre Bergamin Vieira e Kamila Madureira da Silva<\/td><\/tr><tr><td>OS\n  EFEITOS DA COOPERA\u00c7\u00c3O TRANSFRONTEIRI\u00c7A NAS CONFIGURA\u00c7\u00d5ES TERRITORIAIS\n  ESTATAIS: O CASO DO NORTE DE PORTUGAL.<\/td><td>In\u00eas Gusman, Juan Manuel Trillo\n  Santamar\u00eda e Rub\u00e9n Camilo Lois Gonz\u00e1lez&nbsp;<\/td><\/tr><tr><td>RECONFIGURACI\u00d3N\n  ESPACIAL DE LA FRONTERA Y FLUJOS NO DOCUMENTADOS ENTRE M\u00c9XICO Y ESTADOS\n  UNIDOS<\/td><td>Sergio Pe\u00f1a e C\u00e9sar M.\n  Fuentes&nbsp;<\/td><\/tr><tr><td>TR\u00caS\n  PA\u00cdSES, V\u00c1RIAS FRONTEIRAS E DIFERENTES ESPET\u00c1CULOS<\/td><td>Maria Cristina Lanza de Barros<\/td><\/tr><tr><td>TURISMO\n  DE COMPRAS E PAISAGEM FRONTEIRI\u00c7A EM PEDRO JUAN CABALLERO (PY) E PONTA POR\u00c3\n  (BR)<\/td><td>Jana\u00edna Costa Teixeira<\/td><\/tr><\/tbody><\/table>\n\n\n\n<p class=\"has-text-color has-vivid-cyan-blue-color\"><strong>GT5: EIXO TEM\u00c1TICO 3 &#8211; TERRIT\u00d3RIOS E TERRITORIALIDADES NAS FRONTEIRAS &#8211; SALA 5 &#8211; DIAS 7 E 8\/10<\/strong><\/p>\n\n\n\n<table class=\"wp-block-table\"><tbody><tr><td>A\n  CONTRIBUI\u00c7\u00c3O JUR\u00cdDICA DA MARINHA DO BRASIL NO DESENVOLVIMENTO ECONOMICO,\n  SOCIAL E PROTE\u00c7\u00c3O AMBIENTAL NA REGI\u00c3O DOS MUNIC\u00cdPIOS DE CORUMB\u00c1 E LAD\u00c1RIO-MS<\/td><td>Antonio Jos\u00e9 de Jesus J\u00fanior e\n  Lidiane de Brito Curto<\/td><\/tr><tr><td>A\n  TERRITORIALIDADE DA REDE BANC\u00c1RIA NO ESTADO DE ROND\u00d4NIA: CONCENTRA\u00c7\u00c3O E\n  DISPERS\u00c3O DOS AGENTES FINANCEIROS<\/td><td>F\u00e1bio Brito dos Santos, D\u00e9cio\n  Keher Marques e Edwarda de Paula Soares Ojopi<\/td><\/tr><tr><td>A\u00c7\u00d5ES\n  PARA SA\u00daDE E SEGURAN\u00c7A DO TRABALHO: UM ESTUDO NO CEREST DE CORUMB\u00c1-MS<\/td><td>Dalton Monteiro de Souza e\n  Fernando Thiago<\/td><\/tr><tr><td>\u00c1REA DE\n  LIVRE COM\u00c9RCIO NO MUNIC\u00cdPIO DE CORUMB\u00c1\/MS: POTENCIALIDADES E IMPACTOS\n  SOCIOECON\u00d4MICOS<\/td><td>Paulo Cesar dos Santos\n  Martins&nbsp; e Tomaz Esp\u00f3sito Neto<\/td><\/tr><tr><td>AS\n  EXPERI\u00caNCIAS DE COMPRA DE PRODUTOS DA AGRICULTURA FAMILIAR DA BASE FLUVIAL DE\n  LAD\u00c1RIO (BFLA)<\/td><td>Leonardo Barbosa Ara\u00fajo e Edgar\n  Aparecido da Costa<\/td><\/tr><tr><td>CARACTERIZA\u00c7\u00c3O\n  GEOGR\u00c1FICA PRELIMINAR&nbsp; DA FAIXA DE\n  FRONTEIRA DO ESTADO DO AMAZONAS&nbsp;<\/td><td>Andr\u00e9 Zumak Azevedo Nascimento,\n  Tatiana Schor e Nicolle Figueira<\/td><\/tr><tr><td>COOPERA\u00c7\u00c3O\n  INTERNACIONAL E N\u00daCLEOS URBANOS COM ARTICULA\u00c7\u00d5ES FRONTEIRI\u00c7AS ENTRE BRASIL E\n  BOL\u00cdVIA<\/td><td>Andr\u00e9 Vieira Freitas<\/td><\/tr><tr><td>DIN\u00c2MICAS\n  E ESPACIALIDADES DAS FEIRAS LIVRES NAS FRONTEIRAS ENTRE BRASIL-BOL\u00cdVIA E\n  BRASIL-PARAGUAY<\/td><td>\u00c9der Dami\u00e3o Goes Kukiel, \u00c9rica\n  dos Santos Oliveira&nbsp; e Cl\u00e1udia Veras da\n  Silveira&nbsp;<\/td><\/tr><tr><td>O\n  COM\u00c9RCIO DE HORTALI\u00c7AS NA FRONTEIRA BRASIL-BOL\u00cdVIA&nbsp;<\/td><td>Edison Di Fabio<\/td><\/tr><tr><td>O\n  DESENVOLVIMENTO SOCIAL COMO MECANISMO DE INTEGRA\u00c7\u00c3O REGIONAL NA FRONTEIRA DE\n  PONTA POR\u00c3 E PEDRO JUAN CABALLERO<\/td><td>Tamyris Cristiny Souza Rocha e\n  Tomaz Esp\u00f3sito Neto<\/td><\/tr><tr><td>O\n  TRABALHO DO\/DA ASSISTENTE SOCIAL EM TERRIT\u00d3RIO FRONTEIRI\u00c7O: POSSIBILIDADES DE\n  A\u00c7\u00c3O<\/td><td>Nat\u00e1lia Buginga Ramos da Costa\n  Sachini e Mara Aline Ribeiro<\/td><\/tr><tr><td>OS\n  BOLIVIANOS COMERCIANTES DE HORTALI\u00c7AS NA FEIRA LIVRE DE LAD\u00c1RIO<\/td><td>Leonardo Barbosa Ara\u00fajo,\n  Elis\u00e2ngela de Souza Cunha e Edgar Aparecido da Costa<\/td><\/tr><tr><td>POL\u00cdTICAS\n  P\u00daBLICAS NA FRONTEIRA E O ATIVISMO DO MINIST\u00c9RIO P\u00daBLICO<\/td><td>Alcindo Cardoso do Valle Junior\n  e Gleicy Denise Vasques Moreira<\/td><\/tr><tr><td>REGULA\u00c7\u00c3O\n  E CLADESTINIDADE: O COM\u00c9RCIO DE GASOLINA NO CONTEXTO DE COMPLEMENTARIDADE\n  ECON\u00d4MICA DA FRONTEIRA BRASIL-BOL\u00cdVIA.<\/td><td>Vitorino Jos\u00e9 Barros da Silva<\/td><\/tr><\/tbody><\/table>\n\n\n\n<p class=\"has-text-color has-vivid-cyan-blue-color\"><strong>GT6: EIXO TEM\u00c1TICO 4 &#8211; LIMITES ESTRAT\u00c9GICOS NAS FRONTEIRAS &#8211; SALA 6 &#8211; DIAS 7, 8 E 9\/10<\/strong><\/p>\n\n\n\n<table class=\"wp-block-table\"><tbody><tr><td>A\n  \u201cGRANDE CORUMB\u00c1\u201d E OS DESAFIOS DOS CRIMES TRANSFRONTEIRI\u00c7OS EM FACE DAS NOVAS\n  FERRAMENTAS VIRTUAIS<\/td><td>Manix Gon\u00e7alves dos Santos,\n  Marcos S\u00e9rgio Tiaen e Luiz Gonzaga da Silva Junior<\/td><\/tr><tr><td>A\n  QUEST\u00c3O DO G\u00c1S E SUAS REPERCUSS\u00d5ES NA RELA\u00c7\u00c3O BRASIL-BOL\u00cdVIA: UMA AN\u00c1LISE SOB\n  A LUZ DA TEORIA DA \u201cINTERDEPEND\u00caNCIA COMPLEXA\u201d<\/td><td>Adriana dos Santos Corr\u00eaa e\n  Bruna Let\u00edcia Marinho Pereira<\/td><\/tr><tr><td>A\n  SEGURAN\u00c7A NA FRONTEIRA ENTRE BRASIL E PARAGUAI: \u00c9 POSS\u00cdVEL COOPERAR?<\/td><td>Maur\u00edcio Kenyatta Barros da\n  Costa<\/td><\/tr><tr><td>AS\n  DIFERENTES FACES DAS FRONTEIRAS: NOTAS SOBRE AS FRONTEIRAS INTERNACIONAIS DE\n  PEDRO JUAN CABALLERO (PY) E PONTA POR\u00c3 (BR) E DE TIJUANA (MX) E SAN DIEGO\n  (US)<\/td><td>Mirella Lacerda Teixeira de\n  Souza e Midiane Scarabeli Alves Coelho da Silva<\/td><\/tr><tr><td>CIDADES\n  G\u00caMEAS DE PEDRO JUAN CABALLERO E PONTA POR\u00c3: OS IMPACTOS DAS POL\u00cdTICAS\n  P\u00daBLICAS NA FAIXA DE FRONTEIRA DO BRASIL<\/td><td>Adriel Ser\u00f3dio de Oliveira e\n  Gustavo de Souza Preussler<\/td><\/tr><tr><td>COM\u00c9RCIO\n  ILEGAL E REDES NA ZONA DE FRONTEIRA BRASILEIRO-PARAGUAIA: EXTREMO OESTE DO\n  PARAN\u00c1 (BRA) LIM\u00cdTROFE AOS DEPARTAMENTOS DE CANINDEY\u00da E ALTO PARAN\u00c1 (PY)<\/td><td>Alan Diogo Schons e Maristela\n  Ferrari<\/td><\/tr><tr><td>E-SPA\u00c7O\n  E SUAS FRONTEIRAS: O CIBERN\u00c9TICO ENQUANTO CATEGORIA DE AN\u00c1LISE GEOGR\u00c1FICA<\/td><td>Thom\u00e1s Nery da Silva Teixeira e\n  Adriana Dorfman<\/td><\/tr><tr><td>MANISFESTA\u00c7\u00d5ES\n  XENOFOBICAS NAS REDES SOCIAIS NA FRONTEIRA BRASIL- BOL\u00cdVIA<\/td><td>Antonio Rosa da Concei\u00e7\u00e3o Junior\n  e Gleicy Denise Vasques Moreira<\/td><\/tr><tr><td>MIGRA\u00c7\u00d5ES\n  E GLOBALIZA\u00c7\u00c3O: UMA AN\u00c1LISE \u00c0 LUZ DOS HUMANOS DOS MIGRANTES<\/td><td>Alex Maciel de Oliveira<\/td><\/tr><tr><td>O\n  ENTORNO ESTRAT\u00c9GICO BRASILEIRO: AN\u00c1LISE DE GOVERNAN\u00c7A AMBIENTAL NA FAIXA DE\n  FRONTEIRA SETENTRIONAL AMAPAENSE (1997-2017)<\/td><td>Miguel Dhenin<\/td><\/tr><tr><td>O ESTADO\n  BRASILEIRO NO ENFRENTAMENTO AO CRIME DE TR\u00c1FICO INTERNACIONAL DE PESSOAS NA\n  FRONTEIRA BRASIL\/BOL\u00cdVIA: O CASO DE CORUMB\u00c1 E PORTO QUIJARRO&nbsp;&nbsp;<\/td><td>Mateus Moreira de Oliveira,\n  Maria Aline dos Santos Ribeiro e Ca\u00edque Ribeiro Gal\u00edcia<\/td><\/tr><tr><td>PANORAMA\n  DAS PRINCIPAIS INICIATIVAS DAS POL\u00cdTICAS GOVERNAMENTAIS DE FRONTEIRAS E DA\n  POL\u00cdTICA NACIONAL DE DEFESA FRENTE AOS DESAFIOS IMPOSTOS PELA CONJUNTURA\n  INTERNACIONAL FRONTEIRI\u00c7A<\/td><td>Silvana do Valle Leone e Elisa\n  Pinheiro de Freitas<\/td><\/tr><tr><td>POL\u00cdCIA\n  E CADEIA NA FRONTEIRA DO IMP\u00c9RIO COM A BOL\u00cdVIA: CORUMB\u00c1, ANOS 1870 E 1880<\/td><td>Divino Marcos de Sena<\/td><\/tr><tr><td>PONTOS\n  DE CONVERG\u00caNCIA ENTRE O DIREITO INTERNACIONAL HUMANIT\u00c1RIO E O DIREITO\n  INTERNACIONAL DOS REFUGIADOS: A PREVEN\u00c7\u00c3O DO DESLOCAMENTO COMO MECANISMO DE\n  SOBREVIV\u00caNCIA<\/td><td>\u00c1dria Saviano Fabricio da Silva\n  e C\u00e9sar Augusto S. da Silva<\/td><\/tr><tr><td>SEGURAN\u00c7A\n  E DEFESA NA FRONTEIRA OESTE: O ARCO CENTRAL E AS AMEA\u00c7AS NAS D\u00cdADES COM\n  BOL\u00cdVIA E PARAGUAI<\/td><td>Camilo Pereira Carneiro, Lisa\n  Belmiro Camara e Bruna Let\u00edcia Marinho Pereira<\/td><\/tr><tr><td>USU\u00c1RIO\n  E TRAFICANTES DE DROGAS: UMA AN\u00c1LISE DOS PROCESSOS JUDICIAIS POR DELITOS DE\n  DROGAS NA ZONA DE FRONTEIRA DO BRASIL COM O URUGUAI<\/td><td>Alexandre dos Santos Cunha e\n  Ol\u00edvia Alves Gomes Pessoa<\/td><\/tr><\/tbody><\/table>\n\n\n\n<p class=\"has-text-color has-vivid-cyan-blue-color\"><strong>GT7: EIXO TEM\u00c1TICO 5 &#8211; A NATUREZA E SEUS USOS NAS FRONTEIRAS &#8211; SALA 7 &#8211; DIAS 7 E 8\/10<\/strong><\/p>\n\n\n\n<table class=\"wp-block-table\"><tbody><tr><td>A FEIRA\n  DE PRODUTOS EM TRANSI\u00c7\u00c3O AGROECOL\u00d3GICA DO IFMS CORUMB\u00c1<\/td><td>Mariane Leticia Leite da Cruz\n  Costa e Edgar Aparecido da Costa<\/td><\/tr><tr><td>APONTAMENTOS\n  SOBRE AS CONSEQU\u00caNCIAS DA MINERA\u00c7\u00c3O EM CORUMB\u00c1-MS: O CASO DA COMUNIDADE\n  TRADICIONAL ANT\u00d4NIO MARIA COELHO<\/td><td>Sandra Proc\u00f3pio da Silva e\n  Leonardo Calixto Maruchi<\/td><\/tr><tr><td>ATERRO\n  SANIT\u00c1RIO NA FRONTEIRA BRASIL X BOL\u00cdVIA<\/td><td>Diego da Silva Ferreira Rosa<\/td><\/tr><tr><td>EVOLU\u00c7\u00c3O\n  DO USO E COBERTURA DA TERRA NA FRONTEIRA CORUMB\u00c1-BR E PUERTO QUIJARRO-BOL<\/td><td>Edson Rodrigo dos Santos da\n  Silva, Erivelton Pereira Vick e Tayrine Pinho de Lima Fonseca<\/td><\/tr><tr><td>GEST\u00c3O\n  AMBIENTAL DAS EMPRESAS BRASILEIRAS DE NAVEGA\u00c7\u00c3O E DOS PORTOS NACIONAIS QUE\n  OPERAM NA HIDROVIA DO PARAGUAI-PARAN\u00c1.<\/td><td>Samuel Ribeiro de Sousa e\n  Aguinaldo Silva<\/td><\/tr><tr><td>PANTANAL\n  SUL-MATOGROSSENSE: TERROT\u00d3RIO E MODO DE VIDA<\/td><td>Juliana Cristina Ribeiro da\n  Silva e Patricia Helena Mirandola Garcia<\/td><\/tr><tr><td>PERCEP\u00c7\u00c3O\n  AMBIENTAL DA COMUNIDADE ACAD\u00caMICA NO CAMPUS DE ALTO ARAGUAIA DA UNIVERSIDADE\n  DO ESTADO DE MATO GROSSO<\/td><td>Jeferson Boldrini da Silva e\n  Fernando Thiago<\/td><\/tr><tr><td>PORTO\n  MURTINHO (MS): POTENCIALIDADE DO ECOTURISMO NO ESPA\u00c7O FRONTEIRI\u00c7O\n  BRASIL-PARAGUAI<\/td><td>Fernanda Cano de Andrade Marques\n  e Juliana Luquez<\/td><\/tr><tr><td>TRANSI\u00c7\u00c3O\n  AGROECOL\u00d3GICA EM UM LOTE DE ASSENTAMENTO RURAL NA FRONTEIRA\n  BRASIL-BOL\u00cdVIA&nbsp;<\/td><td>Ianna Louise Ara\u00fajo&nbsp; Chagas e Edgar Aparecido da Costa<\/td><\/tr><tr><td>TURISMO\n  SEXUAL NAS \u00c1GUAS DO PANTANAL: O CASO DA MERCANTILIZA\u00c7\u00c3O SEXUAL EM CORUMB\u00c1 \u2013\n  MS<\/td><td>\u00c9rica dos Santos Oliveira e \u00c9der\n  Dami\u00e3o Goes Kukiel<\/td><\/tr><\/tbody><\/table>\n\n\n\n<p>Obs: N\u00e3o constam da lista os trabalhos, cujos autores n\u00e3o comparecer\u00e3o ao evento.<\/p>\n","protected":false},"excerpt":{"rendered":"<p>AVISO: Tivemos que alterar os dias de realiza\u00e7\u00e3o do GT3 para 8 e 9\/10 em fun\u00e7\u00e3o da disponibilidade dos coordenadores. Os trabalhos completos foram agrupados em grupos de trabalhos de acordo com os eixos tem\u00e1ticos propostos<a class=\"moretag\" href=\"https:\/\/sef-cpan.ufms.br\/vii\/grupos-de-trabalho-do-vii-sef\/\">Read More&#8230;<\/a><\/p>\n","protected":false},"author":2,"featured_media":0,"comment_status":"open","ping_status":"open","sticky":false,"template":"","format":"standard","meta":{"footnotes":""},"categories":[3],"tags":[],"yoast_head":"<!-- This site is optimized with the Yoast SEO plugin v23.1 - https:\/\/yoast.com\/wordpress\/plugins\/seo\/ -->\n<title>Grupos de Trabalho do VII SEF - VII Semin\u00e1rio Internacional de Estudos Fronteiri\u00e7os<\/title>\n<meta name=\"robots\" content=\"index, follow, max-snippet:-1, max-image-preview:large, max-video-preview:-1\" \/>\n<link rel=\"canonical\" href=\"https:\/\/sef-cpan.ufms.br\/vii\/grupos-de-trabalho-do-vii-sef\/\" \/>\n<meta property=\"og:locale\" content=\"pt_BR\" \/>\n<meta property=\"og:type\" content=\"article\" \/>\n<meta property=\"og:title\" content=\"Grupos de Trabalho do VII SEF - VII Semin\u00e1rio Internacional de Estudos Fronteiri\u00e7os\" \/>\n<meta property=\"og:description\" content=\"AVISO: Tivemos que alterar os dias de realiza\u00e7\u00e3o do GT3 para 8 e 9\/10 em fun\u00e7\u00e3o da disponibilidade dos coordenadores. Os trabalhos completos foram agrupados em grupos de trabalhos de acordo com os eixos tem\u00e1ticos propostosRead More...\" \/>\n<meta property=\"og:url\" content=\"https:\/\/sef-cpan.ufms.br\/vii\/grupos-de-trabalho-do-vii-sef\/\" \/>\n<meta property=\"og:site_name\" content=\"VII Semin\u00e1rio Internacional de Estudos Fronteiri\u00e7os\" \/>\n<meta property=\"article:published_time\" content=\"2019-10-02T23:06:33+00:00\" \/>\n<meta property=\"article:modified_time\" content=\"2019-10-06T13:05:52+00:00\" \/>\n<meta name=\"author\" content=\"edgar\" \/>\n<meta name=\"twitter:card\" content=\"summary_large_image\" \/>\n<meta name=\"twitter:label1\" content=\"Escrito por\" \/>\n\t<meta name=\"twitter:data1\" content=\"edgar\" \/>\n\t<meta name=\"twitter:label2\" content=\"Est. tempo de leitura\" \/>\n\t<meta name=\"twitter:data2\" content=\"15 minutos\" \/>\n<script type=\"application\/ld+json\" class=\"yoast-schema-graph\">{\"@context\":\"https:\/\/schema.org\",\"@graph\":[{\"@type\":\"WebPage\",\"@id\":\"https:\/\/sef-cpan.ufms.br\/vii\/grupos-de-trabalho-do-vii-sef\/\",\"url\":\"https:\/\/sef-cpan.ufms.br\/vii\/grupos-de-trabalho-do-vii-sef\/\",\"name\":\"Grupos de Trabalho do VII SEF - VII Semin\u00e1rio Internacional de Estudos Fronteiri\u00e7os\",\"isPartOf\":{\"@id\":\"https:\/\/sef-cpan.ufms.br\/vii\/#website\"},\"datePublished\":\"2019-10-02T23:06:33+00:00\",\"dateModified\":\"2019-10-06T13:05:52+00:00\",\"author\":{\"@id\":\"https:\/\/sef-cpan.ufms.br\/vii\/#\/schema\/person\/7db94e0ce7a5573e04d47c6e5dad2ce0\"},\"breadcrumb\":{\"@id\":\"https:\/\/sef-cpan.ufms.br\/vii\/grupos-de-trabalho-do-vii-sef\/#breadcrumb\"},\"inLanguage\":\"pt-BR\",\"potentialAction\":[{\"@type\":\"ReadAction\",\"target\":[\"https:\/\/sef-cpan.ufms.br\/vii\/grupos-de-trabalho-do-vii-sef\/\"]}]},{\"@type\":\"BreadcrumbList\",\"@id\":\"https:\/\/sef-cpan.ufms.br\/vii\/grupos-de-trabalho-do-vii-sef\/#breadcrumb\",\"itemListElement\":[{\"@type\":\"ListItem\",\"position\":1,\"name\":\"In\u00edcio\",\"item\":\"https:\/\/sef-cpan.ufms.br\/vii\/\"},{\"@type\":\"ListItem\",\"position\":2,\"name\":\"Grupos de Trabalho do VII SEF\"}]},{\"@type\":\"WebSite\",\"@id\":\"https:\/\/sef-cpan.ufms.br\/vii\/#website\",\"url\":\"https:\/\/sef-cpan.ufms.br\/vii\/\",\"name\":\"VII Semin\u00e1rio Internacional de Estudos Fronteiri\u00e7os\",\"description\":\"Funda\u00e7\u00e3o Universidade Federal de Mato Grosso do Sul - C\u00e2mpus do Pantanal\",\"potentialAction\":[{\"@type\":\"SearchAction\",\"target\":{\"@type\":\"EntryPoint\",\"urlTemplate\":\"https:\/\/sef-cpan.ufms.br\/vii\/?s={search_term_string}\"},\"query-input\":\"required name=search_term_string\"}],\"inLanguage\":\"pt-BR\"},{\"@type\":\"Person\",\"@id\":\"https:\/\/sef-cpan.ufms.br\/vii\/#\/schema\/person\/7db94e0ce7a5573e04d47c6e5dad2ce0\",\"name\":\"edgar\",\"image\":{\"@type\":\"ImageObject\",\"inLanguage\":\"pt-BR\",\"@id\":\"https:\/\/sef-cpan.ufms.br\/vii\/#\/schema\/person\/image\/\",\"url\":\"https:\/\/secure.gravatar.com\/avatar\/a80fa43b2cc43d0b3e64153798c20848?s=96&d=mm&r=g\",\"contentUrl\":\"https:\/\/secure.gravatar.com\/avatar\/a80fa43b2cc43d0b3e64153798c20848?s=96&d=mm&r=g\",\"caption\":\"edgar\"},\"url\":\"https:\/\/sef-cpan.ufms.br\/vii\/author\/edgar\/\"}]}<\/script>\n<!-- \/ Yoast SEO plugin. -->","yoast_head_json":{"title":"Grupos de Trabalho do VII SEF - VII Semin\u00e1rio Internacional de Estudos Fronteiri\u00e7os","robots":{"index":"index","follow":"follow","max-snippet":"max-snippet:-1","max-image-preview":"max-image-preview:large","max-video-preview":"max-video-preview:-1"},"canonical":"https:\/\/sef-cpan.ufms.br\/vii\/grupos-de-trabalho-do-vii-sef\/","og_locale":"pt_BR","og_type":"article","og_title":"Grupos de Trabalho do VII SEF - VII Semin\u00e1rio Internacional de Estudos Fronteiri\u00e7os","og_description":"AVISO: Tivemos que alterar os dias de realiza\u00e7\u00e3o do GT3 para 8 e 9\/10 em fun\u00e7\u00e3o da disponibilidade dos coordenadores. Os trabalhos completos foram agrupados em grupos de trabalhos de acordo com os eixos tem\u00e1ticos propostosRead More...","og_url":"https:\/\/sef-cpan.ufms.br\/vii\/grupos-de-trabalho-do-vii-sef\/","og_site_name":"VII Semin\u00e1rio Internacional de Estudos Fronteiri\u00e7os","article_published_time":"2019-10-02T23:06:33+00:00","article_modified_time":"2019-10-06T13:05:52+00:00","author":"edgar","twitter_card":"summary_large_image","twitter_misc":{"Escrito por":"edgar","Est. tempo de leitura":"15 minutos"},"schema":{"@context":"https:\/\/schema.org","@graph":[{"@type":"WebPage","@id":"https:\/\/sef-cpan.ufms.br\/vii\/grupos-de-trabalho-do-vii-sef\/","url":"https:\/\/sef-cpan.ufms.br\/vii\/grupos-de-trabalho-do-vii-sef\/","name":"Grupos de Trabalho do VII SEF - VII Semin\u00e1rio Internacional de Estudos Fronteiri\u00e7os","isPartOf":{"@id":"https:\/\/sef-cpan.ufms.br\/vii\/#website"},"datePublished":"2019-10-02T23:06:33+00:00","dateModified":"2019-10-06T13:05:52+00:00","author":{"@id":"https:\/\/sef-cpan.ufms.br\/vii\/#\/schema\/person\/7db94e0ce7a5573e04d47c6e5dad2ce0"},"breadcrumb":{"@id":"https:\/\/sef-cpan.ufms.br\/vii\/grupos-de-trabalho-do-vii-sef\/#breadcrumb"},"inLanguage":"pt-BR","potentialAction":[{"@type":"ReadAction","target":["https:\/\/sef-cpan.ufms.br\/vii\/grupos-de-trabalho-do-vii-sef\/"]}]},{"@type":"BreadcrumbList","@id":"https:\/\/sef-cpan.ufms.br\/vii\/grupos-de-trabalho-do-vii-sef\/#breadcrumb","itemListElement":[{"@type":"ListItem","position":1,"name":"In\u00edcio","item":"https:\/\/sef-cpan.ufms.br\/vii\/"},{"@type":"ListItem","position":2,"name":"Grupos de Trabalho do VII SEF"}]},{"@type":"WebSite","@id":"https:\/\/sef-cpan.ufms.br\/vii\/#website","url":"https:\/\/sef-cpan.ufms.br\/vii\/","name":"VII Semin\u00e1rio Internacional de Estudos Fronteiri\u00e7os","description":"Funda\u00e7\u00e3o Universidade Federal de Mato Grosso do Sul - C\u00e2mpus do Pantanal","potentialAction":[{"@type":"SearchAction","target":{"@type":"EntryPoint","urlTemplate":"https:\/\/sef-cpan.ufms.br\/vii\/?s={search_term_string}"},"query-input":"required name=search_term_string"}],"inLanguage":"pt-BR"},{"@type":"Person","@id":"https:\/\/sef-cpan.ufms.br\/vii\/#\/schema\/person\/7db94e0ce7a5573e04d47c6e5dad2ce0","name":"edgar","image":{"@type":"ImageObject","inLanguage":"pt-BR","@id":"https:\/\/sef-cpan.ufms.br\/vii\/#\/schema\/person\/image\/","url":"https:\/\/secure.gravatar.com\/avatar\/a80fa43b2cc43d0b3e64153798c20848?s=96&d=mm&r=g","contentUrl":"https:\/\/secure.gravatar.com\/avatar\/a80fa43b2cc43d0b3e64153798c20848?s=96&d=mm&r=g","caption":"edgar"},"url":"https:\/\/sef-cpan.ufms.br\/vii\/author\/edgar\/"}]}},"_links":{"self":[{"href":"https:\/\/sef-cpan.ufms.br\/vii\/wp-json\/wp\/v2\/posts\/419"}],"collection":[{"href":"https:\/\/sef-cpan.ufms.br\/vii\/wp-json\/wp\/v2\/posts"}],"about":[{"href":"https:\/\/sef-cpan.ufms.br\/vii\/wp-json\/wp\/v2\/types\/post"}],"author":[{"embeddable":true,"href":"https:\/\/sef-cpan.ufms.br\/vii\/wp-json\/wp\/v2\/users\/2"}],"replies":[{"embeddable":true,"href":"https:\/\/sef-cpan.ufms.br\/vii\/wp-json\/wp\/v2\/comments?post=419"}],"version-history":[{"count":10,"href":"https:\/\/sef-cpan.ufms.br\/vii\/wp-json\/wp\/v2\/posts\/419\/revisions"}],"predecessor-version":[{"id":440,"href":"https:\/\/sef-cpan.ufms.br\/vii\/wp-json\/wp\/v2\/posts\/419\/revisions\/440"}],"wp:attachment":[{"href":"https:\/\/sef-cpan.ufms.br\/vii\/wp-json\/wp\/v2\/media?parent=419"}],"wp:term":[{"taxonomy":"category","embeddable":true,"href":"https:\/\/sef-cpan.ufms.br\/vii\/wp-json\/wp\/v2\/categories?post=419"},{"taxonomy":"post_tag","embeddable":true,"href":"https:\/\/sef-cpan.ufms.br\/vii\/wp-json\/wp\/v2\/tags?post=419"}],"curies":[{"name":"wp","href":"https:\/\/api.w.org\/{rel}","templated":true}]}}