{"id":417,"date":"2019-10-02T15:55:51","date_gmt":"2019-10-02T18:55:51","guid":{"rendered":"http:\/\/sef.ufms.br\/vii\/?p=417"},"modified":"2019-10-02T15:55:53","modified_gmt":"2019-10-02T18:55:53","slug":"sessoes-de-posteres","status":"publish","type":"post","link":"https:\/\/sef-cpan.ufms.br\/vii\/sessoes-de-posteres\/","title":{"rendered":"Sess\u00f5es de P\u00f4steres"},"content":{"rendered":"\n<p><strong>Orienta\u00e7\u00f5es gerais:<\/strong><\/p>\n\n\n\n<p>1 \u2013 Os p\u00f4steres dever\u00e3o ser afixados pelos autores no hall da Unidade II (R. Pocon\u00e9 &#8211; Universit\u00e1rio, Corumb\u00e1 &#8211; MS) na parte da manh\u00e3 (entre 9:00 e 12:00) no dia da sess\u00e3o.<br>2 \u2013 Os autores dever\u00e3o comparecer no hall da Unidade II entre 15:00 e 17:00 horas no dia da sess\u00e3o para explicar os seus trabalhos aos interessados.<br>3 \u2013 Os trabalhos ser\u00e3o avaliados por uma comiss\u00e3o de avalia\u00e7\u00e3o neste hor\u00e1rio.<br>4 \u2013 Os autores receber\u00e3o um certificado pela apresenta\u00e7\u00e3o de seus trabalhos.<br>5 \u2013 Os p\u00f4steres dever\u00e3o ser recolhidos no mesmo dia pelos autores (entre 17:00 e 18:00 horas).<\/p>\n\n\n\n<p><strong>Orientaciones generales:<\/strong><\/p>\n\n\n\n<p>1 &#8211; Los autores deben publicar los carteles en la sala de la Unidade II (R. Pocon\u00e9 &#8211; Universit\u00e1rio, Corumb\u00e1 &#8211; MS) por la ma\u00f1ana (entre las 9:00 y las 12:00) del d\u00eda de la sesi\u00f3n.<br>2 &#8211; Los autores deben asistir a la Unidade II entre las 15:00 y las 17:00 horas en el d\u00eda de la sesi\u00f3n para explicar su trabajo a los interesados.<br>3 &#8211; Los trabajos ser\u00e1n evaluados por un comit\u00e9 de evaluaci\u00f3n en este momento.<br>4 &#8211; Los autores recibir\u00e1n un certificado por la presentaci\u00f3n de su trabajo.<br>5 &#8211; Los autores deben recoger los carteles el mismo d\u00eda de la sesi\u00f3n (entre las 17:00 y las 18:00 horas).<\/p>\n\n\n\n<p><strong>SESS\u00c3O DE P\u00d4STERES 1: DIA 07\/10\/2019<\/strong><br><strong>EIXO 1 &#8211;   ASPECTOS IDENTIT\u00c1RIOS E DISCURSIVOS NAS FRONTEIRAS<\/strong>    <\/p>\n\n\n\n<table class=\"wp-block-table\"><tbody><tr><td>\n  A\n  percep\u00e7\u00e3o da rela\u00e7\u00e3o entre educa\u00e7\u00e3o e pr\u00e1ticas sociais nos povos ribeirinhos\n  do vale do Guapor\u00e9 no per\u00edodo de 1932 a 1996: uma an\u00e1lise a partir das\n  pol\u00edticas educacionais brasileiras.\n  <\/td><td>\n  Carlos\n  Alberto Bosqu\u00ea Jr., Alane da Silva Gomes e Ingrid Silva Nobre\n  <\/td><\/tr><tr><td>\n  A\n  representa\u00e7\u00e3o do forte pr\u00edncipe da beira na vida das crian\u00e7as da comunidade\n  fronteiri\u00e7a de Costa Marques \u2013 RO\/BR\n  <\/td><td>\n  Helen Cristina Dorado, Edvania\n  Rodrigues Quint\u00e3o e Maricarla Brito Moreno\n  <\/td><\/tr><tr><td>\n  An\u00e1lises\n  sobre a educa\u00e7\u00e3o de tempo integral em escolas p\u00fablicas com diferentes\n  contextos da cidade fronteiri\u00e7a de Corumb\u00e1-MS\n  <\/td><td>\n  Ana\n  Maria dos Santos Silva, Josiane Aparecida da Silva Xavier de Moura e Carlo\n  Henrique Golin\n  <\/td><\/tr><tr><td>\n  Di\u00e1logo\n  na fronteira: a leitura como pr\u00e1tica de intera\u00e7\u00e3o entre alunos brasileiros e\n  bolivianos\n  <\/td><td>\n  Jucilene Gon\u00e7alves de Oliveira, Joana\n  do Nascimento da Silva Melo e Maricarla Brito Moreno\n  <\/td><\/tr><tr><td>\n  Di\u00e1logos\n  interculturais na educa\u00e7\u00e3o do campo em regi\u00f5es de fronteiras: reflex\u00f5es\n  iniciais\n  <\/td><td>\n  Luis\n  Manoel Bezerra\n  <\/td><\/tr><tr><td>\n  Educa\u00e7\u00e3o,\n  qualifica\u00e7\u00e3o e (re) inser\u00e7\u00e3o profissional: o caso dos catraieiros do Rio\n  Oiapoque\n  <\/td><td>\n  Dilcina Loureiro de Oliveira\n  <\/td><\/tr><tr><td>\n  Esporte\n  escolar (extracurricular) e a integra\u00e7\u00e3o fronteiri\u00e7a (Brasil-Bol\u00edvia) nas\n  escolas municipais de Corumb\u00e1-MS\n  <\/td><td>\n  Gilson\n  Pacola e Carlo Henrique Golin\n  <\/td><\/tr><tr><td>\n  Festa do\n  Divino: fator de identidade cultural na comunidade quilombola de Laranjeiras\n  <\/td><td>\n  D\u00e9cio Keher Marques, Ana Alice\n  Siqueira e Isabella da Silva Pal\u00e1cio\n  <\/td><\/tr><tr><td>\n  Formas\n  de relacionamientos social, educativo, cultural en las fronteras del norte\n  amaz\u00f3nico Bol\u00edvia-Brasil\n  <\/td><td>\n  Marcia Mercado Ortiz, Norah Nagayama Gonzalez y Eva Rodriguez\n  Salvatierra\n  <\/td><\/tr><tr><td>\n  Fortaleciendo la expresi\u00f3n oral y escrita mediante las tres palabras\n  de revistas o peri\u00f3dicos\n  <\/td><td>\n  Ylvia Ayaviri Mamani\n  <\/td><\/tr><tr><td>\n  Gloss\u00e1rio\n  virtual da m\u00fasica de Mato Grosso do Sul\n  <\/td><td>\n  Geovano\n  Moreira Chaves, Giovanna Beatriz Bulc\u00e3o Michelon e Lorraine de Freitas\n  Rodrigues\n  <\/td><\/tr><tr><td>\n  Lutas no\n  processo de forma\u00e7\u00e3o humana e social na fronteira.\n  <\/td><td>\n  Luiz Frederico Pinto e Lidiane de\n  Brito Curto\n  <\/td><\/tr><tr><td>\n  Migra\u00e7\u00e3o\n  FM\/AM para r\u00e1dio Web nas regi\u00f5es pantaneiras: como fica?\n  <\/td><td>\n  Raphael\n  Vilalva de Queiroz, Anny Aparecida das Neves Silva e Dirce Sizuko Soken\n  <\/td><\/tr><tr><td>\n  O\n  curr\u00edculo intercultural e a luta pelo direito \u00e0 diversidade: desafios da\n  escolariza\u00e7\u00e3o.\n  <\/td><td>\n  D\u00e9cio Keher Marques, Isabella da\n  Silva Pal\u00e1cio e Victor Alan Rocha de Olveira\n  <\/td><\/tr><\/tbody><\/table>\n\n\n\n<p><strong>SESS\u00c3O 2: DIA 08\/10\/2019<\/strong><br><\/p>\n\n\n\n<p><strong>EIXO 2 &#8211;   MOVIMENTOS DE POPULA\u00c7\u00c3O HOJE E NO PASSADO<\/strong> <\/p>\n\n\n\n<table class=\"wp-block-table\"><tbody><tr><td>\n  A festa\n  do Torito: narrativas, mem\u00f3rias e cultura popular na fronteira Brasil-Bol\u00edvia\n  <\/td><td>\n  Ester\n  Chao Ojopi Simo e Auxiliadora dos Santos Pinto\n  <\/td><\/tr><tr><td>\n  Imigrantes\n  indocumentados fronteira Brasil x Bol\u00edvia.\n  <\/td><td>\n  Lidiane de Brito Curto, Antonio Jos\u00e9\n  de Jesus Junior e Tchoia Fina Gardenal\n  <\/td><\/tr><tr><td>\n  Mem\u00f3rias,\n  narrativas e representa\u00e7\u00f5es de imigrantes bolivianos na cidade de\n  Guajar\u00e1-Mirim\/RO, na fronteira Brasil\/Bol\u00edvia\n  <\/td><td>\n  M\u00e1rio\n  Ruilova G\u00f3ngora e Elizete Santos Tirina\n  <\/td><\/tr><\/tbody><\/table>\n\n\n\n<p><strong>EIXO 3 &#8211;   TERRIT\u00d3RIOS E TERRITORIALIDADES NAS FRONTEIRAS<\/strong><\/p>\n\n\n\n<table class=\"wp-block-table\"><tbody><tr><td>\n  A\n  contribui\u00e7\u00e3o jur\u00eddica da Marinha do Brasil no desenvolvimento econ\u00f4mico,\n  social e prote\u00e7\u00e3o ambiental na regi\u00e3o dos munic\u00edpios de Corumb\u00e1 e Lad\u00e1rio-MS\n  <\/td><td>\n  Antonio\n  Jos\u00e9 de Jesus Junior e Lidiane de Brito Curto\n  <\/td><\/tr><tr><td>\n  Diagn\u00f3stico\n  de clima organizacional em transportadora na fronteira Brasil-Bol\u00edvia\n  <\/td><td>\n  Paulo Fernandes Gomes e Fernando\n  Thiago\n  <\/td><\/tr><tr><td>\n  Din\u00e2micas\n  territoriais e espa\u00e7os fronteiri\u00e7os: produ\u00e7\u00e3o do espa\u00e7o, globaliza\u00e7\u00e3o e\n  urbaniza\u00e7\u00e3o\n  <\/td><td>\n  Juliana\n  Luquez, Fernanda Marques e Valdin\u00e9ia de Aguiar\n  <\/td><\/tr><tr><td>\n  Ensino\n  de geografia e mapas: uma proposta para a bacia do rio Oiapoque\n  <\/td><td>\n  Rilton Jose Vieira Pereira\n  <\/td><\/tr><tr><td>\n  Mecanismos\n  para a contribui\u00e7\u00e3o te\u00f3rica nas pol\u00edticas de securitiza\u00e7\u00e3o na fronteira\n  Brasil-Fran\u00e7a.\n  <\/td><td>\n  Gabriela\n  da Silva Cavalcante e J\u00e9ssica Mayara Lima Ramires\n  <\/td><\/tr><tr><td>\n  O Plano\n  de Mobilidade Urbana de Corumb\u00e1 e a efetividade do direito de locomo\u00e7\u00e3o dos\n  ciclistas.\n  <\/td><td>\n  Rafael Rocha S\u00e1 e Elisa Pinheiro de\n  Freitas\n  <\/td><\/tr><tr><td>\n  O uso do\n  mapa mental no processo de ensino-aprendizagem nos anos finais do ensino\n  fundamental da disciplina de geografia\n  <\/td><td>\n  Aldineia\n  Nunes de Abreu\n  <\/td><\/tr><tr><td>\n  Territ\u00f3rio,\n  drogas e fronteira: express\u00f5es para o trabalho dos CRAS em munic\u00edpios de\n  fronteira com Uruguai.\n  <\/td><td>\n  Alene Silva da Rosa\n  <\/td><\/tr><\/tbody><\/table>\n\n\n\n<p><strong>SESS\u00c3O 3: DIA 09\/10\/2019<\/strong><\/p>\n\n\n\n<p><strong>EIXO 4 &#8211;   LIMITES ESTRAT\u00c9GICOS NAS FRONTEIRAS<\/strong><\/p>\n\n\n\n<table class=\"wp-block-table\"><tbody><tr><td>Espa\u00e7o e   suas fronteiras: o cibern\u00e9tico enquanto categoria de an\u00e1lise geogr\u00e1fica    <\/td><td>\n  Thom\u00e1s\n  Nery da Silva Teixeira e Adriana Dorfman\n  <\/td><\/tr><tr><td>Fronteira   Amap\u00e1-Guiana Francesa: \u201cponte e porta\u201d fronteiri\u00e7a na Amaz\u00f4nia.    <\/td><td>\n  Wendell Rodrigues Martel\n  <\/td><\/tr><tr><td>Reflex\u00f5es   sobre os princ\u00edpios da lei 13.022\/14 no \u00e2mbito de atua\u00e7\u00e3o das guardas   municipais na seguran\u00e7a p\u00fablica   <\/td><td>\n  Alex\n  Roberto Oliveira de Andrade, Caio Dalbert Cunha de Avellar e Lidiane de Brito\n  Curto\n  <\/td><\/tr><\/tbody><\/table>\n\n\n\n<p><strong>EIXO 5 &#8211;   A NATUREZA E SEUS USOS NAS FRONTEIRAS<\/strong><\/p>\n\n\n\n<table class=\"wp-block-table\"><tbody><tr><td>As boas   pr\u00e1ticas de governan\u00e7a ambiental no Pantanal Sul-Matogrossense: medidas para   uso de recursos h\u00eddricos.   <\/td><td>\n  Luana\n  Saldivar Barbosa Almeida e Dirce Sizuko Soken\n  <\/td><\/tr><tr><td>Gest\u00e3o   sustent\u00e1vel no aproveitamento de res\u00edduos s\u00f3lidos do pescado na escola   t\u00e9cnica de pesca do Amap\u00e1   <\/td><td>\n  Luciele Socorro Simoa\n  <\/td><\/tr><tr><td>O Ensino   de Qu\u00edmica em um ambiente Fronteiri\u00e7o: da teoria \u00e0 pr\u00e1tica   <\/td><td>\n  Elcimar\n  de Sousa Barros\n  <\/td><\/tr><tr><td> Problemas   ambientais transfronteiri\u00e7os \u2013 uma an\u00e1lise da fronteira entre Brasil e Guiana   Francesa    <\/td><td>\n  J\u00e9ssica Mayara Lima Ramires\n  <\/td><\/tr><tr><td>Proposta   de educa\u00e7\u00e3o ambiental para alunos de geografia por meio do diagn\u00f3stico da   gest\u00e3o dos res\u00edduos s\u00f3lidos na fronteira Brasil-Guiana Francesa   <\/td><td>\n  Regina\n  Marcia da Silva Campos Gon\u00e7alves\n  <\/td><\/tr><\/tbody><\/table>\n","protected":false},"excerpt":{"rendered":"<p>Orienta\u00e7\u00f5es gerais: 1 \u2013 Os p\u00f4steres dever\u00e3o ser afixados pelos autores no hall da Unidade II (R. Pocon\u00e9 &#8211; Universit\u00e1rio, Corumb\u00e1 &#8211; MS) na parte da manh\u00e3 (entre 9:00 e 12:00) no dia da sess\u00e3o.2 \u2013<a class=\"moretag\" href=\"https:\/\/sef-cpan.ufms.br\/vii\/sessoes-de-posteres\/\">Read More&#8230;<\/a><\/p>\n","protected":false},"author":2,"featured_media":0,"comment_status":"closed","ping_status":"closed","sticky":false,"template":"","format":"standard","meta":{"footnotes":""},"categories":[9],"tags":[],"yoast_head":"<!-- This site is optimized with the Yoast SEO plugin v23.1 - https:\/\/yoast.com\/wordpress\/plugins\/seo\/ -->\n<title>Sess\u00f5es de P\u00f4steres - VII Semin\u00e1rio Internacional de Estudos Fronteiri\u00e7os<\/title>\n<meta name=\"robots\" content=\"index, follow, max-snippet:-1, max-image-preview:large, max-video-preview:-1\" \/>\n<link rel=\"canonical\" href=\"https:\/\/sef-cpan.ufms.br\/vii\/sessoes-de-posteres\/\" \/>\n<meta property=\"og:locale\" content=\"pt_BR\" \/>\n<meta property=\"og:type\" content=\"article\" \/>\n<meta property=\"og:title\" content=\"Sess\u00f5es de P\u00f4steres - VII Semin\u00e1rio Internacional de Estudos Fronteiri\u00e7os\" \/>\n<meta property=\"og:description\" content=\"Orienta\u00e7\u00f5es gerais: 1 \u2013 Os p\u00f4steres dever\u00e3o ser afixados pelos autores no hall da Unidade II (R. Pocon\u00e9 &#8211; Universit\u00e1rio, Corumb\u00e1 &#8211; MS) na parte da manh\u00e3 (entre 9:00 e 12:00) no dia da sess\u00e3o.2 \u2013Read More...\" \/>\n<meta property=\"og:url\" content=\"https:\/\/sef-cpan.ufms.br\/vii\/sessoes-de-posteres\/\" \/>\n<meta property=\"og:site_name\" content=\"VII Semin\u00e1rio Internacional de Estudos Fronteiri\u00e7os\" \/>\n<meta property=\"article:published_time\" content=\"2019-10-02T18:55:51+00:00\" \/>\n<meta property=\"article:modified_time\" content=\"2019-10-02T18:55:53+00:00\" \/>\n<meta name=\"author\" content=\"edgar\" \/>\n<meta name=\"twitter:card\" content=\"summary_large_image\" \/>\n<meta name=\"twitter:label1\" content=\"Escrito por\" \/>\n\t<meta name=\"twitter:data1\" content=\"edgar\" \/>\n\t<meta name=\"twitter:label2\" content=\"Est. tempo de leitura\" \/>\n\t<meta name=\"twitter:data2\" content=\"6 minutos\" \/>\n<script type=\"application\/ld+json\" class=\"yoast-schema-graph\">{\"@context\":\"https:\/\/schema.org\",\"@graph\":[{\"@type\":\"WebPage\",\"@id\":\"https:\/\/sef-cpan.ufms.br\/vii\/sessoes-de-posteres\/\",\"url\":\"https:\/\/sef-cpan.ufms.br\/vii\/sessoes-de-posteres\/\",\"name\":\"Sess\u00f5es de P\u00f4steres - VII Semin\u00e1rio Internacional de Estudos Fronteiri\u00e7os\",\"isPartOf\":{\"@id\":\"https:\/\/sef-cpan.ufms.br\/vii\/#website\"},\"datePublished\":\"2019-10-02T18:55:51+00:00\",\"dateModified\":\"2019-10-02T18:55:53+00:00\",\"author\":{\"@id\":\"https:\/\/sef-cpan.ufms.br\/vii\/#\/schema\/person\/7db94e0ce7a5573e04d47c6e5dad2ce0\"},\"breadcrumb\":{\"@id\":\"https:\/\/sef-cpan.ufms.br\/vii\/sessoes-de-posteres\/#breadcrumb\"},\"inLanguage\":\"pt-BR\",\"potentialAction\":[{\"@type\":\"ReadAction\",\"target\":[\"https:\/\/sef-cpan.ufms.br\/vii\/sessoes-de-posteres\/\"]}]},{\"@type\":\"BreadcrumbList\",\"@id\":\"https:\/\/sef-cpan.ufms.br\/vii\/sessoes-de-posteres\/#breadcrumb\",\"itemListElement\":[{\"@type\":\"ListItem\",\"position\":1,\"name\":\"In\u00edcio\",\"item\":\"https:\/\/sef-cpan.ufms.br\/vii\/\"},{\"@type\":\"ListItem\",\"position\":2,\"name\":\"Sess\u00f5es de P\u00f4steres\"}]},{\"@type\":\"WebSite\",\"@id\":\"https:\/\/sef-cpan.ufms.br\/vii\/#website\",\"url\":\"https:\/\/sef-cpan.ufms.br\/vii\/\",\"name\":\"VII Semin\u00e1rio Internacional de Estudos Fronteiri\u00e7os\",\"description\":\"Funda\u00e7\u00e3o Universidade Federal de Mato Grosso do Sul - C\u00e2mpus do Pantanal\",\"potentialAction\":[{\"@type\":\"SearchAction\",\"target\":{\"@type\":\"EntryPoint\",\"urlTemplate\":\"https:\/\/sef-cpan.ufms.br\/vii\/?s={search_term_string}\"},\"query-input\":\"required name=search_term_string\"}],\"inLanguage\":\"pt-BR\"},{\"@type\":\"Person\",\"@id\":\"https:\/\/sef-cpan.ufms.br\/vii\/#\/schema\/person\/7db94e0ce7a5573e04d47c6e5dad2ce0\",\"name\":\"edgar\",\"image\":{\"@type\":\"ImageObject\",\"inLanguage\":\"pt-BR\",\"@id\":\"https:\/\/sef-cpan.ufms.br\/vii\/#\/schema\/person\/image\/\",\"url\":\"https:\/\/secure.gravatar.com\/avatar\/a80fa43b2cc43d0b3e64153798c20848?s=96&d=mm&r=g\",\"contentUrl\":\"https:\/\/secure.gravatar.com\/avatar\/a80fa43b2cc43d0b3e64153798c20848?s=96&d=mm&r=g\",\"caption\":\"edgar\"},\"url\":\"https:\/\/sef-cpan.ufms.br\/vii\/author\/edgar\/\"}]}<\/script>\n<!-- \/ Yoast SEO plugin. -->","yoast_head_json":{"title":"Sess\u00f5es de P\u00f4steres - VII Semin\u00e1rio Internacional de Estudos Fronteiri\u00e7os","robots":{"index":"index","follow":"follow","max-snippet":"max-snippet:-1","max-image-preview":"max-image-preview:large","max-video-preview":"max-video-preview:-1"},"canonical":"https:\/\/sef-cpan.ufms.br\/vii\/sessoes-de-posteres\/","og_locale":"pt_BR","og_type":"article","og_title":"Sess\u00f5es de P\u00f4steres - VII Semin\u00e1rio Internacional de Estudos Fronteiri\u00e7os","og_description":"Orienta\u00e7\u00f5es gerais: 1 \u2013 Os p\u00f4steres dever\u00e3o ser afixados pelos autores no hall da Unidade II (R. Pocon\u00e9 &#8211; Universit\u00e1rio, Corumb\u00e1 &#8211; MS) na parte da manh\u00e3 (entre 9:00 e 12:00) no dia da sess\u00e3o.2 \u2013Read More...","og_url":"https:\/\/sef-cpan.ufms.br\/vii\/sessoes-de-posteres\/","og_site_name":"VII Semin\u00e1rio Internacional de Estudos Fronteiri\u00e7os","article_published_time":"2019-10-02T18:55:51+00:00","article_modified_time":"2019-10-02T18:55:53+00:00","author":"edgar","twitter_card":"summary_large_image","twitter_misc":{"Escrito por":"edgar","Est. tempo de leitura":"6 minutos"},"schema":{"@context":"https:\/\/schema.org","@graph":[{"@type":"WebPage","@id":"https:\/\/sef-cpan.ufms.br\/vii\/sessoes-de-posteres\/","url":"https:\/\/sef-cpan.ufms.br\/vii\/sessoes-de-posteres\/","name":"Sess\u00f5es de P\u00f4steres - VII Semin\u00e1rio Internacional de Estudos Fronteiri\u00e7os","isPartOf":{"@id":"https:\/\/sef-cpan.ufms.br\/vii\/#website"},"datePublished":"2019-10-02T18:55:51+00:00","dateModified":"2019-10-02T18:55:53+00:00","author":{"@id":"https:\/\/sef-cpan.ufms.br\/vii\/#\/schema\/person\/7db94e0ce7a5573e04d47c6e5dad2ce0"},"breadcrumb":{"@id":"https:\/\/sef-cpan.ufms.br\/vii\/sessoes-de-posteres\/#breadcrumb"},"inLanguage":"pt-BR","potentialAction":[{"@type":"ReadAction","target":["https:\/\/sef-cpan.ufms.br\/vii\/sessoes-de-posteres\/"]}]},{"@type":"BreadcrumbList","@id":"https:\/\/sef-cpan.ufms.br\/vii\/sessoes-de-posteres\/#breadcrumb","itemListElement":[{"@type":"ListItem","position":1,"name":"In\u00edcio","item":"https:\/\/sef-cpan.ufms.br\/vii\/"},{"@type":"ListItem","position":2,"name":"Sess\u00f5es de P\u00f4steres"}]},{"@type":"WebSite","@id":"https:\/\/sef-cpan.ufms.br\/vii\/#website","url":"https:\/\/sef-cpan.ufms.br\/vii\/","name":"VII Semin\u00e1rio Internacional de Estudos Fronteiri\u00e7os","description":"Funda\u00e7\u00e3o Universidade Federal de Mato Grosso do Sul - C\u00e2mpus do Pantanal","potentialAction":[{"@type":"SearchAction","target":{"@type":"EntryPoint","urlTemplate":"https:\/\/sef-cpan.ufms.br\/vii\/?s={search_term_string}"},"query-input":"required name=search_term_string"}],"inLanguage":"pt-BR"},{"@type":"Person","@id":"https:\/\/sef-cpan.ufms.br\/vii\/#\/schema\/person\/7db94e0ce7a5573e04d47c6e5dad2ce0","name":"edgar","image":{"@type":"ImageObject","inLanguage":"pt-BR","@id":"https:\/\/sef-cpan.ufms.br\/vii\/#\/schema\/person\/image\/","url":"https:\/\/secure.gravatar.com\/avatar\/a80fa43b2cc43d0b3e64153798c20848?s=96&d=mm&r=g","contentUrl":"https:\/\/secure.gravatar.com\/avatar\/a80fa43b2cc43d0b3e64153798c20848?s=96&d=mm&r=g","caption":"edgar"},"url":"https:\/\/sef-cpan.ufms.br\/vii\/author\/edgar\/"}]}},"_links":{"self":[{"href":"https:\/\/sef-cpan.ufms.br\/vii\/wp-json\/wp\/v2\/posts\/417"}],"collection":[{"href":"https:\/\/sef-cpan.ufms.br\/vii\/wp-json\/wp\/v2\/posts"}],"about":[{"href":"https:\/\/sef-cpan.ufms.br\/vii\/wp-json\/wp\/v2\/types\/post"}],"author":[{"embeddable":true,"href":"https:\/\/sef-cpan.ufms.br\/vii\/wp-json\/wp\/v2\/users\/2"}],"replies":[{"embeddable":true,"href":"https:\/\/sef-cpan.ufms.br\/vii\/wp-json\/wp\/v2\/comments?post=417"}],"version-history":[{"count":1,"href":"https:\/\/sef-cpan.ufms.br\/vii\/wp-json\/wp\/v2\/posts\/417\/revisions"}],"predecessor-version":[{"id":418,"href":"https:\/\/sef-cpan.ufms.br\/vii\/wp-json\/wp\/v2\/posts\/417\/revisions\/418"}],"wp:attachment":[{"href":"https:\/\/sef-cpan.ufms.br\/vii\/wp-json\/wp\/v2\/media?parent=417"}],"wp:term":[{"taxonomy":"category","embeddable":true,"href":"https:\/\/sef-cpan.ufms.br\/vii\/wp-json\/wp\/v2\/categories?post=417"},{"taxonomy":"post_tag","embeddable":true,"href":"https:\/\/sef-cpan.ufms.br\/vii\/wp-json\/wp\/v2\/tags?post=417"}],"curies":[{"name":"wp","href":"https:\/\/api.w.org\/{rel}","templated":true}]}}