{"id":389,"date":"2019-09-21T21:24:05","date_gmt":"2019-09-22T00:24:05","guid":{"rendered":"http:\/\/sef.ufms.br\/vii\/?p=389"},"modified":"2019-09-21T21:24:07","modified_gmt":"2019-09-22T00:24:07","slug":"inscricao-para-a-oficina","status":"publish","type":"post","link":"https:\/\/sef-cpan.ufms.br\/vii\/inscricao-para-a-oficina\/","title":{"rendered":"Inscri\u00e7\u00e3o para a oficina"},"content":{"rendered":"\n<p style=\"text-align:left\"><strong>OFICINA METODOLOGIAS VISUAIS APLICADAS \u00c0 PESQUISA GEOGR\u00c1FICA DAS FRONTEIRAS<\/strong><\/p>\n\n\n\n<p style=\"text-align:left\"> Profa. Leticia Parente Ribeiro (Departamento de Geografia \/ UFRJ)<br> Profa. Rebeca Steiman (Departamento de Geografia \/ UFRJ)<br><br><strong>Objetivos:<\/strong> refletir sobre as fronteiras a partir da produ\u00e7\u00e3o audiovisual; discutir os principais elementos envolvidos na interpreta\u00e7\u00e3o e na produ\u00e7\u00e3o de imagens a partir de uma abordagem geogr\u00e1fica.<br><br>Material de apoio: celulares com c\u00e2meras fotogr\u00e1ficas (com fun\u00e7\u00e3o de filme)<\/p>\n\n\n\n<p> <strong>DIA1 &#8211;  07\/10\/2019 (de 9 \u00e0s 12h)  <\/strong><br> <strong>Apresenta\u00e7\u00e3o da Oficina<\/strong><br> <strong>Fronteiras e imagina\u00e7\u00e3o geogr\u00e1fica<\/strong><br>     Apresenta\u00e7\u00e3o: Fronteiras e an\u00e1lise espacial<br>     Apresenta\u00e7\u00e3o: Fronteiras, iconografia e visualidade<br> <strong>Geografia e pesquisa visual dos lugares<\/strong><br>     Apresenta\u00e7\u00e3o: espa\u00e7o, descri\u00e7\u00e3o e imagens &#8211; uma longa tradi\u00e7\u00e3o<br>     Apresenta\u00e7\u00e3o: elementos gerais da linguagem audiovisual<br>     Propostas de exerc\u00edcio: produ\u00e7\u00e3o de foto-sequ\u00eancias e de planos-sequ\u00eancia<br> <br><strong>DIA 2 \u2013 09\/10\/2019 (de 9h \u00e0s 12 h)<\/strong><br><strong>Produ\u00e7\u00e3o e interpreta\u00e7\u00e3o de imagens<\/strong><br>     Apresenta\u00e7\u00e3o dos exerc\u00edcios (grupos)<br>     Discuss\u00e3o dos exerc\u00edcios<br>     Encerramento<\/p>\n\n\n\n<p><strong>Bibliografia de Apoio<\/strong><br>Gomes, Paulo Cesar da Costa (2017): <em>Quadros Geogr\u00e1ficos: uma forma de ver, uma forma de pensar.<\/em> Rio de Janeiro: Bertrand Brasil.<br> <br>Gomes, Paulo Cesar da Costa; Ribeiro, Leticia Parente (2013). <a href=\"https:\/\/www.e-publicacoes.uerj.br\/index.php\/espacoecultura\/article\/view\/8465\/6275\">A produ\u00e7\u00e3o de imagens para a pesquisa em Geografia<\/a>, <em>Revista Espa\u00e7o e Cultura<\/em>, n. 33, p. 27-41.<br><br>Novaes, Andr\u00e9 Reyes. <em><a href=\"http:\/\/objdig.ufrj.br\/16\/teses\/772033.pdf\">Fronteiras Mapeadas: Geografia Imaginativa das Fronteiras Sul-Americanas na Cartografia da Imprensa Brasileira.<\/a><\/em> Tese de Doutorado (Geografia), Programa de P\u00f3s-Gradua\u00e7\u00e3o em Geografia, Universidade Federal do rio de Janeiro.<\/p>\n\n\n\n<p><strong>Limite de vagas:<\/strong> 20 pessoas (a determinar por ordem de inscri\u00e7\u00e3o).<\/p>\n\n\n\n<div class=\"wp-block-button aligncenter\"><a class=\"wp-block-button__link has-text-color has-very-dark-gray-color has-background has-light-green-cyan-background-color\" href=\"https:\/\/forms.gle\/PVaH3Z5toGjWzT4n7\">Inscri\u00e7\u00e3o para a oficina<\/a><\/div>\n","protected":false},"excerpt":{"rendered":"<p>OFICINA METODOLOGIAS VISUAIS APLICADAS \u00c0 PESQUISA GEOGR\u00c1FICA DAS FRONTEIRAS Profa. Leticia Parente Ribeiro (Departamento de Geografia \/ UFRJ) Profa. Rebeca Steiman (Departamento de Geografia \/ UFRJ) Objetivos: refletir sobre as fronteiras a partir da produ\u00e7\u00e3o audiovisual;<a class=\"moretag\" href=\"https:\/\/sef-cpan.ufms.br\/vii\/inscricao-para-a-oficina\/\">Read More&#8230;<\/a><\/p>\n","protected":false},"author":2,"featured_media":0,"comment_status":"closed","ping_status":"closed","sticky":false,"template":"","format":"standard","meta":{"footnotes":""},"categories":[9],"tags":[],"yoast_head":"<!-- This site is optimized with the Yoast SEO plugin v23.1 - https:\/\/yoast.com\/wordpress\/plugins\/seo\/ -->\n<title>Inscri\u00e7\u00e3o para a oficina - VII Semin\u00e1rio Internacional de Estudos Fronteiri\u00e7os<\/title>\n<meta name=\"robots\" content=\"index, follow, max-snippet:-1, max-image-preview:large, max-video-preview:-1\" \/>\n<link rel=\"canonical\" href=\"https:\/\/sef-cpan.ufms.br\/vii\/inscricao-para-a-oficina\/\" \/>\n<meta property=\"og:locale\" content=\"pt_BR\" \/>\n<meta property=\"og:type\" content=\"article\" \/>\n<meta property=\"og:title\" content=\"Inscri\u00e7\u00e3o para a oficina - VII Semin\u00e1rio Internacional de Estudos Fronteiri\u00e7os\" \/>\n<meta property=\"og:description\" content=\"OFICINA METODOLOGIAS VISUAIS APLICADAS \u00c0 PESQUISA GEOGR\u00c1FICA DAS FRONTEIRAS Profa. Leticia Parente Ribeiro (Departamento de Geografia \/ UFRJ) Profa. Rebeca Steiman (Departamento de Geografia \/ UFRJ) Objetivos: refletir sobre as fronteiras a partir da produ\u00e7\u00e3o audiovisual;Read More...\" \/>\n<meta property=\"og:url\" content=\"https:\/\/sef-cpan.ufms.br\/vii\/inscricao-para-a-oficina\/\" \/>\n<meta property=\"og:site_name\" content=\"VII Semin\u00e1rio Internacional de Estudos Fronteiri\u00e7os\" \/>\n<meta property=\"article:published_time\" content=\"2019-09-22T00:24:05+00:00\" \/>\n<meta property=\"article:modified_time\" content=\"2019-09-22T00:24:07+00:00\" \/>\n<meta name=\"author\" content=\"edgar\" \/>\n<meta name=\"twitter:card\" content=\"summary_large_image\" \/>\n<meta name=\"twitter:label1\" content=\"Escrito por\" \/>\n\t<meta name=\"twitter:data1\" content=\"edgar\" \/>\n\t<meta name=\"twitter:label2\" content=\"Est. tempo de leitura\" \/>\n\t<meta name=\"twitter:data2\" content=\"1 minuto\" \/>\n<script type=\"application\/ld+json\" class=\"yoast-schema-graph\">{\"@context\":\"https:\/\/schema.org\",\"@graph\":[{\"@type\":\"WebPage\",\"@id\":\"https:\/\/sef-cpan.ufms.br\/vii\/inscricao-para-a-oficina\/\",\"url\":\"https:\/\/sef-cpan.ufms.br\/vii\/inscricao-para-a-oficina\/\",\"name\":\"Inscri\u00e7\u00e3o para a oficina - VII Semin\u00e1rio Internacional de Estudos Fronteiri\u00e7os\",\"isPartOf\":{\"@id\":\"https:\/\/sef-cpan.ufms.br\/vii\/#website\"},\"datePublished\":\"2019-09-22T00:24:05+00:00\",\"dateModified\":\"2019-09-22T00:24:07+00:00\",\"author\":{\"@id\":\"https:\/\/sef-cpan.ufms.br\/vii\/#\/schema\/person\/7db94e0ce7a5573e04d47c6e5dad2ce0\"},\"breadcrumb\":{\"@id\":\"https:\/\/sef-cpan.ufms.br\/vii\/inscricao-para-a-oficina\/#breadcrumb\"},\"inLanguage\":\"pt-BR\",\"potentialAction\":[{\"@type\":\"ReadAction\",\"target\":[\"https:\/\/sef-cpan.ufms.br\/vii\/inscricao-para-a-oficina\/\"]}]},{\"@type\":\"BreadcrumbList\",\"@id\":\"https:\/\/sef-cpan.ufms.br\/vii\/inscricao-para-a-oficina\/#breadcrumb\",\"itemListElement\":[{\"@type\":\"ListItem\",\"position\":1,\"name\":\"In\u00edcio\",\"item\":\"https:\/\/sef-cpan.ufms.br\/vii\/\"},{\"@type\":\"ListItem\",\"position\":2,\"name\":\"Inscri\u00e7\u00e3o para a oficina\"}]},{\"@type\":\"WebSite\",\"@id\":\"https:\/\/sef-cpan.ufms.br\/vii\/#website\",\"url\":\"https:\/\/sef-cpan.ufms.br\/vii\/\",\"name\":\"VII Semin\u00e1rio Internacional de Estudos Fronteiri\u00e7os\",\"description\":\"Funda\u00e7\u00e3o Universidade Federal de Mato Grosso do Sul - C\u00e2mpus do Pantanal\",\"potentialAction\":[{\"@type\":\"SearchAction\",\"target\":{\"@type\":\"EntryPoint\",\"urlTemplate\":\"https:\/\/sef-cpan.ufms.br\/vii\/?s={search_term_string}\"},\"query-input\":\"required name=search_term_string\"}],\"inLanguage\":\"pt-BR\"},{\"@type\":\"Person\",\"@id\":\"https:\/\/sef-cpan.ufms.br\/vii\/#\/schema\/person\/7db94e0ce7a5573e04d47c6e5dad2ce0\",\"name\":\"edgar\",\"image\":{\"@type\":\"ImageObject\",\"inLanguage\":\"pt-BR\",\"@id\":\"https:\/\/sef-cpan.ufms.br\/vii\/#\/schema\/person\/image\/\",\"url\":\"https:\/\/secure.gravatar.com\/avatar\/a80fa43b2cc43d0b3e64153798c20848?s=96&d=mm&r=g\",\"contentUrl\":\"https:\/\/secure.gravatar.com\/avatar\/a80fa43b2cc43d0b3e64153798c20848?s=96&d=mm&r=g\",\"caption\":\"edgar\"},\"url\":\"https:\/\/sef-cpan.ufms.br\/vii\/author\/edgar\/\"}]}<\/script>\n<!-- \/ Yoast SEO plugin. -->","yoast_head_json":{"title":"Inscri\u00e7\u00e3o para a oficina - VII Semin\u00e1rio Internacional de Estudos Fronteiri\u00e7os","robots":{"index":"index","follow":"follow","max-snippet":"max-snippet:-1","max-image-preview":"max-image-preview:large","max-video-preview":"max-video-preview:-1"},"canonical":"https:\/\/sef-cpan.ufms.br\/vii\/inscricao-para-a-oficina\/","og_locale":"pt_BR","og_type":"article","og_title":"Inscri\u00e7\u00e3o para a oficina - VII Semin\u00e1rio Internacional de Estudos Fronteiri\u00e7os","og_description":"OFICINA METODOLOGIAS VISUAIS APLICADAS \u00c0 PESQUISA GEOGR\u00c1FICA DAS FRONTEIRAS Profa. Leticia Parente Ribeiro (Departamento de Geografia \/ UFRJ) Profa. Rebeca Steiman (Departamento de Geografia \/ UFRJ) Objetivos: refletir sobre as fronteiras a partir da produ\u00e7\u00e3o audiovisual;Read More...","og_url":"https:\/\/sef-cpan.ufms.br\/vii\/inscricao-para-a-oficina\/","og_site_name":"VII Semin\u00e1rio Internacional de Estudos Fronteiri\u00e7os","article_published_time":"2019-09-22T00:24:05+00:00","article_modified_time":"2019-09-22T00:24:07+00:00","author":"edgar","twitter_card":"summary_large_image","twitter_misc":{"Escrito por":"edgar","Est. tempo de leitura":"1 minuto"},"schema":{"@context":"https:\/\/schema.org","@graph":[{"@type":"WebPage","@id":"https:\/\/sef-cpan.ufms.br\/vii\/inscricao-para-a-oficina\/","url":"https:\/\/sef-cpan.ufms.br\/vii\/inscricao-para-a-oficina\/","name":"Inscri\u00e7\u00e3o para a oficina - VII Semin\u00e1rio Internacional de Estudos Fronteiri\u00e7os","isPartOf":{"@id":"https:\/\/sef-cpan.ufms.br\/vii\/#website"},"datePublished":"2019-09-22T00:24:05+00:00","dateModified":"2019-09-22T00:24:07+00:00","author":{"@id":"https:\/\/sef-cpan.ufms.br\/vii\/#\/schema\/person\/7db94e0ce7a5573e04d47c6e5dad2ce0"},"breadcrumb":{"@id":"https:\/\/sef-cpan.ufms.br\/vii\/inscricao-para-a-oficina\/#breadcrumb"},"inLanguage":"pt-BR","potentialAction":[{"@type":"ReadAction","target":["https:\/\/sef-cpan.ufms.br\/vii\/inscricao-para-a-oficina\/"]}]},{"@type":"BreadcrumbList","@id":"https:\/\/sef-cpan.ufms.br\/vii\/inscricao-para-a-oficina\/#breadcrumb","itemListElement":[{"@type":"ListItem","position":1,"name":"In\u00edcio","item":"https:\/\/sef-cpan.ufms.br\/vii\/"},{"@type":"ListItem","position":2,"name":"Inscri\u00e7\u00e3o para a oficina"}]},{"@type":"WebSite","@id":"https:\/\/sef-cpan.ufms.br\/vii\/#website","url":"https:\/\/sef-cpan.ufms.br\/vii\/","name":"VII Semin\u00e1rio Internacional de Estudos Fronteiri\u00e7os","description":"Funda\u00e7\u00e3o Universidade Federal de Mato Grosso do Sul - C\u00e2mpus do Pantanal","potentialAction":[{"@type":"SearchAction","target":{"@type":"EntryPoint","urlTemplate":"https:\/\/sef-cpan.ufms.br\/vii\/?s={search_term_string}"},"query-input":"required name=search_term_string"}],"inLanguage":"pt-BR"},{"@type":"Person","@id":"https:\/\/sef-cpan.ufms.br\/vii\/#\/schema\/person\/7db94e0ce7a5573e04d47c6e5dad2ce0","name":"edgar","image":{"@type":"ImageObject","inLanguage":"pt-BR","@id":"https:\/\/sef-cpan.ufms.br\/vii\/#\/schema\/person\/image\/","url":"https:\/\/secure.gravatar.com\/avatar\/a80fa43b2cc43d0b3e64153798c20848?s=96&d=mm&r=g","contentUrl":"https:\/\/secure.gravatar.com\/avatar\/a80fa43b2cc43d0b3e64153798c20848?s=96&d=mm&r=g","caption":"edgar"},"url":"https:\/\/sef-cpan.ufms.br\/vii\/author\/edgar\/"}]}},"_links":{"self":[{"href":"https:\/\/sef-cpan.ufms.br\/vii\/wp-json\/wp\/v2\/posts\/389"}],"collection":[{"href":"https:\/\/sef-cpan.ufms.br\/vii\/wp-json\/wp\/v2\/posts"}],"about":[{"href":"https:\/\/sef-cpan.ufms.br\/vii\/wp-json\/wp\/v2\/types\/post"}],"author":[{"embeddable":true,"href":"https:\/\/sef-cpan.ufms.br\/vii\/wp-json\/wp\/v2\/users\/2"}],"replies":[{"embeddable":true,"href":"https:\/\/sef-cpan.ufms.br\/vii\/wp-json\/wp\/v2\/comments?post=389"}],"version-history":[{"count":2,"href":"https:\/\/sef-cpan.ufms.br\/vii\/wp-json\/wp\/v2\/posts\/389\/revisions"}],"predecessor-version":[{"id":391,"href":"https:\/\/sef-cpan.ufms.br\/vii\/wp-json\/wp\/v2\/posts\/389\/revisions\/391"}],"wp:attachment":[{"href":"https:\/\/sef-cpan.ufms.br\/vii\/wp-json\/wp\/v2\/media?parent=389"}],"wp:term":[{"taxonomy":"category","embeddable":true,"href":"https:\/\/sef-cpan.ufms.br\/vii\/wp-json\/wp\/v2\/categories?post=389"},{"taxonomy":"post_tag","embeddable":true,"href":"https:\/\/sef-cpan.ufms.br\/vii\/wp-json\/wp\/v2\/tags?post=389"}],"curies":[{"name":"wp","href":"https:\/\/api.w.org\/{rel}","templated":true}]}}