{"id":386,"date":"2019-09-20T09:14:13","date_gmt":"2019-09-20T12:14:13","guid":{"rendered":"http:\/\/sef.ufms.br\/vii\/?p=386"},"modified":"2019-09-29T20:59:38","modified_gmt":"2019-09-29T23:59:38","slug":"saiu-o-caderno-de-resumos-do-vii-sef","status":"publish","type":"post","link":"https:\/\/sef-cpan.ufms.br\/vii\/saiu-o-caderno-de-resumos-do-vii-sef\/","title":{"rendered":"Saiu o Caderno de Resumos do VII SEF"},"content":{"rendered":"\n<p>Acesse <a href=\"https:\/\/sef-cpan.ufms.br\/vii\/caderno-de-resumos-vii-sef-final\/\"><\/a><a href=\"https:\/\/sef-cpan.ufms.br\/vii\/wp-content\/uploads\/sites\/4\/2019\/09\/Caderno-de-resumos-do-VII-SEF-2019.pdf\">aqui<\/a> (vers\u00e3o corrigida em 28\/09\/2019).<\/p>\n","protected":false},"excerpt":{"rendered":"<p>Acesse aqui (vers\u00e3o corrigida em 28\/09\/2019).<\/p>\n","protected":false},"author":2,"featured_media":0,"comment_status":"closed","ping_status":"closed","sticky":false,"template":"","format":"standard","meta":{"footnotes":""},"categories":[9],"tags":[],"yoast_head":"<!-- This site is optimized with the Yoast SEO plugin v23.1 - https:\/\/yoast.com\/wordpress\/plugins\/seo\/ -->\n<title>Saiu o Caderno de Resumos do VII SEF - VII Semin\u00e1rio Internacional de Estudos Fronteiri\u00e7os<\/title>\n<meta name=\"robots\" content=\"index, follow, max-snippet:-1, max-image-preview:large, max-video-preview:-1\" \/>\n<link rel=\"canonical\" href=\"https:\/\/sef-cpan.ufms.br\/vii\/saiu-o-caderno-de-resumos-do-vii-sef\/\" \/>\n<meta property=\"og:locale\" content=\"pt_BR\" \/>\n<meta property=\"og:type\" content=\"article\" \/>\n<meta property=\"og:title\" content=\"Saiu o Caderno de Resumos do VII SEF - VII Semin\u00e1rio Internacional de Estudos Fronteiri\u00e7os\" \/>\n<meta property=\"og:description\" content=\"Acesse aqui (vers\u00e3o corrigida em 28\/09\/2019).\" \/>\n<meta property=\"og:url\" content=\"https:\/\/sef-cpan.ufms.br\/vii\/saiu-o-caderno-de-resumos-do-vii-sef\/\" \/>\n<meta property=\"og:site_name\" content=\"VII Semin\u00e1rio Internacional de Estudos Fronteiri\u00e7os\" \/>\n<meta property=\"article:published_time\" content=\"2019-09-20T12:14:13+00:00\" \/>\n<meta property=\"article:modified_time\" content=\"2019-09-29T23:59:38+00:00\" \/>\n<meta name=\"author\" content=\"edgar\" \/>\n<meta name=\"twitter:card\" content=\"summary_large_image\" \/>\n<meta name=\"twitter:label1\" content=\"Escrito por\" \/>\n\t<meta name=\"twitter:data1\" content=\"edgar\" \/>\n<script type=\"application\/ld+json\" class=\"yoast-schema-graph\">{\"@context\":\"https:\/\/schema.org\",\"@graph\":[{\"@type\":\"WebPage\",\"@id\":\"https:\/\/sef-cpan.ufms.br\/vii\/saiu-o-caderno-de-resumos-do-vii-sef\/\",\"url\":\"https:\/\/sef-cpan.ufms.br\/vii\/saiu-o-caderno-de-resumos-do-vii-sef\/\",\"name\":\"Saiu o Caderno de Resumos do VII SEF - VII Semin\u00e1rio Internacional de Estudos Fronteiri\u00e7os\",\"isPartOf\":{\"@id\":\"https:\/\/sef-cpan.ufms.br\/vii\/#website\"},\"datePublished\":\"2019-09-20T12:14:13+00:00\",\"dateModified\":\"2019-09-29T23:59:38+00:00\",\"author\":{\"@id\":\"https:\/\/sef-cpan.ufms.br\/vii\/#\/schema\/person\/7db94e0ce7a5573e04d47c6e5dad2ce0\"},\"breadcrumb\":{\"@id\":\"https:\/\/sef-cpan.ufms.br\/vii\/saiu-o-caderno-de-resumos-do-vii-sef\/#breadcrumb\"},\"inLanguage\":\"pt-BR\",\"potentialAction\":[{\"@type\":\"ReadAction\",\"target\":[\"https:\/\/sef-cpan.ufms.br\/vii\/saiu-o-caderno-de-resumos-do-vii-sef\/\"]}]},{\"@type\":\"BreadcrumbList\",\"@id\":\"https:\/\/sef-cpan.ufms.br\/vii\/saiu-o-caderno-de-resumos-do-vii-sef\/#breadcrumb\",\"itemListElement\":[{\"@type\":\"ListItem\",\"position\":1,\"name\":\"In\u00edcio\",\"item\":\"https:\/\/sef-cpan.ufms.br\/vii\/\"},{\"@type\":\"ListItem\",\"position\":2,\"name\":\"Saiu o Caderno de Resumos do VII SEF\"}]},{\"@type\":\"WebSite\",\"@id\":\"https:\/\/sef-cpan.ufms.br\/vii\/#website\",\"url\":\"https:\/\/sef-cpan.ufms.br\/vii\/\",\"name\":\"VII Semin\u00e1rio Internacional de Estudos Fronteiri\u00e7os\",\"description\":\"Funda\u00e7\u00e3o Universidade Federal de Mato Grosso do Sul - C\u00e2mpus do Pantanal\",\"potentialAction\":[{\"@type\":\"SearchAction\",\"target\":{\"@type\":\"EntryPoint\",\"urlTemplate\":\"https:\/\/sef-cpan.ufms.br\/vii\/?s={search_term_string}\"},\"query-input\":\"required name=search_term_string\"}],\"inLanguage\":\"pt-BR\"},{\"@type\":\"Person\",\"@id\":\"https:\/\/sef-cpan.ufms.br\/vii\/#\/schema\/person\/7db94e0ce7a5573e04d47c6e5dad2ce0\",\"name\":\"edgar\",\"image\":{\"@type\":\"ImageObject\",\"inLanguage\":\"pt-BR\",\"@id\":\"https:\/\/sef-cpan.ufms.br\/vii\/#\/schema\/person\/image\/\",\"url\":\"https:\/\/secure.gravatar.com\/avatar\/a80fa43b2cc43d0b3e64153798c20848?s=96&d=mm&r=g\",\"contentUrl\":\"https:\/\/secure.gravatar.com\/avatar\/a80fa43b2cc43d0b3e64153798c20848?s=96&d=mm&r=g\",\"caption\":\"edgar\"},\"url\":\"https:\/\/sef-cpan.ufms.br\/vii\/author\/edgar\/\"}]}<\/script>\n<!-- \/ Yoast SEO plugin. -->","yoast_head_json":{"title":"Saiu o Caderno de Resumos do VII SEF - VII Semin\u00e1rio Internacional de Estudos Fronteiri\u00e7os","robots":{"index":"index","follow":"follow","max-snippet":"max-snippet:-1","max-image-preview":"max-image-preview:large","max-video-preview":"max-video-preview:-1"},"canonical":"https:\/\/sef-cpan.ufms.br\/vii\/saiu-o-caderno-de-resumos-do-vii-sef\/","og_locale":"pt_BR","og_type":"article","og_title":"Saiu o Caderno de Resumos do VII SEF - VII Semin\u00e1rio Internacional de Estudos Fronteiri\u00e7os","og_description":"Acesse aqui (vers\u00e3o corrigida em 28\/09\/2019).","og_url":"https:\/\/sef-cpan.ufms.br\/vii\/saiu-o-caderno-de-resumos-do-vii-sef\/","og_site_name":"VII Semin\u00e1rio Internacional de Estudos Fronteiri\u00e7os","article_published_time":"2019-09-20T12:14:13+00:00","article_modified_time":"2019-09-29T23:59:38+00:00","author":"edgar","twitter_card":"summary_large_image","twitter_misc":{"Escrito por":"edgar"},"schema":{"@context":"https:\/\/schema.org","@graph":[{"@type":"WebPage","@id":"https:\/\/sef-cpan.ufms.br\/vii\/saiu-o-caderno-de-resumos-do-vii-sef\/","url":"https:\/\/sef-cpan.ufms.br\/vii\/saiu-o-caderno-de-resumos-do-vii-sef\/","name":"Saiu o Caderno de Resumos do VII SEF - VII Semin\u00e1rio Internacional de Estudos Fronteiri\u00e7os","isPartOf":{"@id":"https:\/\/sef-cpan.ufms.br\/vii\/#website"},"datePublished":"2019-09-20T12:14:13+00:00","dateModified":"2019-09-29T23:59:38+00:00","author":{"@id":"https:\/\/sef-cpan.ufms.br\/vii\/#\/schema\/person\/7db94e0ce7a5573e04d47c6e5dad2ce0"},"breadcrumb":{"@id":"https:\/\/sef-cpan.ufms.br\/vii\/saiu-o-caderno-de-resumos-do-vii-sef\/#breadcrumb"},"inLanguage":"pt-BR","potentialAction":[{"@type":"ReadAction","target":["https:\/\/sef-cpan.ufms.br\/vii\/saiu-o-caderno-de-resumos-do-vii-sef\/"]}]},{"@type":"BreadcrumbList","@id":"https:\/\/sef-cpan.ufms.br\/vii\/saiu-o-caderno-de-resumos-do-vii-sef\/#breadcrumb","itemListElement":[{"@type":"ListItem","position":1,"name":"In\u00edcio","item":"https:\/\/sef-cpan.ufms.br\/vii\/"},{"@type":"ListItem","position":2,"name":"Saiu o Caderno de Resumos do VII SEF"}]},{"@type":"WebSite","@id":"https:\/\/sef-cpan.ufms.br\/vii\/#website","url":"https:\/\/sef-cpan.ufms.br\/vii\/","name":"VII Semin\u00e1rio Internacional de Estudos Fronteiri\u00e7os","description":"Funda\u00e7\u00e3o Universidade Federal de Mato Grosso do Sul - C\u00e2mpus do Pantanal","potentialAction":[{"@type":"SearchAction","target":{"@type":"EntryPoint","urlTemplate":"https:\/\/sef-cpan.ufms.br\/vii\/?s={search_term_string}"},"query-input":"required name=search_term_string"}],"inLanguage":"pt-BR"},{"@type":"Person","@id":"https:\/\/sef-cpan.ufms.br\/vii\/#\/schema\/person\/7db94e0ce7a5573e04d47c6e5dad2ce0","name":"edgar","image":{"@type":"ImageObject","inLanguage":"pt-BR","@id":"https:\/\/sef-cpan.ufms.br\/vii\/#\/schema\/person\/image\/","url":"https:\/\/secure.gravatar.com\/avatar\/a80fa43b2cc43d0b3e64153798c20848?s=96&d=mm&r=g","contentUrl":"https:\/\/secure.gravatar.com\/avatar\/a80fa43b2cc43d0b3e64153798c20848?s=96&d=mm&r=g","caption":"edgar"},"url":"https:\/\/sef-cpan.ufms.br\/vii\/author\/edgar\/"}]}},"_links":{"self":[{"href":"https:\/\/sef-cpan.ufms.br\/vii\/wp-json\/wp\/v2\/posts\/386"}],"collection":[{"href":"https:\/\/sef-cpan.ufms.br\/vii\/wp-json\/wp\/v2\/posts"}],"about":[{"href":"https:\/\/sef-cpan.ufms.br\/vii\/wp-json\/wp\/v2\/types\/post"}],"author":[{"embeddable":true,"href":"https:\/\/sef-cpan.ufms.br\/vii\/wp-json\/wp\/v2\/users\/2"}],"replies":[{"embeddable":true,"href":"https:\/\/sef-cpan.ufms.br\/vii\/wp-json\/wp\/v2\/comments?post=386"}],"version-history":[{"count":4,"href":"https:\/\/sef-cpan.ufms.br\/vii\/wp-json\/wp\/v2\/posts\/386\/revisions"}],"predecessor-version":[{"id":409,"href":"https:\/\/sef-cpan.ufms.br\/vii\/wp-json\/wp\/v2\/posts\/386\/revisions\/409"}],"wp:attachment":[{"href":"https:\/\/sef-cpan.ufms.br\/vii\/wp-json\/wp\/v2\/media?parent=386"}],"wp:term":[{"taxonomy":"category","embeddable":true,"href":"https:\/\/sef-cpan.ufms.br\/vii\/wp-json\/wp\/v2\/categories?post=386"},{"taxonomy":"post_tag","embeddable":true,"href":"https:\/\/sef-cpan.ufms.br\/vii\/wp-json\/wp\/v2\/tags?post=386"}],"curies":[{"name":"wp","href":"https:\/\/api.w.org\/{rel}","templated":true}]}}