{"id":372,"date":"2019-08-25T15:08:24","date_gmt":"2019-08-25T18:08:24","guid":{"rendered":"http:\/\/sef.ufms.br\/vii\/?p=372"},"modified":"2019-08-25T15:08:25","modified_gmt":"2019-08-25T18:08:25","slug":"mais-dois-bons-motivos-para-nao-perder-o-lancamento-de-livros-do-vii-sef","status":"publish","type":"post","link":"https:\/\/sef-cpan.ufms.br\/vii\/mais-dois-bons-motivos-para-nao-perder-o-lancamento-de-livros-do-vii-sef\/","title":{"rendered":"Mais dois bons motivos para n\u00e3o perder o lan\u00e7amento de livros do VII SEF&#8230;"},"content":{"rendered":"\n<p>Anu\u00e1rio Unbral das fronteiras brasileiras 2018 <\/p>\n\n\n\n<p>Paraguay-Brasil. Nuevas aproximaciones, relaciones que se reconfiguran de Anibal Orue Pozzo<\/p>\n\n\n\n<div class=\"wp-block-image\"><figure class=\"aligncenter is-resized\"><img loading=\"lazy\" decoding=\"async\" src=\"https:\/\/sef-cpan.ufms.br\/vii\/wp-content\/uploads\/sites\/4\/2019\/08\/capa-anuario-Adriana-Dorfman-652x1024.jpg\" alt=\"\" class=\"wp-image-373\" width=\"278\" height=\"436\" srcset=\"https:\/\/sef-cpan.ufms.br\/vii\/wp-content\/uploads\/sites\/4\/2019\/08\/capa-anuario-Adriana-Dorfman-652x1024.jpg 652w, https:\/\/sef-cpan.ufms.br\/vii\/wp-content\/uploads\/sites\/4\/2019\/08\/capa-anuario-Adriana-Dorfman-191x300.jpg 191w, https:\/\/sef-cpan.ufms.br\/vii\/wp-content\/uploads\/sites\/4\/2019\/08\/capa-anuario-Adriana-Dorfman-768x1207.jpg 768w, https:\/\/sef-cpan.ufms.br\/vii\/wp-content\/uploads\/sites\/4\/2019\/08\/capa-anuario-Adriana-Dorfman.jpg 1576w\" sizes=\"(max-width: 278px) 100vw, 278px\" \/><figcaption>Anu\u00e1rio Unbral das Fronteiras Brasileiras 2018<\/figcaption><\/figure><\/div>\n","protected":false},"excerpt":{"rendered":"<p>Anu\u00e1rio Unbral das fronteiras brasileiras 2018 Paraguay-Brasil. Nuevas aproximaciones, relaciones que se reconfiguran de Anibal Orue Pozzo<\/p>\n","protected":false},"author":2,"featured_media":0,"comment_status":"closed","ping_status":"closed","sticky":false,"template":"","format":"standard","meta":{"footnotes":""},"categories":[9],"tags":[],"yoast_head":"<!-- This site is optimized with the Yoast SEO plugin v23.1 - https:\/\/yoast.com\/wordpress\/plugins\/seo\/ -->\n<title>Mais dois bons motivos para n\u00e3o perder o lan\u00e7amento de livros do VII SEF... - VII Semin\u00e1rio Internacional de Estudos Fronteiri\u00e7os<\/title>\n<meta name=\"robots\" content=\"index, follow, max-snippet:-1, max-image-preview:large, max-video-preview:-1\" \/>\n<link rel=\"canonical\" href=\"https:\/\/sef-cpan.ufms.br\/vii\/mais-dois-bons-motivos-para-nao-perder-o-lancamento-de-livros-do-vii-sef\/\" \/>\n<meta property=\"og:locale\" content=\"pt_BR\" \/>\n<meta property=\"og:type\" content=\"article\" \/>\n<meta property=\"og:title\" content=\"Mais dois bons motivos para n\u00e3o perder o lan\u00e7amento de livros do VII SEF... - VII Semin\u00e1rio Internacional de Estudos Fronteiri\u00e7os\" \/>\n<meta property=\"og:description\" content=\"Anu\u00e1rio Unbral das fronteiras brasileiras 2018 Paraguay-Brasil. Nuevas aproximaciones, relaciones que se reconfiguran de Anibal Orue Pozzo\" \/>\n<meta property=\"og:url\" content=\"https:\/\/sef-cpan.ufms.br\/vii\/mais-dois-bons-motivos-para-nao-perder-o-lancamento-de-livros-do-vii-sef\/\" \/>\n<meta property=\"og:site_name\" content=\"VII Semin\u00e1rio Internacional de Estudos Fronteiri\u00e7os\" \/>\n<meta property=\"article:published_time\" content=\"2019-08-25T18:08:24+00:00\" \/>\n<meta property=\"article:modified_time\" content=\"2019-08-25T18:08:25+00:00\" \/>\n<meta property=\"og:image\" content=\"https:\/\/sef-cpan.ufms.br\/vii\/wp-content\/uploads\/sites\/4\/2019\/08\/capa-anuario-Adriana-Dorfman-652x1024.jpg\" \/>\n<meta name=\"author\" content=\"edgar\" \/>\n<meta name=\"twitter:card\" content=\"summary_large_image\" \/>\n<meta name=\"twitter:label1\" content=\"Escrito por\" \/>\n\t<meta name=\"twitter:data1\" content=\"edgar\" \/>\n<script type=\"application\/ld+json\" class=\"yoast-schema-graph\">{\"@context\":\"https:\/\/schema.org\",\"@graph\":[{\"@type\":\"WebPage\",\"@id\":\"https:\/\/sef-cpan.ufms.br\/vii\/mais-dois-bons-motivos-para-nao-perder-o-lancamento-de-livros-do-vii-sef\/\",\"url\":\"https:\/\/sef-cpan.ufms.br\/vii\/mais-dois-bons-motivos-para-nao-perder-o-lancamento-de-livros-do-vii-sef\/\",\"name\":\"Mais dois bons motivos para n\u00e3o perder o lan\u00e7amento de livros do VII SEF... - VII Semin\u00e1rio Internacional de Estudos Fronteiri\u00e7os\",\"isPartOf\":{\"@id\":\"https:\/\/sef-cpan.ufms.br\/vii\/#website\"},\"primaryImageOfPage\":{\"@id\":\"https:\/\/sef-cpan.ufms.br\/vii\/mais-dois-bons-motivos-para-nao-perder-o-lancamento-de-livros-do-vii-sef\/#primaryimage\"},\"image\":{\"@id\":\"https:\/\/sef-cpan.ufms.br\/vii\/mais-dois-bons-motivos-para-nao-perder-o-lancamento-de-livros-do-vii-sef\/#primaryimage\"},\"thumbnailUrl\":\"https:\/\/sef-cpan.ufms.br\/vii\/wp-content\/uploads\/sites\/4\/2019\/08\/capa-anuario-Adriana-Dorfman-652x1024.jpg\",\"datePublished\":\"2019-08-25T18:08:24+00:00\",\"dateModified\":\"2019-08-25T18:08:25+00:00\",\"author\":{\"@id\":\"https:\/\/sef-cpan.ufms.br\/vii\/#\/schema\/person\/7db94e0ce7a5573e04d47c6e5dad2ce0\"},\"breadcrumb\":{\"@id\":\"https:\/\/sef-cpan.ufms.br\/vii\/mais-dois-bons-motivos-para-nao-perder-o-lancamento-de-livros-do-vii-sef\/#breadcrumb\"},\"inLanguage\":\"pt-BR\",\"potentialAction\":[{\"@type\":\"ReadAction\",\"target\":[\"https:\/\/sef-cpan.ufms.br\/vii\/mais-dois-bons-motivos-para-nao-perder-o-lancamento-de-livros-do-vii-sef\/\"]}]},{\"@type\":\"ImageObject\",\"inLanguage\":\"pt-BR\",\"@id\":\"https:\/\/sef-cpan.ufms.br\/vii\/mais-dois-bons-motivos-para-nao-perder-o-lancamento-de-livros-do-vii-sef\/#primaryimage\",\"url\":\"https:\/\/sef-cpan.ufms.br\/vii\/wp-content\/uploads\/sites\/4\/2019\/08\/capa-anuario-Adriana-Dorfman.jpg\",\"contentUrl\":\"https:\/\/sef-cpan.ufms.br\/vii\/wp-content\/uploads\/sites\/4\/2019\/08\/capa-anuario-Adriana-Dorfman.jpg\",\"width\":1576,\"height\":2476},{\"@type\":\"BreadcrumbList\",\"@id\":\"https:\/\/sef-cpan.ufms.br\/vii\/mais-dois-bons-motivos-para-nao-perder-o-lancamento-de-livros-do-vii-sef\/#breadcrumb\",\"itemListElement\":[{\"@type\":\"ListItem\",\"position\":1,\"name\":\"In\u00edcio\",\"item\":\"https:\/\/sef-cpan.ufms.br\/vii\/\"},{\"@type\":\"ListItem\",\"position\":2,\"name\":\"Mais dois bons motivos para n\u00e3o perder o lan\u00e7amento de livros do VII SEF&#8230;\"}]},{\"@type\":\"WebSite\",\"@id\":\"https:\/\/sef-cpan.ufms.br\/vii\/#website\",\"url\":\"https:\/\/sef-cpan.ufms.br\/vii\/\",\"name\":\"VII Semin\u00e1rio Internacional de Estudos Fronteiri\u00e7os\",\"description\":\"Funda\u00e7\u00e3o Universidade Federal de Mato Grosso do Sul - C\u00e2mpus do Pantanal\",\"potentialAction\":[{\"@type\":\"SearchAction\",\"target\":{\"@type\":\"EntryPoint\",\"urlTemplate\":\"https:\/\/sef-cpan.ufms.br\/vii\/?s={search_term_string}\"},\"query-input\":\"required name=search_term_string\"}],\"inLanguage\":\"pt-BR\"},{\"@type\":\"Person\",\"@id\":\"https:\/\/sef-cpan.ufms.br\/vii\/#\/schema\/person\/7db94e0ce7a5573e04d47c6e5dad2ce0\",\"name\":\"edgar\",\"image\":{\"@type\":\"ImageObject\",\"inLanguage\":\"pt-BR\",\"@id\":\"https:\/\/sef-cpan.ufms.br\/vii\/#\/schema\/person\/image\/\",\"url\":\"https:\/\/secure.gravatar.com\/avatar\/a80fa43b2cc43d0b3e64153798c20848?s=96&d=mm&r=g\",\"contentUrl\":\"https:\/\/secure.gravatar.com\/avatar\/a80fa43b2cc43d0b3e64153798c20848?s=96&d=mm&r=g\",\"caption\":\"edgar\"},\"url\":\"https:\/\/sef-cpan.ufms.br\/vii\/author\/edgar\/\"}]}<\/script>\n<!-- \/ Yoast SEO plugin. -->","yoast_head_json":{"title":"Mais dois bons motivos para n\u00e3o perder o lan\u00e7amento de livros do VII SEF... - VII Semin\u00e1rio Internacional de Estudos Fronteiri\u00e7os","robots":{"index":"index","follow":"follow","max-snippet":"max-snippet:-1","max-image-preview":"max-image-preview:large","max-video-preview":"max-video-preview:-1"},"canonical":"https:\/\/sef-cpan.ufms.br\/vii\/mais-dois-bons-motivos-para-nao-perder-o-lancamento-de-livros-do-vii-sef\/","og_locale":"pt_BR","og_type":"article","og_title":"Mais dois bons motivos para n\u00e3o perder o lan\u00e7amento de livros do VII SEF... - VII Semin\u00e1rio Internacional de Estudos Fronteiri\u00e7os","og_description":"Anu\u00e1rio Unbral das fronteiras brasileiras 2018 Paraguay-Brasil. Nuevas aproximaciones, relaciones que se reconfiguran de Anibal Orue Pozzo","og_url":"https:\/\/sef-cpan.ufms.br\/vii\/mais-dois-bons-motivos-para-nao-perder-o-lancamento-de-livros-do-vii-sef\/","og_site_name":"VII Semin\u00e1rio Internacional de Estudos Fronteiri\u00e7os","article_published_time":"2019-08-25T18:08:24+00:00","article_modified_time":"2019-08-25T18:08:25+00:00","og_image":[{"url":"https:\/\/sef-cpan.ufms.br\/vii\/wp-content\/uploads\/sites\/4\/2019\/08\/capa-anuario-Adriana-Dorfman-652x1024.jpg"}],"author":"edgar","twitter_card":"summary_large_image","twitter_misc":{"Escrito por":"edgar"},"schema":{"@context":"https:\/\/schema.org","@graph":[{"@type":"WebPage","@id":"https:\/\/sef-cpan.ufms.br\/vii\/mais-dois-bons-motivos-para-nao-perder-o-lancamento-de-livros-do-vii-sef\/","url":"https:\/\/sef-cpan.ufms.br\/vii\/mais-dois-bons-motivos-para-nao-perder-o-lancamento-de-livros-do-vii-sef\/","name":"Mais dois bons motivos para n\u00e3o perder o lan\u00e7amento de livros do VII SEF... - VII Semin\u00e1rio Internacional de Estudos Fronteiri\u00e7os","isPartOf":{"@id":"https:\/\/sef-cpan.ufms.br\/vii\/#website"},"primaryImageOfPage":{"@id":"https:\/\/sef-cpan.ufms.br\/vii\/mais-dois-bons-motivos-para-nao-perder-o-lancamento-de-livros-do-vii-sef\/#primaryimage"},"image":{"@id":"https:\/\/sef-cpan.ufms.br\/vii\/mais-dois-bons-motivos-para-nao-perder-o-lancamento-de-livros-do-vii-sef\/#primaryimage"},"thumbnailUrl":"https:\/\/sef-cpan.ufms.br\/vii\/wp-content\/uploads\/sites\/4\/2019\/08\/capa-anuario-Adriana-Dorfman-652x1024.jpg","datePublished":"2019-08-25T18:08:24+00:00","dateModified":"2019-08-25T18:08:25+00:00","author":{"@id":"https:\/\/sef-cpan.ufms.br\/vii\/#\/schema\/person\/7db94e0ce7a5573e04d47c6e5dad2ce0"},"breadcrumb":{"@id":"https:\/\/sef-cpan.ufms.br\/vii\/mais-dois-bons-motivos-para-nao-perder-o-lancamento-de-livros-do-vii-sef\/#breadcrumb"},"inLanguage":"pt-BR","potentialAction":[{"@type":"ReadAction","target":["https:\/\/sef-cpan.ufms.br\/vii\/mais-dois-bons-motivos-para-nao-perder-o-lancamento-de-livros-do-vii-sef\/"]}]},{"@type":"ImageObject","inLanguage":"pt-BR","@id":"https:\/\/sef-cpan.ufms.br\/vii\/mais-dois-bons-motivos-para-nao-perder-o-lancamento-de-livros-do-vii-sef\/#primaryimage","url":"https:\/\/sef-cpan.ufms.br\/vii\/wp-content\/uploads\/sites\/4\/2019\/08\/capa-anuario-Adriana-Dorfman.jpg","contentUrl":"https:\/\/sef-cpan.ufms.br\/vii\/wp-content\/uploads\/sites\/4\/2019\/08\/capa-anuario-Adriana-Dorfman.jpg","width":1576,"height":2476},{"@type":"BreadcrumbList","@id":"https:\/\/sef-cpan.ufms.br\/vii\/mais-dois-bons-motivos-para-nao-perder-o-lancamento-de-livros-do-vii-sef\/#breadcrumb","itemListElement":[{"@type":"ListItem","position":1,"name":"In\u00edcio","item":"https:\/\/sef-cpan.ufms.br\/vii\/"},{"@type":"ListItem","position":2,"name":"Mais dois bons motivos para n\u00e3o perder o lan\u00e7amento de livros do VII SEF&#8230;"}]},{"@type":"WebSite","@id":"https:\/\/sef-cpan.ufms.br\/vii\/#website","url":"https:\/\/sef-cpan.ufms.br\/vii\/","name":"VII Semin\u00e1rio Internacional de Estudos Fronteiri\u00e7os","description":"Funda\u00e7\u00e3o Universidade Federal de Mato Grosso do Sul - C\u00e2mpus do Pantanal","potentialAction":[{"@type":"SearchAction","target":{"@type":"EntryPoint","urlTemplate":"https:\/\/sef-cpan.ufms.br\/vii\/?s={search_term_string}"},"query-input":"required name=search_term_string"}],"inLanguage":"pt-BR"},{"@type":"Person","@id":"https:\/\/sef-cpan.ufms.br\/vii\/#\/schema\/person\/7db94e0ce7a5573e04d47c6e5dad2ce0","name":"edgar","image":{"@type":"ImageObject","inLanguage":"pt-BR","@id":"https:\/\/sef-cpan.ufms.br\/vii\/#\/schema\/person\/image\/","url":"https:\/\/secure.gravatar.com\/avatar\/a80fa43b2cc43d0b3e64153798c20848?s=96&d=mm&r=g","contentUrl":"https:\/\/secure.gravatar.com\/avatar\/a80fa43b2cc43d0b3e64153798c20848?s=96&d=mm&r=g","caption":"edgar"},"url":"https:\/\/sef-cpan.ufms.br\/vii\/author\/edgar\/"}]}},"_links":{"self":[{"href":"https:\/\/sef-cpan.ufms.br\/vii\/wp-json\/wp\/v2\/posts\/372"}],"collection":[{"href":"https:\/\/sef-cpan.ufms.br\/vii\/wp-json\/wp\/v2\/posts"}],"about":[{"href":"https:\/\/sef-cpan.ufms.br\/vii\/wp-json\/wp\/v2\/types\/post"}],"author":[{"embeddable":true,"href":"https:\/\/sef-cpan.ufms.br\/vii\/wp-json\/wp\/v2\/users\/2"}],"replies":[{"embeddable":true,"href":"https:\/\/sef-cpan.ufms.br\/vii\/wp-json\/wp\/v2\/comments?post=372"}],"version-history":[{"count":1,"href":"https:\/\/sef-cpan.ufms.br\/vii\/wp-json\/wp\/v2\/posts\/372\/revisions"}],"predecessor-version":[{"id":374,"href":"https:\/\/sef-cpan.ufms.br\/vii\/wp-json\/wp\/v2\/posts\/372\/revisions\/374"}],"wp:attachment":[{"href":"https:\/\/sef-cpan.ufms.br\/vii\/wp-json\/wp\/v2\/media?parent=372"}],"wp:term":[{"taxonomy":"category","embeddable":true,"href":"https:\/\/sef-cpan.ufms.br\/vii\/wp-json\/wp\/v2\/categories?post=372"},{"taxonomy":"post_tag","embeddable":true,"href":"https:\/\/sef-cpan.ufms.br\/vii\/wp-json\/wp\/v2\/tags?post=372"}],"curies":[{"name":"wp","href":"https:\/\/api.w.org\/{rel}","templated":true}]}}