{"id":351,"date":"2019-08-15T19:46:31","date_gmt":"2019-08-15T22:46:31","guid":{"rendered":"http:\/\/sef.ufms.br\/vii\/?p=351"},"modified":"2019-08-22T08:36:10","modified_gmt":"2019-08-22T11:36:10","slug":"lancamento-de-livros-no-vii-sef","status":"publish","type":"post","link":"https:\/\/sef-cpan.ufms.br\/vii\/lancamento-de-livros-no-vii-sef\/","title":{"rendered":"Lan\u00e7amento de livros no VII SEF"},"content":{"rendered":"\n<ul class=\"wp-block-gallery columns-3 is-cropped wp-block-gallery-1 is-layout-flex wp-block-gallery-is-layout-flex\"><li class=\"blocks-gallery-item\"><figure><img loading=\"lazy\" decoding=\"async\" width=\"1024\" height=\"1024\" src=\"https:\/\/sef-cpan.ufms.br\/vii\/wp-content\/uploads\/sites\/4\/2019\/08\/a-menina-que-abraca-o-vento-fernanda-paraguassu-vooinho-Fernanda-Paraguassu-1024x1024.jpg\" alt=\"\" data-id=\"353\" data-link=\"https:\/\/sef-cpan.ufms.br\/vii\/?attachment_id=353\" class=\"wp-image-353\" srcset=\"https:\/\/sef-cpan.ufms.br\/vii\/wp-content\/uploads\/sites\/4\/2019\/08\/a-menina-que-abraca-o-vento-fernanda-paraguassu-vooinho-Fernanda-Paraguassu-1024x1024.jpg 1024w, https:\/\/sef-cpan.ufms.br\/vii\/wp-content\/uploads\/sites\/4\/2019\/08\/a-menina-que-abraca-o-vento-fernanda-paraguassu-vooinho-Fernanda-Paraguassu-150x150.jpg 150w, https:\/\/sef-cpan.ufms.br\/vii\/wp-content\/uploads\/sites\/4\/2019\/08\/a-menina-que-abraca-o-vento-fernanda-paraguassu-vooinho-Fernanda-Paraguassu-300x300.jpg 300w, https:\/\/sef-cpan.ufms.br\/vii\/wp-content\/uploads\/sites\/4\/2019\/08\/a-menina-que-abraca-o-vento-fernanda-paraguassu-vooinho-Fernanda-Paraguassu-768x769.jpg 768w, https:\/\/sef-cpan.ufms.br\/vii\/wp-content\/uploads\/sites\/4\/2019\/08\/a-menina-que-abraca-o-vento-fernanda-paraguassu-vooinho-Fernanda-Paraguassu-220x220.jpg 220w\" sizes=\"(max-width: 1024px) 100vw, 1024px\" \/><figcaption>A menina que abra\u00e7a o vento &#8211; a hist\u00f3ria de uma refugiada congolesa    Fernanda Paraguassu<\/figcaption><\/figure><\/li><li class=\"blocks-gallery-item\"><figure><img loading=\"lazy\" decoding=\"async\" width=\"1024\" height=\"467\" src=\"https:\/\/sef-cpan.ufms.br\/vii\/wp-content\/uploads\/sites\/4\/2019\/08\/Espacio-transitado-PORTADA-Edilma-Desid\u00e9rio-1-1024x467.jpg\" alt=\"\" data-id=\"354\" data-link=\"https:\/\/sef-cpan.ufms.br\/vii\/?attachment_id=354\" class=\"wp-image-354\" srcset=\"https:\/\/sef-cpan.ufms.br\/vii\/wp-content\/uploads\/sites\/4\/2019\/08\/Espacio-transitado-PORTADA-Edilma-Desid\u00e9rio-1-1024x467.jpg 1024w, https:\/\/sef-cpan.ufms.br\/vii\/wp-content\/uploads\/sites\/4\/2019\/08\/Espacio-transitado-PORTADA-Edilma-Desid\u00e9rio-1-300x137.jpg 300w, https:\/\/sef-cpan.ufms.br\/vii\/wp-content\/uploads\/sites\/4\/2019\/08\/Espacio-transitado-PORTADA-Edilma-Desid\u00e9rio-1-768x350.jpg 768w\" sizes=\"(max-width: 1024px) 100vw, 1024px\" \/><figcaption>Espacio transitado.Tiempo gobernado<br>Edilma de Jesus Desid\u00e9rio<\/figcaption><\/figure><\/li><li class=\"blocks-gallery-item\"><figure><img loading=\"lazy\" decoding=\"async\" width=\"864\" height=\"1024\" src=\"https:\/\/sef-cpan.ufms.br\/vii\/wp-content\/uploads\/sites\/4\/2019\/08\/Mujer-Inmigrante-Rosana-Daza-864x1024.jpg\" alt=\"\" data-id=\"355\" data-link=\"https:\/\/sef-cpan.ufms.br\/vii\/?attachment_id=355\" class=\"wp-image-355\" srcset=\"https:\/\/sef-cpan.ufms.br\/vii\/wp-content\/uploads\/sites\/4\/2019\/08\/Mujer-Inmigrante-Rosana-Daza-864x1024.jpg 864w, https:\/\/sef-cpan.ufms.br\/vii\/wp-content\/uploads\/sites\/4\/2019\/08\/Mujer-Inmigrante-Rosana-Daza-253x300.jpg 253w, https:\/\/sef-cpan.ufms.br\/vii\/wp-content\/uploads\/sites\/4\/2019\/08\/Mujer-Inmigrante-Rosana-Daza-768x910.jpg 768w, https:\/\/sef-cpan.ufms.br\/vii\/wp-content\/uploads\/sites\/4\/2019\/08\/Mujer-Inmigrante-Rosana-Daza.jpg 1080w\" sizes=\"(max-width: 864px) 100vw, 864px\" \/><figcaption>Mujer Inmigrante<br>Rosana Daza de Garcia<\/figcaption><\/figure><\/li><\/ul>\n","protected":false},"excerpt":{"rendered":"","protected":false},"author":2,"featured_media":0,"comment_status":"closed","ping_status":"closed","sticky":false,"template":"","format":"standard","meta":{"footnotes":""},"categories":[3],"tags":[],"yoast_head":"<!-- This site is optimized with the Yoast SEO plugin v23.1 - https:\/\/yoast.com\/wordpress\/plugins\/seo\/ -->\n<title>Lan\u00e7amento de livros no VII SEF - VII Semin\u00e1rio Internacional de Estudos Fronteiri\u00e7os<\/title>\n<meta name=\"robots\" content=\"index, follow, max-snippet:-1, max-image-preview:large, max-video-preview:-1\" \/>\n<link rel=\"canonical\" href=\"https:\/\/sef-cpan.ufms.br\/vii\/lancamento-de-livros-no-vii-sef\/\" \/>\n<meta property=\"og:locale\" content=\"pt_BR\" \/>\n<meta property=\"og:type\" content=\"article\" \/>\n<meta property=\"og:title\" content=\"Lan\u00e7amento de livros no VII SEF - VII Semin\u00e1rio Internacional de Estudos Fronteiri\u00e7os\" \/>\n<meta property=\"og:url\" content=\"https:\/\/sef-cpan.ufms.br\/vii\/lancamento-de-livros-no-vii-sef\/\" \/>\n<meta property=\"og:site_name\" content=\"VII Semin\u00e1rio Internacional de Estudos Fronteiri\u00e7os\" \/>\n<meta property=\"article:published_time\" content=\"2019-08-15T22:46:31+00:00\" \/>\n<meta property=\"article:modified_time\" content=\"2019-08-22T11:36:10+00:00\" \/>\n<meta property=\"og:image\" content=\"https:\/\/sef-cpan.ufms.br\/vii\/wp-content\/uploads\/sites\/4\/2019\/08\/a-menina-que-abraca-o-vento-fernanda-paraguassu-vooinho-Fernanda-Paraguassu-1024x1024.jpg\" \/>\n<meta name=\"author\" content=\"edgar\" \/>\n<meta name=\"twitter:card\" content=\"summary_large_image\" \/>\n<meta name=\"twitter:label1\" content=\"Escrito por\" \/>\n\t<meta name=\"twitter:data1\" content=\"edgar\" \/>\n<script type=\"application\/ld+json\" class=\"yoast-schema-graph\">{\"@context\":\"https:\/\/schema.org\",\"@graph\":[{\"@type\":\"WebPage\",\"@id\":\"https:\/\/sef-cpan.ufms.br\/vii\/lancamento-de-livros-no-vii-sef\/\",\"url\":\"https:\/\/sef-cpan.ufms.br\/vii\/lancamento-de-livros-no-vii-sef\/\",\"name\":\"Lan\u00e7amento de livros no VII SEF - VII Semin\u00e1rio Internacional de Estudos Fronteiri\u00e7os\",\"isPartOf\":{\"@id\":\"https:\/\/sef-cpan.ufms.br\/vii\/#website\"},\"primaryImageOfPage\":{\"@id\":\"https:\/\/sef-cpan.ufms.br\/vii\/lancamento-de-livros-no-vii-sef\/#primaryimage\"},\"image\":{\"@id\":\"https:\/\/sef-cpan.ufms.br\/vii\/lancamento-de-livros-no-vii-sef\/#primaryimage\"},\"thumbnailUrl\":\"https:\/\/sef-cpan.ufms.br\/vii\/wp-content\/uploads\/sites\/4\/2019\/08\/a-menina-que-abraca-o-vento-fernanda-paraguassu-vooinho-Fernanda-Paraguassu-1024x1024.jpg\",\"datePublished\":\"2019-08-15T22:46:31+00:00\",\"dateModified\":\"2019-08-22T11:36:10+00:00\",\"author\":{\"@id\":\"https:\/\/sef-cpan.ufms.br\/vii\/#\/schema\/person\/7db94e0ce7a5573e04d47c6e5dad2ce0\"},\"breadcrumb\":{\"@id\":\"https:\/\/sef-cpan.ufms.br\/vii\/lancamento-de-livros-no-vii-sef\/#breadcrumb\"},\"inLanguage\":\"pt-BR\",\"potentialAction\":[{\"@type\":\"ReadAction\",\"target\":[\"https:\/\/sef-cpan.ufms.br\/vii\/lancamento-de-livros-no-vii-sef\/\"]}]},{\"@type\":\"ImageObject\",\"inLanguage\":\"pt-BR\",\"@id\":\"https:\/\/sef-cpan.ufms.br\/vii\/lancamento-de-livros-no-vii-sef\/#primaryimage\",\"url\":\"https:\/\/sef-cpan.ufms.br\/vii\/wp-content\/uploads\/sites\/4\/2019\/08\/a-menina-que-abraca-o-vento-fernanda-paraguassu-vooinho-Fernanda-Paraguassu.jpg\",\"contentUrl\":\"https:\/\/sef-cpan.ufms.br\/vii\/wp-content\/uploads\/sites\/4\/2019\/08\/a-menina-que-abraca-o-vento-fernanda-paraguassu-vooinho-Fernanda-Paraguassu.jpg\",\"width\":2372,\"height\":2374,\"caption\":\"capa_vento_curvas\"},{\"@type\":\"BreadcrumbList\",\"@id\":\"https:\/\/sef-cpan.ufms.br\/vii\/lancamento-de-livros-no-vii-sef\/#breadcrumb\",\"itemListElement\":[{\"@type\":\"ListItem\",\"position\":1,\"name\":\"In\u00edcio\",\"item\":\"https:\/\/sef-cpan.ufms.br\/vii\/\"},{\"@type\":\"ListItem\",\"position\":2,\"name\":\"Lan\u00e7amento de livros no VII SEF\"}]},{\"@type\":\"WebSite\",\"@id\":\"https:\/\/sef-cpan.ufms.br\/vii\/#website\",\"url\":\"https:\/\/sef-cpan.ufms.br\/vii\/\",\"name\":\"VII Semin\u00e1rio Internacional de Estudos Fronteiri\u00e7os\",\"description\":\"Funda\u00e7\u00e3o Universidade Federal de Mato Grosso do Sul - C\u00e2mpus do Pantanal\",\"potentialAction\":[{\"@type\":\"SearchAction\",\"target\":{\"@type\":\"EntryPoint\",\"urlTemplate\":\"https:\/\/sef-cpan.ufms.br\/vii\/?s={search_term_string}\"},\"query-input\":\"required name=search_term_string\"}],\"inLanguage\":\"pt-BR\"},{\"@type\":\"Person\",\"@id\":\"https:\/\/sef-cpan.ufms.br\/vii\/#\/schema\/person\/7db94e0ce7a5573e04d47c6e5dad2ce0\",\"name\":\"edgar\",\"image\":{\"@type\":\"ImageObject\",\"inLanguage\":\"pt-BR\",\"@id\":\"https:\/\/sef-cpan.ufms.br\/vii\/#\/schema\/person\/image\/\",\"url\":\"https:\/\/secure.gravatar.com\/avatar\/a80fa43b2cc43d0b3e64153798c20848?s=96&d=mm&r=g\",\"contentUrl\":\"https:\/\/secure.gravatar.com\/avatar\/a80fa43b2cc43d0b3e64153798c20848?s=96&d=mm&r=g\",\"caption\":\"edgar\"},\"url\":\"https:\/\/sef-cpan.ufms.br\/vii\/author\/edgar\/\"}]}<\/script>\n<!-- \/ Yoast SEO plugin. -->","yoast_head_json":{"title":"Lan\u00e7amento de livros no VII SEF - VII Semin\u00e1rio Internacional de Estudos Fronteiri\u00e7os","robots":{"index":"index","follow":"follow","max-snippet":"max-snippet:-1","max-image-preview":"max-image-preview:large","max-video-preview":"max-video-preview:-1"},"canonical":"https:\/\/sef-cpan.ufms.br\/vii\/lancamento-de-livros-no-vii-sef\/","og_locale":"pt_BR","og_type":"article","og_title":"Lan\u00e7amento de livros no VII SEF - VII Semin\u00e1rio Internacional de Estudos Fronteiri\u00e7os","og_url":"https:\/\/sef-cpan.ufms.br\/vii\/lancamento-de-livros-no-vii-sef\/","og_site_name":"VII Semin\u00e1rio Internacional de Estudos Fronteiri\u00e7os","article_published_time":"2019-08-15T22:46:31+00:00","article_modified_time":"2019-08-22T11:36:10+00:00","og_image":[{"url":"https:\/\/sef-cpan.ufms.br\/vii\/wp-content\/uploads\/sites\/4\/2019\/08\/a-menina-que-abraca-o-vento-fernanda-paraguassu-vooinho-Fernanda-Paraguassu-1024x1024.jpg"}],"author":"edgar","twitter_card":"summary_large_image","twitter_misc":{"Escrito por":"edgar"},"schema":{"@context":"https:\/\/schema.org","@graph":[{"@type":"WebPage","@id":"https:\/\/sef-cpan.ufms.br\/vii\/lancamento-de-livros-no-vii-sef\/","url":"https:\/\/sef-cpan.ufms.br\/vii\/lancamento-de-livros-no-vii-sef\/","name":"Lan\u00e7amento de livros no VII SEF - VII Semin\u00e1rio Internacional de Estudos Fronteiri\u00e7os","isPartOf":{"@id":"https:\/\/sef-cpan.ufms.br\/vii\/#website"},"primaryImageOfPage":{"@id":"https:\/\/sef-cpan.ufms.br\/vii\/lancamento-de-livros-no-vii-sef\/#primaryimage"},"image":{"@id":"https:\/\/sef-cpan.ufms.br\/vii\/lancamento-de-livros-no-vii-sef\/#primaryimage"},"thumbnailUrl":"https:\/\/sef-cpan.ufms.br\/vii\/wp-content\/uploads\/sites\/4\/2019\/08\/a-menina-que-abraca-o-vento-fernanda-paraguassu-vooinho-Fernanda-Paraguassu-1024x1024.jpg","datePublished":"2019-08-15T22:46:31+00:00","dateModified":"2019-08-22T11:36:10+00:00","author":{"@id":"https:\/\/sef-cpan.ufms.br\/vii\/#\/schema\/person\/7db94e0ce7a5573e04d47c6e5dad2ce0"},"breadcrumb":{"@id":"https:\/\/sef-cpan.ufms.br\/vii\/lancamento-de-livros-no-vii-sef\/#breadcrumb"},"inLanguage":"pt-BR","potentialAction":[{"@type":"ReadAction","target":["https:\/\/sef-cpan.ufms.br\/vii\/lancamento-de-livros-no-vii-sef\/"]}]},{"@type":"ImageObject","inLanguage":"pt-BR","@id":"https:\/\/sef-cpan.ufms.br\/vii\/lancamento-de-livros-no-vii-sef\/#primaryimage","url":"https:\/\/sef-cpan.ufms.br\/vii\/wp-content\/uploads\/sites\/4\/2019\/08\/a-menina-que-abraca-o-vento-fernanda-paraguassu-vooinho-Fernanda-Paraguassu.jpg","contentUrl":"https:\/\/sef-cpan.ufms.br\/vii\/wp-content\/uploads\/sites\/4\/2019\/08\/a-menina-que-abraca-o-vento-fernanda-paraguassu-vooinho-Fernanda-Paraguassu.jpg","width":2372,"height":2374,"caption":"capa_vento_curvas"},{"@type":"BreadcrumbList","@id":"https:\/\/sef-cpan.ufms.br\/vii\/lancamento-de-livros-no-vii-sef\/#breadcrumb","itemListElement":[{"@type":"ListItem","position":1,"name":"In\u00edcio","item":"https:\/\/sef-cpan.ufms.br\/vii\/"},{"@type":"ListItem","position":2,"name":"Lan\u00e7amento de livros no VII SEF"}]},{"@type":"WebSite","@id":"https:\/\/sef-cpan.ufms.br\/vii\/#website","url":"https:\/\/sef-cpan.ufms.br\/vii\/","name":"VII Semin\u00e1rio Internacional de Estudos Fronteiri\u00e7os","description":"Funda\u00e7\u00e3o Universidade Federal de Mato Grosso do Sul - C\u00e2mpus do Pantanal","potentialAction":[{"@type":"SearchAction","target":{"@type":"EntryPoint","urlTemplate":"https:\/\/sef-cpan.ufms.br\/vii\/?s={search_term_string}"},"query-input":"required name=search_term_string"}],"inLanguage":"pt-BR"},{"@type":"Person","@id":"https:\/\/sef-cpan.ufms.br\/vii\/#\/schema\/person\/7db94e0ce7a5573e04d47c6e5dad2ce0","name":"edgar","image":{"@type":"ImageObject","inLanguage":"pt-BR","@id":"https:\/\/sef-cpan.ufms.br\/vii\/#\/schema\/person\/image\/","url":"https:\/\/secure.gravatar.com\/avatar\/a80fa43b2cc43d0b3e64153798c20848?s=96&d=mm&r=g","contentUrl":"https:\/\/secure.gravatar.com\/avatar\/a80fa43b2cc43d0b3e64153798c20848?s=96&d=mm&r=g","caption":"edgar"},"url":"https:\/\/sef-cpan.ufms.br\/vii\/author\/edgar\/"}]}},"_links":{"self":[{"href":"https:\/\/sef-cpan.ufms.br\/vii\/wp-json\/wp\/v2\/posts\/351"}],"collection":[{"href":"https:\/\/sef-cpan.ufms.br\/vii\/wp-json\/wp\/v2\/posts"}],"about":[{"href":"https:\/\/sef-cpan.ufms.br\/vii\/wp-json\/wp\/v2\/types\/post"}],"author":[{"embeddable":true,"href":"https:\/\/sef-cpan.ufms.br\/vii\/wp-json\/wp\/v2\/users\/2"}],"replies":[{"embeddable":true,"href":"https:\/\/sef-cpan.ufms.br\/vii\/wp-json\/wp\/v2\/comments?post=351"}],"version-history":[{"count":1,"href":"https:\/\/sef-cpan.ufms.br\/vii\/wp-json\/wp\/v2\/posts\/351\/revisions"}],"predecessor-version":[{"id":356,"href":"https:\/\/sef-cpan.ufms.br\/vii\/wp-json\/wp\/v2\/posts\/351\/revisions\/356"}],"wp:attachment":[{"href":"https:\/\/sef-cpan.ufms.br\/vii\/wp-json\/wp\/v2\/media?parent=351"}],"wp:term":[{"taxonomy":"category","embeddable":true,"href":"https:\/\/sef-cpan.ufms.br\/vii\/wp-json\/wp\/v2\/categories?post=351"},{"taxonomy":"post_tag","embeddable":true,"href":"https:\/\/sef-cpan.ufms.br\/vii\/wp-json\/wp\/v2\/tags?post=351"}],"curies":[{"name":"wp","href":"https:\/\/api.w.org\/{rel}","templated":true}]}}