{"id":276,"date":"2019-07-02T12:03:35","date_gmt":"2019-07-02T15:03:35","guid":{"rendered":"http:\/\/sef.ufms.br\/vii\/?p=276"},"modified":"2019-08-01T16:01:10","modified_gmt":"2019-08-01T19:01:10","slug":"segunda-convocatoria","status":"publish","type":"post","link":"https:\/\/sef-cpan.ufms.br\/vii\/segunda-convocatoria\/","title":{"rendered":"Segunda convocatoria"},"content":{"rendered":"\n<p>La Comisi\u00f3n Organizadora del VII Seminario Internacional de Estudios Fronterizos hace p\u00fablica la segunda convocatoria del evento, que se realizar\u00e1 entre los d\u00edas 7 y 9 de octubre de 2019, en la ciudad de Corumb\u00e1, Mato Grosso do Sul. Esta circular tiene la finalidad de divulgar informaciones generales sobre las inscripciones, la programaci\u00f3n actualizada, el env\u00edo de los trabajos completos y el lanzamiento de libros durante el evento. Invitamos a los interesados a atentarse a los plazos.<\/p>\n\n\n\n<p><a href=\"https:\/\/sef-cpan.ufms.br\/vii\/vii-sef-segunda-circular-esp\/\">Segunda convocatoria &#8211; VII SEF<\/a><\/p>\n","protected":false},"excerpt":{"rendered":"<p>La Comisi\u00f3n Organizadora del VII Seminario Internacional de Estudios Fronterizos hace p\u00fablica la segunda convocatoria del evento, que se realizar\u00e1 entre los d\u00edas 7 y 9 de octubre de 2019, en la ciudad de Corumb\u00e1, Mato<a class=\"moretag\" href=\"https:\/\/sef-cpan.ufms.br\/vii\/segunda-convocatoria\/\">Read More&#8230;<\/a><\/p>\n","protected":false},"author":2,"featured_media":0,"comment_status":"closed","ping_status":"open","sticky":false,"template":"","format":"standard","meta":{"footnotes":""},"categories":[9],"tags":[],"yoast_head":"<!-- This site is optimized with the Yoast SEO plugin v23.1 - https:\/\/yoast.com\/wordpress\/plugins\/seo\/ -->\n<title>Segunda convocatoria - VII Semin\u00e1rio Internacional de Estudos Fronteiri\u00e7os<\/title>\n<meta name=\"robots\" content=\"index, follow, max-snippet:-1, max-image-preview:large, max-video-preview:-1\" \/>\n<link rel=\"canonical\" href=\"https:\/\/sef-cpan.ufms.br\/vii\/segunda-convocatoria\/\" \/>\n<meta property=\"og:locale\" content=\"pt_BR\" \/>\n<meta property=\"og:type\" content=\"article\" \/>\n<meta property=\"og:title\" content=\"Segunda convocatoria - VII Semin\u00e1rio Internacional de Estudos Fronteiri\u00e7os\" \/>\n<meta property=\"og:description\" content=\"La Comisi\u00f3n Organizadora del VII Seminario Internacional de Estudios Fronterizos hace p\u00fablica la segunda convocatoria del evento, que se realizar\u00e1 entre los d\u00edas 7 y 9 de octubre de 2019, en la ciudad de Corumb\u00e1, MatoRead More...\" \/>\n<meta property=\"og:url\" content=\"https:\/\/sef-cpan.ufms.br\/vii\/segunda-convocatoria\/\" \/>\n<meta property=\"og:site_name\" content=\"VII Semin\u00e1rio Internacional de Estudos Fronteiri\u00e7os\" \/>\n<meta property=\"article:published_time\" content=\"2019-07-02T15:03:35+00:00\" \/>\n<meta property=\"article:modified_time\" content=\"2019-08-01T19:01:10+00:00\" \/>\n<meta name=\"author\" content=\"edgar\" \/>\n<meta name=\"twitter:card\" content=\"summary_large_image\" \/>\n<meta name=\"twitter:label1\" content=\"Escrito por\" \/>\n\t<meta name=\"twitter:data1\" content=\"edgar\" \/>\n<script type=\"application\/ld+json\" class=\"yoast-schema-graph\">{\"@context\":\"https:\/\/schema.org\",\"@graph\":[{\"@type\":\"WebPage\",\"@id\":\"https:\/\/sef-cpan.ufms.br\/vii\/segunda-convocatoria\/\",\"url\":\"https:\/\/sef-cpan.ufms.br\/vii\/segunda-convocatoria\/\",\"name\":\"Segunda convocatoria - VII Semin\u00e1rio Internacional de Estudos Fronteiri\u00e7os\",\"isPartOf\":{\"@id\":\"https:\/\/sef-cpan.ufms.br\/vii\/#website\"},\"datePublished\":\"2019-07-02T15:03:35+00:00\",\"dateModified\":\"2019-08-01T19:01:10+00:00\",\"author\":{\"@id\":\"https:\/\/sef-cpan.ufms.br\/vii\/#\/schema\/person\/7db94e0ce7a5573e04d47c6e5dad2ce0\"},\"breadcrumb\":{\"@id\":\"https:\/\/sef-cpan.ufms.br\/vii\/segunda-convocatoria\/#breadcrumb\"},\"inLanguage\":\"pt-BR\",\"potentialAction\":[{\"@type\":\"ReadAction\",\"target\":[\"https:\/\/sef-cpan.ufms.br\/vii\/segunda-convocatoria\/\"]}]},{\"@type\":\"BreadcrumbList\",\"@id\":\"https:\/\/sef-cpan.ufms.br\/vii\/segunda-convocatoria\/#breadcrumb\",\"itemListElement\":[{\"@type\":\"ListItem\",\"position\":1,\"name\":\"In\u00edcio\",\"item\":\"https:\/\/sef-cpan.ufms.br\/vii\/\"},{\"@type\":\"ListItem\",\"position\":2,\"name\":\"Segunda convocatoria\"}]},{\"@type\":\"WebSite\",\"@id\":\"https:\/\/sef-cpan.ufms.br\/vii\/#website\",\"url\":\"https:\/\/sef-cpan.ufms.br\/vii\/\",\"name\":\"VII Semin\u00e1rio Internacional de Estudos Fronteiri\u00e7os\",\"description\":\"Funda\u00e7\u00e3o Universidade Federal de Mato Grosso do Sul - C\u00e2mpus do Pantanal\",\"potentialAction\":[{\"@type\":\"SearchAction\",\"target\":{\"@type\":\"EntryPoint\",\"urlTemplate\":\"https:\/\/sef-cpan.ufms.br\/vii\/?s={search_term_string}\"},\"query-input\":\"required name=search_term_string\"}],\"inLanguage\":\"pt-BR\"},{\"@type\":\"Person\",\"@id\":\"https:\/\/sef-cpan.ufms.br\/vii\/#\/schema\/person\/7db94e0ce7a5573e04d47c6e5dad2ce0\",\"name\":\"edgar\",\"image\":{\"@type\":\"ImageObject\",\"inLanguage\":\"pt-BR\",\"@id\":\"https:\/\/sef-cpan.ufms.br\/vii\/#\/schema\/person\/image\/\",\"url\":\"https:\/\/secure.gravatar.com\/avatar\/a80fa43b2cc43d0b3e64153798c20848?s=96&d=mm&r=g\",\"contentUrl\":\"https:\/\/secure.gravatar.com\/avatar\/a80fa43b2cc43d0b3e64153798c20848?s=96&d=mm&r=g\",\"caption\":\"edgar\"},\"url\":\"https:\/\/sef-cpan.ufms.br\/vii\/author\/edgar\/\"}]}<\/script>\n<!-- \/ Yoast SEO plugin. -->","yoast_head_json":{"title":"Segunda convocatoria - VII Semin\u00e1rio Internacional de Estudos Fronteiri\u00e7os","robots":{"index":"index","follow":"follow","max-snippet":"max-snippet:-1","max-image-preview":"max-image-preview:large","max-video-preview":"max-video-preview:-1"},"canonical":"https:\/\/sef-cpan.ufms.br\/vii\/segunda-convocatoria\/","og_locale":"pt_BR","og_type":"article","og_title":"Segunda convocatoria - VII Semin\u00e1rio Internacional de Estudos Fronteiri\u00e7os","og_description":"La Comisi\u00f3n Organizadora del VII Seminario Internacional de Estudios Fronterizos hace p\u00fablica la segunda convocatoria del evento, que se realizar\u00e1 entre los d\u00edas 7 y 9 de octubre de 2019, en la ciudad de Corumb\u00e1, MatoRead More...","og_url":"https:\/\/sef-cpan.ufms.br\/vii\/segunda-convocatoria\/","og_site_name":"VII Semin\u00e1rio Internacional de Estudos Fronteiri\u00e7os","article_published_time":"2019-07-02T15:03:35+00:00","article_modified_time":"2019-08-01T19:01:10+00:00","author":"edgar","twitter_card":"summary_large_image","twitter_misc":{"Escrito por":"edgar"},"schema":{"@context":"https:\/\/schema.org","@graph":[{"@type":"WebPage","@id":"https:\/\/sef-cpan.ufms.br\/vii\/segunda-convocatoria\/","url":"https:\/\/sef-cpan.ufms.br\/vii\/segunda-convocatoria\/","name":"Segunda convocatoria - VII Semin\u00e1rio Internacional de Estudos Fronteiri\u00e7os","isPartOf":{"@id":"https:\/\/sef-cpan.ufms.br\/vii\/#website"},"datePublished":"2019-07-02T15:03:35+00:00","dateModified":"2019-08-01T19:01:10+00:00","author":{"@id":"https:\/\/sef-cpan.ufms.br\/vii\/#\/schema\/person\/7db94e0ce7a5573e04d47c6e5dad2ce0"},"breadcrumb":{"@id":"https:\/\/sef-cpan.ufms.br\/vii\/segunda-convocatoria\/#breadcrumb"},"inLanguage":"pt-BR","potentialAction":[{"@type":"ReadAction","target":["https:\/\/sef-cpan.ufms.br\/vii\/segunda-convocatoria\/"]}]},{"@type":"BreadcrumbList","@id":"https:\/\/sef-cpan.ufms.br\/vii\/segunda-convocatoria\/#breadcrumb","itemListElement":[{"@type":"ListItem","position":1,"name":"In\u00edcio","item":"https:\/\/sef-cpan.ufms.br\/vii\/"},{"@type":"ListItem","position":2,"name":"Segunda convocatoria"}]},{"@type":"WebSite","@id":"https:\/\/sef-cpan.ufms.br\/vii\/#website","url":"https:\/\/sef-cpan.ufms.br\/vii\/","name":"VII Semin\u00e1rio Internacional de Estudos Fronteiri\u00e7os","description":"Funda\u00e7\u00e3o Universidade Federal de Mato Grosso do Sul - C\u00e2mpus do Pantanal","potentialAction":[{"@type":"SearchAction","target":{"@type":"EntryPoint","urlTemplate":"https:\/\/sef-cpan.ufms.br\/vii\/?s={search_term_string}"},"query-input":"required name=search_term_string"}],"inLanguage":"pt-BR"},{"@type":"Person","@id":"https:\/\/sef-cpan.ufms.br\/vii\/#\/schema\/person\/7db94e0ce7a5573e04d47c6e5dad2ce0","name":"edgar","image":{"@type":"ImageObject","inLanguage":"pt-BR","@id":"https:\/\/sef-cpan.ufms.br\/vii\/#\/schema\/person\/image\/","url":"https:\/\/secure.gravatar.com\/avatar\/a80fa43b2cc43d0b3e64153798c20848?s=96&d=mm&r=g","contentUrl":"https:\/\/secure.gravatar.com\/avatar\/a80fa43b2cc43d0b3e64153798c20848?s=96&d=mm&r=g","caption":"edgar"},"url":"https:\/\/sef-cpan.ufms.br\/vii\/author\/edgar\/"}]}},"_links":{"self":[{"href":"https:\/\/sef-cpan.ufms.br\/vii\/wp-json\/wp\/v2\/posts\/276"}],"collection":[{"href":"https:\/\/sef-cpan.ufms.br\/vii\/wp-json\/wp\/v2\/posts"}],"about":[{"href":"https:\/\/sef-cpan.ufms.br\/vii\/wp-json\/wp\/v2\/types\/post"}],"author":[{"embeddable":true,"href":"https:\/\/sef-cpan.ufms.br\/vii\/wp-json\/wp\/v2\/users\/2"}],"replies":[{"embeddable":true,"href":"https:\/\/sef-cpan.ufms.br\/vii\/wp-json\/wp\/v2\/comments?post=276"}],"version-history":[{"count":1,"href":"https:\/\/sef-cpan.ufms.br\/vii\/wp-json\/wp\/v2\/posts\/276\/revisions"}],"predecessor-version":[{"id":278,"href":"https:\/\/sef-cpan.ufms.br\/vii\/wp-json\/wp\/v2\/posts\/276\/revisions\/278"}],"wp:attachment":[{"href":"https:\/\/sef-cpan.ufms.br\/vii\/wp-json\/wp\/v2\/media?parent=276"}],"wp:term":[{"taxonomy":"category","embeddable":true,"href":"https:\/\/sef-cpan.ufms.br\/vii\/wp-json\/wp\/v2\/categories?post=276"},{"taxonomy":"post_tag","embeddable":true,"href":"https:\/\/sef-cpan.ufms.br\/vii\/wp-json\/wp\/v2\/tags?post=276"}],"curies":[{"name":"wp","href":"https:\/\/api.w.org\/{rel}","templated":true}]}}