{"id":79,"date":"2017-09-20T10:58:34","date_gmt":"2017-09-20T14:58:34","guid":{"rendered":"http:\/\/sef.ufms.br\/vi\/?p=79"},"modified":"2017-09-20T11:17:25","modified_gmt":"2017-09-20T15:17:25","slug":"inscricoes-abertas","status":"publish","type":"post","link":"https:\/\/sef-cpan.ufms.br\/vi\/2017\/09\/20\/inscricoes-abertas\/","title":{"rendered":"3\u00aa Circular &#8211; Inscri\u00e7\u00f5es abertas"},"content":{"rendered":"<p>As inscri\u00e7\u00f5es no VI SEF est\u00e3o abertas de 20 de setembro de 2017 a 04 de outubro de 2017 e os valores s\u00e3o:<\/p>\n<ul>\n<li>Profissionais (mestrandos, doutorandos, docentes e todos os demais): R$ 50,00<\/li>\n<li>Alunos de gradua\u00e7\u00e3o: R$ 20,00<\/li>\n<\/ul>\n<p>Para fazer a inscri\u00e7\u00e3o o interessado deve acessar o link <a href=\"https:\/\/sef-cpan.ufms.br\/vi\/inscricao\/\">https:\/\/sef-cpan.ufms.br\/vi\/inscricao\/<\/a> \u00a0e realizar os seguintes procedimentos:<\/p>\n<p>1 \u2013 Preencher o formul\u00e1rio com os dados pessoais.<\/p>\n<p>2- Colocar se \u00e9 gradua\u00e7\u00e3o ou profissionais.<\/p>\n<p>3- Preencher a Guia de Recolhimento.<\/p>\n<p>4- Efetuar o pagamento.<\/p>\n<p>Em seguida, quando executado o pagamento, deve digitalizar os comprovantes (de pagamento da inscri\u00e7\u00e3o e da declara\u00e7\u00e3o de aluno de gradua\u00e7\u00e3o, quando for o caso) e enviar para o e-mail <a href=\"mailto:sef.estudosfronteiricos@gmail.com\">sef.estudosfronteiricos@gmail.com<\/a><\/p>\n<p>A comprova\u00e7\u00e3o d\u00e1 direito, quando cumprido minimamente 75% de presen\u00e7a, a certifica\u00e7\u00e3o de participa\u00e7\u00e3o no evento.\u00a0 Carga hor\u00e1ria: 30 horas.<\/p>\n<iframe src=\"\/\/docs.google.com\/viewer?url=https%3A%2F%2Fsef-cpan.ufms.br%2Fvi%2Fwp-content%2Fuploads%2Fsites%2F3%2F2017%2F09%2FTerceira-Circular-VI-SEF.docx&hl=pt_BR&embedded=true\" class=\"gde-frame\" style=\"width:100%; height:500px; border: none;\" scrolling=\"no\"><\/iframe>\n<p class=\"gde-text\"><a href=\"https:\/\/sef-cpan.ufms.br\/vi\/wp-content\/uploads\/sites\/3\/2017\/09\/Terceira-Circular-VI-SEF.docx\" class=\"gde-link\">Download (DOCX, 260KB)<\/a><\/p>\n","protected":false},"excerpt":{"rendered":"<p>As inscri\u00e7\u00f5es no VI SEF est\u00e3o abertas de 20 de setembro de 2017 a 04 de outubro de 2017 e os valores s\u00e3o: Profissionais (mestrandos, doutorandos, docentes e todos os demais): R$ 50,00 Alunos de gradua\u00e7\u00e3o:<a class=\"moretag\" href=\"https:\/\/sef-cpan.ufms.br\/vi\/2017\/09\/20\/inscricoes-abertas\/\">Read More&#8230;<\/a><\/p>\n","protected":false},"author":1,"featured_media":0,"comment_status":"open","ping_status":"open","sticky":false,"template":"","format":"standard","meta":{"footnotes":""},"categories":[1],"tags":[],"yoast_head":"<!-- This site is optimized with the Yoast SEO plugin v23.1 - https:\/\/yoast.com\/wordpress\/plugins\/seo\/ -->\n<title>3\u00aa Circular - Inscri\u00e7\u00f5es abertas - VI Semin\u00e1rio de Estudos Fronteiri\u00e7os \u2013 2017<\/title>\n<meta name=\"robots\" content=\"index, follow, max-snippet:-1, max-image-preview:large, max-video-preview:-1\" \/>\n<link rel=\"canonical\" href=\"https:\/\/sef-cpan.ufms.br\/vi\/2017\/09\/20\/inscricoes-abertas\/\" \/>\n<meta property=\"og:locale\" content=\"pt_BR\" \/>\n<meta property=\"og:type\" content=\"article\" \/>\n<meta property=\"og:title\" content=\"3\u00aa Circular - Inscri\u00e7\u00f5es abertas - VI Semin\u00e1rio de Estudos Fronteiri\u00e7os \u2013 2017\" \/>\n<meta property=\"og:description\" content=\"As inscri\u00e7\u00f5es no VI SEF est\u00e3o abertas de 20 de setembro de 2017 a 04 de outubro de 2017 e os valores s\u00e3o: Profissionais (mestrandos, doutorandos, docentes e todos os demais): R$ 50,00 Alunos de gradua\u00e7\u00e3o:Read More...\" \/>\n<meta property=\"og:url\" content=\"https:\/\/sef-cpan.ufms.br\/vi\/2017\/09\/20\/inscricoes-abertas\/\" \/>\n<meta property=\"og:site_name\" content=\"VI Semin\u00e1rio de Estudos Fronteiri\u00e7os \u2013 2017\" \/>\n<meta property=\"article:published_time\" content=\"2017-09-20T14:58:34+00:00\" \/>\n<meta property=\"article:modified_time\" content=\"2017-09-20T15:17:25+00:00\" \/>\n<meta name=\"author\" content=\"luciano.silva\" \/>\n<meta name=\"twitter:card\" content=\"summary_large_image\" \/>\n<meta name=\"twitter:label1\" content=\"Escrito por\" \/>\n\t<meta name=\"twitter:data1\" content=\"luciano.silva\" \/>\n\t<meta name=\"twitter:label2\" content=\"Est. tempo de leitura\" \/>\n\t<meta name=\"twitter:data2\" content=\"1 minuto\" \/>\n<script type=\"application\/ld+json\" class=\"yoast-schema-graph\">{\"@context\":\"https:\/\/schema.org\",\"@graph\":[{\"@type\":\"WebPage\",\"@id\":\"https:\/\/sef-cpan.ufms.br\/vi\/2017\/09\/20\/inscricoes-abertas\/\",\"url\":\"https:\/\/sef-cpan.ufms.br\/vi\/2017\/09\/20\/inscricoes-abertas\/\",\"name\":\"3\u00aa Circular - Inscri\u00e7\u00f5es abertas - VI Semin\u00e1rio de Estudos Fronteiri\u00e7os \u2013 2017\",\"isPartOf\":{\"@id\":\"https:\/\/sef-cpan.ufms.br\/vi\/#website\"},\"datePublished\":\"2017-09-20T14:58:34+00:00\",\"dateModified\":\"2017-09-20T15:17:25+00:00\",\"author\":{\"@id\":\"https:\/\/sef-cpan.ufms.br\/vi\/#\/schema\/person\/ef0d221b3a604e593805ae968e952e00\"},\"breadcrumb\":{\"@id\":\"https:\/\/sef-cpan.ufms.br\/vi\/2017\/09\/20\/inscricoes-abertas\/#breadcrumb\"},\"inLanguage\":\"pt-BR\",\"potentialAction\":[{\"@type\":\"ReadAction\",\"target\":[\"https:\/\/sef-cpan.ufms.br\/vi\/2017\/09\/20\/inscricoes-abertas\/\"]}]},{\"@type\":\"BreadcrumbList\",\"@id\":\"https:\/\/sef-cpan.ufms.br\/vi\/2017\/09\/20\/inscricoes-abertas\/#breadcrumb\",\"itemListElement\":[{\"@type\":\"ListItem\",\"position\":1,\"name\":\"In\u00edcio\",\"item\":\"https:\/\/sef-cpan.ufms.br\/vi\/\"},{\"@type\":\"ListItem\",\"position\":2,\"name\":\"3\u00aa Circular &#8211; Inscri\u00e7\u00f5es abertas\"}]},{\"@type\":\"WebSite\",\"@id\":\"https:\/\/sef-cpan.ufms.br\/vi\/#website\",\"url\":\"https:\/\/sef-cpan.ufms.br\/vi\/\",\"name\":\"VI Semin\u00e1rio de Estudos Fronteiri\u00e7os \u2013 2017\",\"description\":\"O VI Semin\u00e1rio de Estudos Fronteiri\u00e7os acontecer\u00e1 na cidade de Corumb\u00e1, no campus da Universidade Federal de Mato Grosso do Sul, em 10\/2017\",\"potentialAction\":[{\"@type\":\"SearchAction\",\"target\":{\"@type\":\"EntryPoint\",\"urlTemplate\":\"https:\/\/sef-cpan.ufms.br\/vi\/?s={search_term_string}\"},\"query-input\":\"required name=search_term_string\"}],\"inLanguage\":\"pt-BR\"},{\"@type\":\"Person\",\"@id\":\"https:\/\/sef-cpan.ufms.br\/vi\/#\/schema\/person\/ef0d221b3a604e593805ae968e952e00\",\"name\":\"luciano.silva\",\"image\":{\"@type\":\"ImageObject\",\"inLanguage\":\"pt-BR\",\"@id\":\"https:\/\/sef-cpan.ufms.br\/vi\/#\/schema\/person\/image\/\",\"url\":\"https:\/\/secure.gravatar.com\/avatar\/f2d08cb1395953ee9cfdeee6ba26357c?s=96&d=mm&r=g\",\"contentUrl\":\"https:\/\/secure.gravatar.com\/avatar\/f2d08cb1395953ee9cfdeee6ba26357c?s=96&d=mm&r=g\",\"caption\":\"luciano.silva\"},\"url\":\"https:\/\/sef-cpan.ufms.br\/vi\/author\/luciano-silva\/\"}]}<\/script>\n<!-- \/ Yoast SEO plugin. -->","yoast_head_json":{"title":"3\u00aa Circular - Inscri\u00e7\u00f5es abertas - VI Semin\u00e1rio de Estudos Fronteiri\u00e7os \u2013 2017","robots":{"index":"index","follow":"follow","max-snippet":"max-snippet:-1","max-image-preview":"max-image-preview:large","max-video-preview":"max-video-preview:-1"},"canonical":"https:\/\/sef-cpan.ufms.br\/vi\/2017\/09\/20\/inscricoes-abertas\/","og_locale":"pt_BR","og_type":"article","og_title":"3\u00aa Circular - Inscri\u00e7\u00f5es abertas - VI Semin\u00e1rio de Estudos Fronteiri\u00e7os \u2013 2017","og_description":"As inscri\u00e7\u00f5es no VI SEF est\u00e3o abertas de 20 de setembro de 2017 a 04 de outubro de 2017 e os valores s\u00e3o: Profissionais (mestrandos, doutorandos, docentes e todos os demais): R$ 50,00 Alunos de gradua\u00e7\u00e3o:Read More...","og_url":"https:\/\/sef-cpan.ufms.br\/vi\/2017\/09\/20\/inscricoes-abertas\/","og_site_name":"VI Semin\u00e1rio de Estudos Fronteiri\u00e7os \u2013 2017","article_published_time":"2017-09-20T14:58:34+00:00","article_modified_time":"2017-09-20T15:17:25+00:00","author":"luciano.silva","twitter_card":"summary_large_image","twitter_misc":{"Escrito por":"luciano.silva","Est. tempo de leitura":"1 minuto"},"schema":{"@context":"https:\/\/schema.org","@graph":[{"@type":"WebPage","@id":"https:\/\/sef-cpan.ufms.br\/vi\/2017\/09\/20\/inscricoes-abertas\/","url":"https:\/\/sef-cpan.ufms.br\/vi\/2017\/09\/20\/inscricoes-abertas\/","name":"3\u00aa Circular - Inscri\u00e7\u00f5es abertas - VI Semin\u00e1rio de Estudos Fronteiri\u00e7os \u2013 2017","isPartOf":{"@id":"https:\/\/sef-cpan.ufms.br\/vi\/#website"},"datePublished":"2017-09-20T14:58:34+00:00","dateModified":"2017-09-20T15:17:25+00:00","author":{"@id":"https:\/\/sef-cpan.ufms.br\/vi\/#\/schema\/person\/ef0d221b3a604e593805ae968e952e00"},"breadcrumb":{"@id":"https:\/\/sef-cpan.ufms.br\/vi\/2017\/09\/20\/inscricoes-abertas\/#breadcrumb"},"inLanguage":"pt-BR","potentialAction":[{"@type":"ReadAction","target":["https:\/\/sef-cpan.ufms.br\/vi\/2017\/09\/20\/inscricoes-abertas\/"]}]},{"@type":"BreadcrumbList","@id":"https:\/\/sef-cpan.ufms.br\/vi\/2017\/09\/20\/inscricoes-abertas\/#breadcrumb","itemListElement":[{"@type":"ListItem","position":1,"name":"In\u00edcio","item":"https:\/\/sef-cpan.ufms.br\/vi\/"},{"@type":"ListItem","position":2,"name":"3\u00aa Circular &#8211; Inscri\u00e7\u00f5es abertas"}]},{"@type":"WebSite","@id":"https:\/\/sef-cpan.ufms.br\/vi\/#website","url":"https:\/\/sef-cpan.ufms.br\/vi\/","name":"VI Semin\u00e1rio de Estudos Fronteiri\u00e7os \u2013 2017","description":"O VI Semin\u00e1rio de Estudos Fronteiri\u00e7os acontecer\u00e1 na cidade de Corumb\u00e1, no campus da Universidade Federal de Mato Grosso do Sul, em 10\/2017","potentialAction":[{"@type":"SearchAction","target":{"@type":"EntryPoint","urlTemplate":"https:\/\/sef-cpan.ufms.br\/vi\/?s={search_term_string}"},"query-input":"required name=search_term_string"}],"inLanguage":"pt-BR"},{"@type":"Person","@id":"https:\/\/sef-cpan.ufms.br\/vi\/#\/schema\/person\/ef0d221b3a604e593805ae968e952e00","name":"luciano.silva","image":{"@type":"ImageObject","inLanguage":"pt-BR","@id":"https:\/\/sef-cpan.ufms.br\/vi\/#\/schema\/person\/image\/","url":"https:\/\/secure.gravatar.com\/avatar\/f2d08cb1395953ee9cfdeee6ba26357c?s=96&d=mm&r=g","contentUrl":"https:\/\/secure.gravatar.com\/avatar\/f2d08cb1395953ee9cfdeee6ba26357c?s=96&d=mm&r=g","caption":"luciano.silva"},"url":"https:\/\/sef-cpan.ufms.br\/vi\/author\/luciano-silva\/"}]}},"_links":{"self":[{"href":"https:\/\/sef-cpan.ufms.br\/vi\/wp-json\/wp\/v2\/posts\/79"}],"collection":[{"href":"https:\/\/sef-cpan.ufms.br\/vi\/wp-json\/wp\/v2\/posts"}],"about":[{"href":"https:\/\/sef-cpan.ufms.br\/vi\/wp-json\/wp\/v2\/types\/post"}],"author":[{"embeddable":true,"href":"https:\/\/sef-cpan.ufms.br\/vi\/wp-json\/wp\/v2\/users\/1"}],"replies":[{"embeddable":true,"href":"https:\/\/sef-cpan.ufms.br\/vi\/wp-json\/wp\/v2\/comments?post=79"}],"version-history":[{"count":3,"href":"https:\/\/sef-cpan.ufms.br\/vi\/wp-json\/wp\/v2\/posts\/79\/revisions"}],"predecessor-version":[{"id":84,"href":"https:\/\/sef-cpan.ufms.br\/vi\/wp-json\/wp\/v2\/posts\/79\/revisions\/84"}],"wp:attachment":[{"href":"https:\/\/sef-cpan.ufms.br\/vi\/wp-json\/wp\/v2\/media?parent=79"}],"wp:term":[{"taxonomy":"category","embeddable":true,"href":"https:\/\/sef-cpan.ufms.br\/vi\/wp-json\/wp\/v2\/categories?post=79"},{"taxonomy":"post_tag","embeddable":true,"href":"https:\/\/sef-cpan.ufms.br\/vi\/wp-json\/wp\/v2\/tags?post=79"}],"curies":[{"name":"wp","href":"https:\/\/api.w.org\/{rel}","templated":true}]}}