{"id":63,"date":"2017-08-14T14:22:04","date_gmt":"2017-08-14T18:22:04","guid":{"rendered":"http:\/\/sef.ufms.br\/vi\/?p=63"},"modified":"2017-08-14T14:22:04","modified_gmt":"2017-08-14T18:22:04","slug":"2o-circular","status":"publish","type":"post","link":"https:\/\/sef-cpan.ufms.br\/vi\/2017\/08\/14\/2o-circular\/","title":{"rendered":"2\u00ba Circular"},"content":{"rendered":"<p><span style=\"color: #000000;\"><span style=\"font-family: Arial, serif;\"><span style=\"font-size: medium;\"><b>ALTERA\u00c7\u00c3O NO PER\u00cdODO DE RECEBIMENTO DOS TRABALHOS: <\/b><\/span><\/span><\/span><\/p>\n<p align=\"justify\"><span style=\"color: #000000;\"><span style=\"font-family: Arial, serif;\"><span style=\"font-size: medium;\">Ser\u00e3o aceitos apenas trabalhos completos que dever\u00e3o ser encaminhados exclusivamente pelo sistema da Revista GeoPantanal (<a href=\"http:\/\/seer.ufms.br\/index.php\/revgeo\/\">http:\/\/seer.ufms.br\/index.php\/revgeo\/<\/a>). <b>O prazo final para envio dos trabalhos foi alterado para 10\/09\/2017. <\/b><\/span><\/span><\/span><\/p>\n<p align=\"justify\"><span style=\"color: #000000;\"><span style=\"font-family: Arial, serif;\"><span style=\"font-size: medium;\">Para submeter o artigo, o autor deve fazer, primeiramente, o cadastro na Revista e marcar as op\u00e7\u00f5es Leitor e Autor. Em seguida j\u00e1 pode fazer a submiss\u00e3o. Na primeira p\u00e1gina da submiss\u00e3o escolha a <b>Se\u00e7\u00e3o VI Semin\u00e1rio de Estudos Fronteiri\u00e7os<\/b>.<\/span><\/span><\/span><\/p>\n<p><span style=\"color: #000000;\"><span style=\"font-family: Arial, serif;\"><span style=\"font-size: medium;\"><b>NORMAS PARA TRABALHOS COMPLETOS <\/b><\/span><\/span><\/span><\/p>\n<p align=\"justify\"><span style=\"color: #000000;\"><span style=\"font-family: Arial, serif;\"><span style=\"font-size: medium;\"><b>Formato: <\/b>em documento word (.doc); folha tamanho A4; letra arial 12; espa\u00e7o entre as linhas de 1,5; margens: superior e esquerda, 3,0 cm, direita e inferior 2 cm; recuo de par\u00e1grafo de 1,25 cm. <\/span><\/span><\/span><\/p>\n<p align=\"justify\"><span style=\"color: #000000;\"><span style=\"font-family: Arial, serif;\"><span style=\"font-size: medium;\"><b>T\u00edtulo do trabalho: <\/b>em mai\u00fasculas, negrito e centralizado. Tamb\u00e9m traduzido para o ingl\u00eas ou espanhol.<\/span><\/span><\/span><\/p>\n<p align=\"justify\"><span style=\"color: #000000;\"><span style=\"font-family: Arial, serif;\"><span style=\"font-size: medium;\"><b>Identifica\u00e7\u00e3o do autor (es): <\/b>Lan\u00e7ado diretamente no Sistema da Revista. <b>M\u00e1ximo de 3 autores por artigo.<\/b><\/span><\/span><\/span><\/p>\n<p align=\"justify\"><span style=\"color: #000000;\"><span style=\"font-family: Arial, serif;\"><span style=\"font-size: medium;\"><b>Tamanho do texto: <\/b>entre 10 e 20 p\u00e1ginas contendo obrigatoriamente: <b>resumos em portugu\u00eas e ingl\u00eas ou espanhol<\/b>, objetivos, a metodologia, resultados da pesquisa e refer\u00eancias (normas da ABNT). <\/span><\/span><\/span><\/p>\n<p align=\"justify\"><span style=\"color: #000000;\"><span style=\"font-family: Arial, serif;\"><span style=\"font-size: medium;\"><b>Obs<\/b>. Cada autor poder\u00e1 enviar apenas um texto para an\u00e1lise como primeiro autor. <\/span><\/span><\/span><\/p>\n<p><span style=\"color: #000000;\"><span style=\"font-family: Arial, serif;\"><span style=\"font-size: medium;\"><b>INSCRI\u00c7\u00c3O: <\/b><\/span><\/span><\/span><\/p>\n<p align=\"justify\"><span style=\"color: #000000;\"><span style=\"font-family: Arial, serif;\"><span style=\"font-size: medium;\">Os valores para inscri\u00e7\u00e3o no VI SEF s\u00e3o:<\/span><\/span><\/span><\/p>\n<p align=\"justify\"><span style=\"color: #000000;\"><span style=\"font-family: Arial, serif;\"><span style=\"font-size: medium;\">Profissionais (mestrandos, doutorandos, docentes e todos os demais): R$ 100,00<\/span><\/span><\/span><\/p>\n<p align=\"justify\"><span style=\"color: #000000;\"><span style=\"font-family: Arial, serif;\"><span style=\"font-size: medium;\">Alunos de gradua\u00e7\u00e3o: R$ 50,00<\/span><\/span><\/span><\/p>\n<p><a name=\"_GoBack\"><\/a> <span style=\"color: #000000;\"><span style=\"font-family: Arial, serif;\"><span style=\"font-size: medium;\">As inscri\u00e7\u00f5es estar\u00e3o abertas a partir de 01 de setembro de 2017. A forma ser\u00e1 disponibilizada na terceira circular.<\/span><\/span><\/span><\/p>\n<p align=\"justify\"><span style=\"color: #000000;\"><span style=\"font-family: Arial, serif;\"><span style=\"font-size: medium;\"><b>COMISS\u00c3O ORGANIZADORA<\/b><\/span><\/span><\/span><\/p>\n<table width=\"563\" cellspacing=\"0\" cellpadding=\"7\">\n<colgroup>\n<col width=\"268\" \/>\n<col width=\"268\" \/> <\/colgroup>\n<tbody>\n<tr valign=\"top\">\n<td width=\"268\"><span style=\"color: #000000;\"><span style=\"font-family: Arial, serif;\"><span style=\"font-size: medium;\"><b>Nome <\/b><\/span><\/span><\/span><\/td>\n<td width=\"268\"><span style=\"color: #000000;\"><span style=\"font-family: Arial, serif;\"><span style=\"font-size: medium;\"><b>Institui\u00e7\u00e3o <\/b><\/span><\/span><\/span><\/td>\n<\/tr>\n<tr valign=\"top\">\n<td width=\"268\"><span style=\"color: #000000;\"><span style=\"font-family: Arial, serif;\"><span style=\"font-size: medium;\">Adriana Dorfman<\/span><\/span><\/span><\/td>\n<td width=\"268\"><span style=\"color: #000000;\"><span style=\"font-family: Arial, serif;\"><span style=\"font-size: medium;\">UFRGS &#8211; Unbral Fronteiras<\/span><\/span><\/span><\/td>\n<\/tr>\n<tr valign=\"top\">\n<td width=\"268\"><span style=\"color: #000000;\"><span style=\"font-family: Arial, serif;\"><span style=\"font-size: medium;\">Alex Jorge das Neves<\/span><\/span><\/span><\/td>\n<td width=\"268\"><span style=\"color: #000000;\"><span style=\"font-family: Arial, serif;\"><span style=\"font-size: medium;\">SSP da Sec. Seg. P\u00fab. de Goi\u00e1s<\/span><\/span><\/span><\/td>\n<\/tr>\n<tr valign=\"top\">\n<td width=\"268\"><span style=\"color: #000000;\"><span style=\"font-family: Arial, serif;\"><span style=\"font-size: medium;\">Aguinaldo Silva<\/span><\/span><\/span><\/td>\n<td width=\"268\"><span style=\"color: #000000;\"><span style=\"font-family: Arial, serif;\"><span style=\"font-size: medium;\">UFMS <\/span><\/span><\/span><\/td>\n<\/tr>\n<tr valign=\"top\">\n<td width=\"268\" height=\"4\"><span style=\"color: #000000;\"><span style=\"font-family: Arial, serif;\"><span style=\"font-size: medium;\">Beatriz Lima de Paula Silva <\/span><\/span><\/span><\/td>\n<td width=\"268\"><span style=\"color: #000000;\"><span style=\"font-family: Arial, serif;\"><span style=\"font-size: medium;\">UFMS<\/span><\/span><\/span><\/td>\n<\/tr>\n<tr valign=\"top\">\n<td width=\"268\" height=\"4\"><span style=\"color: #000000;\"><span style=\"font-family: Arial, serif;\"><span style=\"font-size: medium;\">Edgar Aparecido da Costa <\/span><\/span><\/span><\/td>\n<td width=\"268\"><span style=\"color: #000000;\"><span style=\"font-family: Arial, serif;\"><span style=\"font-size: medium;\">UFMS <\/span><\/span><\/span><\/td>\n<\/tr>\n<tr valign=\"top\">\n<td width=\"268\" height=\"4\"><span style=\"color: #000000;\"><span style=\"font-family: Arial, serif;\"><span style=\"font-size: medium;\">Luciano \u00c9dipo Pereira da Silva <\/span><\/span><\/span><\/td>\n<td width=\"268\"><span style=\"color: #000000;\"><span style=\"font-family: Arial, serif;\"><span style=\"font-size: medium;\">UFMS<\/span><\/span><\/span><\/td>\n<\/tr>\n<tr valign=\"top\">\n<td width=\"268\" height=\"4\"><span style=\"color: #000000;\"><span style=\"font-family: Arial, serif;\"><span style=\"font-size: medium;\">Karla Maria M\u00fcller<\/span><\/span><\/span><\/td>\n<td width=\"268\"><span style=\"color: #000000;\"><span style=\"font-family: Arial, serif;\"><span style=\"font-size: medium;\">UFRGS &#8211; Unbral Fronteiras<\/span><\/span><\/span><\/td>\n<\/tr>\n<tr valign=\"top\">\n<td width=\"268\"><span style=\"color: #000000;\"><span style=\"font-family: Arial, serif;\"><span style=\"font-size: medium;\">Rebeca Steiman <\/span><\/span><\/span><\/td>\n<td width=\"268\"><span style=\"color: #000000;\"><span style=\"font-family: Arial, serif;\"><span style=\"font-size: medium;\">UFRJ \u2013 Grupo Retis <\/span><\/span><\/span><\/td>\n<\/tr>\n<\/tbody>\n<\/table>\n","protected":false},"excerpt":{"rendered":"<p>ALTERA\u00c7\u00c3O NO PER\u00cdODO DE RECEBIMENTO DOS TRABALHOS: Ser\u00e3o aceitos apenas trabalhos completos que dever\u00e3o ser encaminhados exclusivamente pelo sistema da Revista GeoPantanal (http:\/\/seer.ufms.br\/index.php\/revgeo\/). O prazo final para envio dos trabalhos foi alterado para 10\/09\/2017. Para submeter<a class=\"moretag\" href=\"https:\/\/sef-cpan.ufms.br\/vi\/2017\/08\/14\/2o-circular\/\">Read More&#8230;<\/a><\/p>\n","protected":false},"author":1,"featured_media":0,"comment_status":"open","ping_status":"open","sticky":false,"template":"","format":"standard","meta":{"footnotes":""},"categories":[1],"tags":[],"yoast_head":"<!-- This site is optimized with the Yoast SEO plugin v23.1 - https:\/\/yoast.com\/wordpress\/plugins\/seo\/ -->\n<title>2\u00ba Circular - VI Semin\u00e1rio de Estudos Fronteiri\u00e7os \u2013 2017<\/title>\n<meta name=\"robots\" content=\"index, follow, max-snippet:-1, max-image-preview:large, max-video-preview:-1\" \/>\n<link rel=\"canonical\" href=\"https:\/\/sef-cpan.ufms.br\/vi\/2017\/08\/14\/2o-circular\/\" \/>\n<meta property=\"og:locale\" content=\"pt_BR\" \/>\n<meta property=\"og:type\" content=\"article\" \/>\n<meta property=\"og:title\" content=\"2\u00ba Circular - VI Semin\u00e1rio de Estudos Fronteiri\u00e7os \u2013 2017\" \/>\n<meta property=\"og:description\" content=\"ALTERA\u00c7\u00c3O NO PER\u00cdODO DE RECEBIMENTO DOS TRABALHOS: Ser\u00e3o aceitos apenas trabalhos completos que dever\u00e3o ser encaminhados exclusivamente pelo sistema da Revista GeoPantanal (http:\/\/seer.ufms.br\/index.php\/revgeo\/). O prazo final para envio dos trabalhos foi alterado para 10\/09\/2017. Para submeterRead More...\" \/>\n<meta property=\"og:url\" content=\"https:\/\/sef-cpan.ufms.br\/vi\/2017\/08\/14\/2o-circular\/\" \/>\n<meta property=\"og:site_name\" content=\"VI Semin\u00e1rio de Estudos Fronteiri\u00e7os \u2013 2017\" \/>\n<meta property=\"article:published_time\" content=\"2017-08-14T18:22:04+00:00\" \/>\n<meta name=\"author\" content=\"luciano.silva\" \/>\n<meta name=\"twitter:card\" content=\"summary_large_image\" \/>\n<meta name=\"twitter:label1\" content=\"Escrito por\" \/>\n\t<meta name=\"twitter:data1\" content=\"luciano.silva\" \/>\n\t<meta name=\"twitter:label2\" content=\"Est. tempo de leitura\" \/>\n\t<meta name=\"twitter:data2\" content=\"2 minutos\" \/>\n<script type=\"application\/ld+json\" class=\"yoast-schema-graph\">{\"@context\":\"https:\/\/schema.org\",\"@graph\":[{\"@type\":\"WebPage\",\"@id\":\"https:\/\/sef-cpan.ufms.br\/vi\/2017\/08\/14\/2o-circular\/\",\"url\":\"https:\/\/sef-cpan.ufms.br\/vi\/2017\/08\/14\/2o-circular\/\",\"name\":\"2\u00ba Circular - VI Semin\u00e1rio de Estudos Fronteiri\u00e7os \u2013 2017\",\"isPartOf\":{\"@id\":\"https:\/\/sef-cpan.ufms.br\/vi\/#website\"},\"datePublished\":\"2017-08-14T18:22:04+00:00\",\"dateModified\":\"2017-08-14T18:22:04+00:00\",\"author\":{\"@id\":\"https:\/\/sef-cpan.ufms.br\/vi\/#\/schema\/person\/ef0d221b3a604e593805ae968e952e00\"},\"breadcrumb\":{\"@id\":\"https:\/\/sef-cpan.ufms.br\/vi\/2017\/08\/14\/2o-circular\/#breadcrumb\"},\"inLanguage\":\"pt-BR\",\"potentialAction\":[{\"@type\":\"ReadAction\",\"target\":[\"https:\/\/sef-cpan.ufms.br\/vi\/2017\/08\/14\/2o-circular\/\"]}]},{\"@type\":\"BreadcrumbList\",\"@id\":\"https:\/\/sef-cpan.ufms.br\/vi\/2017\/08\/14\/2o-circular\/#breadcrumb\",\"itemListElement\":[{\"@type\":\"ListItem\",\"position\":1,\"name\":\"In\u00edcio\",\"item\":\"https:\/\/sef-cpan.ufms.br\/vi\/\"},{\"@type\":\"ListItem\",\"position\":2,\"name\":\"2\u00ba Circular\"}]},{\"@type\":\"WebSite\",\"@id\":\"https:\/\/sef-cpan.ufms.br\/vi\/#website\",\"url\":\"https:\/\/sef-cpan.ufms.br\/vi\/\",\"name\":\"VI Semin\u00e1rio de Estudos Fronteiri\u00e7os \u2013 2017\",\"description\":\"O VI Semin\u00e1rio de Estudos Fronteiri\u00e7os acontecer\u00e1 na cidade de Corumb\u00e1, no campus da Universidade Federal de Mato Grosso do Sul, em 10\/2017\",\"potentialAction\":[{\"@type\":\"SearchAction\",\"target\":{\"@type\":\"EntryPoint\",\"urlTemplate\":\"https:\/\/sef-cpan.ufms.br\/vi\/?s={search_term_string}\"},\"query-input\":\"required name=search_term_string\"}],\"inLanguage\":\"pt-BR\"},{\"@type\":\"Person\",\"@id\":\"https:\/\/sef-cpan.ufms.br\/vi\/#\/schema\/person\/ef0d221b3a604e593805ae968e952e00\",\"name\":\"luciano.silva\",\"image\":{\"@type\":\"ImageObject\",\"inLanguage\":\"pt-BR\",\"@id\":\"https:\/\/sef-cpan.ufms.br\/vi\/#\/schema\/person\/image\/\",\"url\":\"https:\/\/secure.gravatar.com\/avatar\/f2d08cb1395953ee9cfdeee6ba26357c?s=96&d=mm&r=g\",\"contentUrl\":\"https:\/\/secure.gravatar.com\/avatar\/f2d08cb1395953ee9cfdeee6ba26357c?s=96&d=mm&r=g\",\"caption\":\"luciano.silva\"},\"url\":\"https:\/\/sef-cpan.ufms.br\/vi\/author\/luciano-silva\/\"}]}<\/script>\n<!-- \/ Yoast SEO plugin. -->","yoast_head_json":{"title":"2\u00ba Circular - VI Semin\u00e1rio de Estudos Fronteiri\u00e7os \u2013 2017","robots":{"index":"index","follow":"follow","max-snippet":"max-snippet:-1","max-image-preview":"max-image-preview:large","max-video-preview":"max-video-preview:-1"},"canonical":"https:\/\/sef-cpan.ufms.br\/vi\/2017\/08\/14\/2o-circular\/","og_locale":"pt_BR","og_type":"article","og_title":"2\u00ba Circular - VI Semin\u00e1rio de Estudos Fronteiri\u00e7os \u2013 2017","og_description":"ALTERA\u00c7\u00c3O NO PER\u00cdODO DE RECEBIMENTO DOS TRABALHOS: Ser\u00e3o aceitos apenas trabalhos completos que dever\u00e3o ser encaminhados exclusivamente pelo sistema da Revista GeoPantanal (http:\/\/seer.ufms.br\/index.php\/revgeo\/). O prazo final para envio dos trabalhos foi alterado para 10\/09\/2017. Para submeterRead More...","og_url":"https:\/\/sef-cpan.ufms.br\/vi\/2017\/08\/14\/2o-circular\/","og_site_name":"VI Semin\u00e1rio de Estudos Fronteiri\u00e7os \u2013 2017","article_published_time":"2017-08-14T18:22:04+00:00","author":"luciano.silva","twitter_card":"summary_large_image","twitter_misc":{"Escrito por":"luciano.silva","Est. tempo de leitura":"2 minutos"},"schema":{"@context":"https:\/\/schema.org","@graph":[{"@type":"WebPage","@id":"https:\/\/sef-cpan.ufms.br\/vi\/2017\/08\/14\/2o-circular\/","url":"https:\/\/sef-cpan.ufms.br\/vi\/2017\/08\/14\/2o-circular\/","name":"2\u00ba Circular - VI Semin\u00e1rio de Estudos Fronteiri\u00e7os \u2013 2017","isPartOf":{"@id":"https:\/\/sef-cpan.ufms.br\/vi\/#website"},"datePublished":"2017-08-14T18:22:04+00:00","dateModified":"2017-08-14T18:22:04+00:00","author":{"@id":"https:\/\/sef-cpan.ufms.br\/vi\/#\/schema\/person\/ef0d221b3a604e593805ae968e952e00"},"breadcrumb":{"@id":"https:\/\/sef-cpan.ufms.br\/vi\/2017\/08\/14\/2o-circular\/#breadcrumb"},"inLanguage":"pt-BR","potentialAction":[{"@type":"ReadAction","target":["https:\/\/sef-cpan.ufms.br\/vi\/2017\/08\/14\/2o-circular\/"]}]},{"@type":"BreadcrumbList","@id":"https:\/\/sef-cpan.ufms.br\/vi\/2017\/08\/14\/2o-circular\/#breadcrumb","itemListElement":[{"@type":"ListItem","position":1,"name":"In\u00edcio","item":"https:\/\/sef-cpan.ufms.br\/vi\/"},{"@type":"ListItem","position":2,"name":"2\u00ba Circular"}]},{"@type":"WebSite","@id":"https:\/\/sef-cpan.ufms.br\/vi\/#website","url":"https:\/\/sef-cpan.ufms.br\/vi\/","name":"VI Semin\u00e1rio de Estudos Fronteiri\u00e7os \u2013 2017","description":"O VI Semin\u00e1rio de Estudos Fronteiri\u00e7os acontecer\u00e1 na cidade de Corumb\u00e1, no campus da Universidade Federal de Mato Grosso do Sul, em 10\/2017","potentialAction":[{"@type":"SearchAction","target":{"@type":"EntryPoint","urlTemplate":"https:\/\/sef-cpan.ufms.br\/vi\/?s={search_term_string}"},"query-input":"required name=search_term_string"}],"inLanguage":"pt-BR"},{"@type":"Person","@id":"https:\/\/sef-cpan.ufms.br\/vi\/#\/schema\/person\/ef0d221b3a604e593805ae968e952e00","name":"luciano.silva","image":{"@type":"ImageObject","inLanguage":"pt-BR","@id":"https:\/\/sef-cpan.ufms.br\/vi\/#\/schema\/person\/image\/","url":"https:\/\/secure.gravatar.com\/avatar\/f2d08cb1395953ee9cfdeee6ba26357c?s=96&d=mm&r=g","contentUrl":"https:\/\/secure.gravatar.com\/avatar\/f2d08cb1395953ee9cfdeee6ba26357c?s=96&d=mm&r=g","caption":"luciano.silva"},"url":"https:\/\/sef-cpan.ufms.br\/vi\/author\/luciano-silva\/"}]}},"_links":{"self":[{"href":"https:\/\/sef-cpan.ufms.br\/vi\/wp-json\/wp\/v2\/posts\/63"}],"collection":[{"href":"https:\/\/sef-cpan.ufms.br\/vi\/wp-json\/wp\/v2\/posts"}],"about":[{"href":"https:\/\/sef-cpan.ufms.br\/vi\/wp-json\/wp\/v2\/types\/post"}],"author":[{"embeddable":true,"href":"https:\/\/sef-cpan.ufms.br\/vi\/wp-json\/wp\/v2\/users\/1"}],"replies":[{"embeddable":true,"href":"https:\/\/sef-cpan.ufms.br\/vi\/wp-json\/wp\/v2\/comments?post=63"}],"version-history":[{"count":1,"href":"https:\/\/sef-cpan.ufms.br\/vi\/wp-json\/wp\/v2\/posts\/63\/revisions"}],"predecessor-version":[{"id":64,"href":"https:\/\/sef-cpan.ufms.br\/vi\/wp-json\/wp\/v2\/posts\/63\/revisions\/64"}],"wp:attachment":[{"href":"https:\/\/sef-cpan.ufms.br\/vi\/wp-json\/wp\/v2\/media?parent=63"}],"wp:term":[{"taxonomy":"category","embeddable":true,"href":"https:\/\/sef-cpan.ufms.br\/vi\/wp-json\/wp\/v2\/categories?post=63"},{"taxonomy":"post_tag","embeddable":true,"href":"https:\/\/sef-cpan.ufms.br\/vi\/wp-json\/wp\/v2\/tags?post=63"}],"curies":[{"name":"wp","href":"https:\/\/api.w.org\/{rel}","templated":true}]}}