{"id":45,"date":"2017-05-19T16:31:15","date_gmt":"2017-05-19T19:31:15","guid":{"rendered":"http:\/\/sef.ufms.br\/vi\/?p=45"},"modified":"2017-05-19T16:43:15","modified_gmt":"2017-05-19T19:43:15","slug":"1a-circular","status":"publish","type":"post","link":"https:\/\/sef-cpan.ufms.br\/vi\/2017\/05\/19\/1a-circular\/","title":{"rendered":"1\u00aa Circular"},"content":{"rendered":"<iframe src=\"\/\/docs.google.com\/viewer?url=https%3A%2F%2Fsef-cpan.ufms.br%2Fvi%2Fwp-content%2Fuploads%2Fsites%2F3%2F2017%2F05%2FPrimeira-Circular-VI-SEF.pdf&hl=pt_BR&embedded=true\" class=\"gde-frame\" style=\"width:100%; height:500px; border: none;\" scrolling=\"no\"><\/iframe>\n<p class=\"gde-text\"><a href=\"https:\/\/sef-cpan.ufms.br\/vi\/wp-content\/uploads\/sites\/3\/2017\/05\/Primeira-Circular-VI-SEF.pdf\" class=\"gde-link\">Download (PDF, 197KB)<\/a><\/p>\n","protected":false},"excerpt":{"rendered":"","protected":false},"author":1,"featured_media":0,"comment_status":"open","ping_status":"open","sticky":false,"template":"","format":"standard","meta":{"footnotes":""},"categories":[1],"tags":[],"yoast_head":"<!-- This site is optimized with the Yoast SEO plugin v23.1 - https:\/\/yoast.com\/wordpress\/plugins\/seo\/ -->\n<title>1\u00aa Circular - VI Semin\u00e1rio de Estudos Fronteiri\u00e7os \u2013 2017<\/title>\n<meta name=\"robots\" content=\"index, follow, max-snippet:-1, max-image-preview:large, max-video-preview:-1\" \/>\n<link rel=\"canonical\" href=\"https:\/\/sef-cpan.ufms.br\/vi\/2017\/05\/19\/1a-circular\/\" \/>\n<meta property=\"og:locale\" content=\"pt_BR\" \/>\n<meta property=\"og:type\" content=\"article\" \/>\n<meta property=\"og:title\" content=\"1\u00aa Circular - VI Semin\u00e1rio de Estudos Fronteiri\u00e7os \u2013 2017\" \/>\n<meta property=\"og:url\" content=\"https:\/\/sef-cpan.ufms.br\/vi\/2017\/05\/19\/1a-circular\/\" \/>\n<meta property=\"og:site_name\" content=\"VI Semin\u00e1rio de Estudos Fronteiri\u00e7os \u2013 2017\" \/>\n<meta property=\"article:published_time\" content=\"2017-05-19T19:31:15+00:00\" \/>\n<meta property=\"article:modified_time\" content=\"2017-05-19T19:43:15+00:00\" \/>\n<meta name=\"author\" content=\"luciano.silva\" \/>\n<meta name=\"twitter:card\" content=\"summary_large_image\" \/>\n<meta name=\"twitter:label1\" content=\"Escrito por\" \/>\n\t<meta name=\"twitter:data1\" content=\"luciano.silva\" \/>\n<script type=\"application\/ld+json\" class=\"yoast-schema-graph\">{\"@context\":\"https:\/\/schema.org\",\"@graph\":[{\"@type\":\"WebPage\",\"@id\":\"https:\/\/sef-cpan.ufms.br\/vi\/2017\/05\/19\/1a-circular\/\",\"url\":\"https:\/\/sef-cpan.ufms.br\/vi\/2017\/05\/19\/1a-circular\/\",\"name\":\"1\u00aa Circular - VI Semin\u00e1rio de Estudos Fronteiri\u00e7os \u2013 2017\",\"isPartOf\":{\"@id\":\"https:\/\/sef-cpan.ufms.br\/vi\/#website\"},\"datePublished\":\"2017-05-19T19:31:15+00:00\",\"dateModified\":\"2017-05-19T19:43:15+00:00\",\"author\":{\"@id\":\"https:\/\/sef-cpan.ufms.br\/vi\/#\/schema\/person\/ef0d221b3a604e593805ae968e952e00\"},\"breadcrumb\":{\"@id\":\"https:\/\/sef-cpan.ufms.br\/vi\/2017\/05\/19\/1a-circular\/#breadcrumb\"},\"inLanguage\":\"pt-BR\",\"potentialAction\":[{\"@type\":\"ReadAction\",\"target\":[\"https:\/\/sef-cpan.ufms.br\/vi\/2017\/05\/19\/1a-circular\/\"]}]},{\"@type\":\"BreadcrumbList\",\"@id\":\"https:\/\/sef-cpan.ufms.br\/vi\/2017\/05\/19\/1a-circular\/#breadcrumb\",\"itemListElement\":[{\"@type\":\"ListItem\",\"position\":1,\"name\":\"In\u00edcio\",\"item\":\"https:\/\/sef-cpan.ufms.br\/vi\/\"},{\"@type\":\"ListItem\",\"position\":2,\"name\":\"1\u00aa Circular\"}]},{\"@type\":\"WebSite\",\"@id\":\"https:\/\/sef-cpan.ufms.br\/vi\/#website\",\"url\":\"https:\/\/sef-cpan.ufms.br\/vi\/\",\"name\":\"VI Semin\u00e1rio de Estudos Fronteiri\u00e7os \u2013 2017\",\"description\":\"O VI Semin\u00e1rio de Estudos Fronteiri\u00e7os acontecer\u00e1 na cidade de Corumb\u00e1, no campus da Universidade Federal de Mato Grosso do Sul, em 10\/2017\",\"potentialAction\":[{\"@type\":\"SearchAction\",\"target\":{\"@type\":\"EntryPoint\",\"urlTemplate\":\"https:\/\/sef-cpan.ufms.br\/vi\/?s={search_term_string}\"},\"query-input\":\"required name=search_term_string\"}],\"inLanguage\":\"pt-BR\"},{\"@type\":\"Person\",\"@id\":\"https:\/\/sef-cpan.ufms.br\/vi\/#\/schema\/person\/ef0d221b3a604e593805ae968e952e00\",\"name\":\"luciano.silva\",\"image\":{\"@type\":\"ImageObject\",\"inLanguage\":\"pt-BR\",\"@id\":\"https:\/\/sef-cpan.ufms.br\/vi\/#\/schema\/person\/image\/\",\"url\":\"https:\/\/secure.gravatar.com\/avatar\/f2d08cb1395953ee9cfdeee6ba26357c?s=96&d=mm&r=g\",\"contentUrl\":\"https:\/\/secure.gravatar.com\/avatar\/f2d08cb1395953ee9cfdeee6ba26357c?s=96&d=mm&r=g\",\"caption\":\"luciano.silva\"},\"url\":\"https:\/\/sef-cpan.ufms.br\/vi\/author\/luciano-silva\/\"}]}<\/script>\n<!-- \/ Yoast SEO plugin. -->","yoast_head_json":{"title":"1\u00aa Circular - VI Semin\u00e1rio de Estudos Fronteiri\u00e7os \u2013 2017","robots":{"index":"index","follow":"follow","max-snippet":"max-snippet:-1","max-image-preview":"max-image-preview:large","max-video-preview":"max-video-preview:-1"},"canonical":"https:\/\/sef-cpan.ufms.br\/vi\/2017\/05\/19\/1a-circular\/","og_locale":"pt_BR","og_type":"article","og_title":"1\u00aa Circular - VI Semin\u00e1rio de Estudos Fronteiri\u00e7os \u2013 2017","og_url":"https:\/\/sef-cpan.ufms.br\/vi\/2017\/05\/19\/1a-circular\/","og_site_name":"VI Semin\u00e1rio de Estudos Fronteiri\u00e7os \u2013 2017","article_published_time":"2017-05-19T19:31:15+00:00","article_modified_time":"2017-05-19T19:43:15+00:00","author":"luciano.silva","twitter_card":"summary_large_image","twitter_misc":{"Escrito por":"luciano.silva"},"schema":{"@context":"https:\/\/schema.org","@graph":[{"@type":"WebPage","@id":"https:\/\/sef-cpan.ufms.br\/vi\/2017\/05\/19\/1a-circular\/","url":"https:\/\/sef-cpan.ufms.br\/vi\/2017\/05\/19\/1a-circular\/","name":"1\u00aa Circular - VI Semin\u00e1rio de Estudos Fronteiri\u00e7os \u2013 2017","isPartOf":{"@id":"https:\/\/sef-cpan.ufms.br\/vi\/#website"},"datePublished":"2017-05-19T19:31:15+00:00","dateModified":"2017-05-19T19:43:15+00:00","author":{"@id":"https:\/\/sef-cpan.ufms.br\/vi\/#\/schema\/person\/ef0d221b3a604e593805ae968e952e00"},"breadcrumb":{"@id":"https:\/\/sef-cpan.ufms.br\/vi\/2017\/05\/19\/1a-circular\/#breadcrumb"},"inLanguage":"pt-BR","potentialAction":[{"@type":"ReadAction","target":["https:\/\/sef-cpan.ufms.br\/vi\/2017\/05\/19\/1a-circular\/"]}]},{"@type":"BreadcrumbList","@id":"https:\/\/sef-cpan.ufms.br\/vi\/2017\/05\/19\/1a-circular\/#breadcrumb","itemListElement":[{"@type":"ListItem","position":1,"name":"In\u00edcio","item":"https:\/\/sef-cpan.ufms.br\/vi\/"},{"@type":"ListItem","position":2,"name":"1\u00aa Circular"}]},{"@type":"WebSite","@id":"https:\/\/sef-cpan.ufms.br\/vi\/#website","url":"https:\/\/sef-cpan.ufms.br\/vi\/","name":"VI Semin\u00e1rio de Estudos Fronteiri\u00e7os \u2013 2017","description":"O VI Semin\u00e1rio de Estudos Fronteiri\u00e7os acontecer\u00e1 na cidade de Corumb\u00e1, no campus da Universidade Federal de Mato Grosso do Sul, em 10\/2017","potentialAction":[{"@type":"SearchAction","target":{"@type":"EntryPoint","urlTemplate":"https:\/\/sef-cpan.ufms.br\/vi\/?s={search_term_string}"},"query-input":"required name=search_term_string"}],"inLanguage":"pt-BR"},{"@type":"Person","@id":"https:\/\/sef-cpan.ufms.br\/vi\/#\/schema\/person\/ef0d221b3a604e593805ae968e952e00","name":"luciano.silva","image":{"@type":"ImageObject","inLanguage":"pt-BR","@id":"https:\/\/sef-cpan.ufms.br\/vi\/#\/schema\/person\/image\/","url":"https:\/\/secure.gravatar.com\/avatar\/f2d08cb1395953ee9cfdeee6ba26357c?s=96&d=mm&r=g","contentUrl":"https:\/\/secure.gravatar.com\/avatar\/f2d08cb1395953ee9cfdeee6ba26357c?s=96&d=mm&r=g","caption":"luciano.silva"},"url":"https:\/\/sef-cpan.ufms.br\/vi\/author\/luciano-silva\/"}]}},"_links":{"self":[{"href":"https:\/\/sef-cpan.ufms.br\/vi\/wp-json\/wp\/v2\/posts\/45"}],"collection":[{"href":"https:\/\/sef-cpan.ufms.br\/vi\/wp-json\/wp\/v2\/posts"}],"about":[{"href":"https:\/\/sef-cpan.ufms.br\/vi\/wp-json\/wp\/v2\/types\/post"}],"author":[{"embeddable":true,"href":"https:\/\/sef-cpan.ufms.br\/vi\/wp-json\/wp\/v2\/users\/1"}],"replies":[{"embeddable":true,"href":"https:\/\/sef-cpan.ufms.br\/vi\/wp-json\/wp\/v2\/comments?post=45"}],"version-history":[{"count":4,"href":"https:\/\/sef-cpan.ufms.br\/vi\/wp-json\/wp\/v2\/posts\/45\/revisions"}],"predecessor-version":[{"id":56,"href":"https:\/\/sef-cpan.ufms.br\/vi\/wp-json\/wp\/v2\/posts\/45\/revisions\/56"}],"wp:attachment":[{"href":"https:\/\/sef-cpan.ufms.br\/vi\/wp-json\/wp\/v2\/media?parent=45"}],"wp:term":[{"taxonomy":"category","embeddable":true,"href":"https:\/\/sef-cpan.ufms.br\/vi\/wp-json\/wp\/v2\/categories?post=45"},{"taxonomy":"post_tag","embeddable":true,"href":"https:\/\/sef-cpan.ufms.br\/vi\/wp-json\/wp\/v2\/tags?post=45"}],"curies":[{"name":"wp","href":"https:\/\/api.w.org\/{rel}","templated":true}]}}